{"id":165768,"date":"2022-12-24T16:58:05","date_gmt":"2022-12-24T13:58:05","guid":{"rendered":"https:\/\/www.enerjigazetesi.ist\/?p=165768"},"modified":"2022-12-24T16:58:41","modified_gmt":"2022-12-24T13:58:41","slug":"elektrik-dagitim-sektoru-antalyada-bulustu","status":"publish","type":"post","link":"https:\/\/www.enerjigazetesi.ist\/en\/elektrik-dagitim-sektoru-antalyada-bulustu\/","title":{"rendered":"(Turkish) Elektrik Da\u011f\u0131t\u0131m Sekt\u00f6r\u00fc Antalya\u2019da Bulu\u015ftu"},"content":{"rendered":"<p class=\"qtranxs-available-languages-message qtranxs-available-languages-message-en\">Sorry, this entry is only available in <a href=\"https:\/\/www.enerjigazetesi.ist\/tr\/wp-json\/wp\/v2\/posts\/165768\" class=\"qtranxs-available-language-link qtranxs-available-language-link-tr\" title=\"Turkish\">Turkish<\/a>. For the sake of viewer convenience, the content is shown below in the alternative language. You may click the link to switch the active language.<\/p><p><\/p>\n<h2><strong>TEDA\u015e Genel M\u00fcd\u00fcrl\u00fc\u011f\u00fc taraf\u0131ndan koordine edilen elektrik da\u011f\u0131t\u0131m sekt\u00f6r\u00fc bulu\u015fmalar\u0131n\u0131n ikincisi Akdeniz Elektrik Da\u011f\u0131t\u0131m A.\u015e (AEDA\u015e) ev sahipli\u011finde Antalya\u2019da yap\u0131ld\u0131. Toplant\u0131da, y\u0131l i\u00e7inde ger\u00e7ekle\u015ftirilen yat\u0131r\u0131mlar, k\u0131rsal b\u00f6lgelerdeki iyile\u015ftirmeler, GES projeleri, acil durum tedbirleri, \u00e7a\u011fr\u0131 merkezleri memnuniyeti anket sonu\u00e7lar\u0131 gibi konular ele al\u0131nd\u0131.<\/strong><\/h2>\n<p>T\u00fcrkiye Elektrik Da\u011f\u0131t\u0131m A.\u015e (TEDA\u015e) Genel M\u00fcd\u00fcrl\u00fc\u011f\u00fc taraf\u0131ndan koordine edilen \u201cII. Da\u011f\u0131t\u0131m Sekt\u00f6r\u00fc Bulu\u015fmas\u0131\u201d, 24 Aral\u0131k Cumartesi g\u00fcn\u00fc Akdeniz Elektrik Da\u011f\u0131t\u0131m A.\u015e. (AEDA\u015e)\u2019nin ev sahipli\u011finde Antalya\u2019da ger\u00e7ekle\u015ftirildi.<\/p>\n<p><img loading=\"lazy\" class=\"alignright wp-image-165771\" src=\"https:\/\/www.enerjigazetesi.ist\/wp-content\/uploads\/2022\/12\/elektrik-dagitim-sektoru-antalyada-bulustu-1.jpg\" alt=\"\" width=\"320\" height=\"214\" srcset=\"https:\/\/www.enerjigazetesi.ist\/wp-content\/uploads\/2022\/12\/elektrik-dagitim-sektoru-antalyada-bulustu-1.jpg 550w, https:\/\/www.enerjigazetesi.ist\/wp-content\/uploads\/2022\/12\/elektrik-dagitim-sektoru-antalyada-bulustu-1-300x200.jpg 300w, https:\/\/www.enerjigazetesi.ist\/wp-content\/uploads\/2022\/12\/elektrik-dagitim-sektoru-antalyada-bulustu-1-500x334.jpg 500w, https:\/\/www.enerjigazetesi.ist\/wp-content\/uploads\/2022\/12\/elektrik-dagitim-sektoru-antalyada-bulustu-1-75x50.jpg 75w, https:\/\/www.enerjigazetesi.ist\/wp-content\/uploads\/2022\/12\/elektrik-dagitim-sektoru-antalyada-bulustu-1-450x300.jpg 450w\" sizes=\"(max-width: 320px) 100vw, 320px\" \/>Toplant\u0131da, TEDA\u015e Genel M\u00fcd\u00fcr\u00fc \u00d6mer Sami Yap\u0131c\u0131, Enerji ve Tabii Kaynaklar Bakanl\u0131\u011f\u0131 (ETKB), Enerji Piyasas\u0131 D\u00fczenleme Kurumu (EPDK), Elektrik Da\u011f\u0131t\u0131m Hizmetleri Derne\u011fi (ELDER) ve T\u00fcrkiye genelinde hizmet veren 21 elektrik da\u011f\u0131t\u0131m \u015firketinin \u00fcst d\u00fczey y\u00f6neticileri sekt\u00f6r\u00fcn 2022 y\u0131l\u0131 \u00e7al\u0131\u015fmalar\u0131n\u0131 ve 2023 y\u0131l\u0131 planlamalar\u0131n\u0131 de\u011ferlendirdi.<\/p>\n<p>Akra Barut Otel\u2019de d\u00f6rt oturum halinde d\u00fczenlenen toplant\u0131n\u0131n a\u00e7\u0131l\u0131\u015f\u0131nda konu\u015fan TEDA\u015e Genel M\u00fcd\u00fcr\u00fc \u00d6mer Sami Yap\u0131c\u0131, Akdeniz Elektrik Da\u011f\u0131t\u0131m A.\u015e.\u2019 ye ev sahipli\u011fi i\u00e7in te\u015fekk\u00fcr etti. \u00a0Elektrik da\u011f\u0131t\u0131m sekt\u00f6r\u00fcn\u00fcn bu vesile ile bir araya gelmesinden duydu\u011fu memnuniyeti dile getiren Yap\u0131c\u0131, <em>\u201c\u0130lkini Ba\u015fkent EDA\u015e\u2019 \u0131n ev sahipli\u011fiyle ger\u00e7ekle\u015ftirdi\u011fimiz da\u011f\u0131t\u0131m sekt\u00f6r\u00fc bulu\u015fmalar\u0131n\u0131n ikincisinde, sekt\u00f6r\u00fcm\u00fcz\u00fcn de\u011ferli temsilcileriyle Antalya\u2019 da birlikte olman\u0131n mutlulu\u011funu ya\u015f\u0131yorum. Toplant\u0131m\u0131za kat\u0131l\u0131m sa\u011flayan Enerji ve Tabii Kaynaklar Bakanl\u0131\u011f\u0131 (ETKB), Enerji Piyasas\u0131 D\u00fczenleme Kurumu (EPDK), Elektrik Da\u011f\u0131t\u0131m Hizmetleri Derne\u011fi (ELDER), da\u011f\u0131t\u0131m \u015firketlerimizin \u00fcst d\u00fczey y\u00f6neticileri ile da\u011f\u0131t\u0131m sekt\u00f6r\u00fc bulu\u015fmam\u0131z\u0131n ikincisine ev sahipli\u011fi yapan Akdeniz Elektrik Da\u011f\u0131t\u0131m A.\u015e. (AEDA\u015e) y\u00f6neticilerine ve de\u011ferli \u00e7al\u0131\u015fanlar\u0131na Kurumum ve \u015fahs\u0131m ad\u0131na te\u015fekk\u00fcr ediyorum. Toplant\u0131m\u0131z\u0131n \u00fclkemiz ve sekt\u00f6r\u00fcm\u00fcz ad\u0131na hay\u0131rlara vesile olmas\u0131n\u0131 diliyorum.\u2019\u2019 <\/em>dedi.<\/p>\n<h3><strong>AC\u0130L DURUM TEDB\u0130RLER\u0130 DE ELE ALINDI<\/strong><\/h3>\n<p>Toplant\u0131n\u0131n sabahki b\u00f6l\u00fcm\u00fcnde Ekim 2022\u2019de Ankara\u2019da yap\u0131lan I. Da\u011f\u0131t\u0131m Sekt\u00f6r\u00fc Bulu\u015fmas\u0131\u2019nda ele al\u0131nan konularla ilgili at\u0131lan ad\u0131mlar de\u011ferlendirildi. Ard\u0131ndan 2022 y\u0131l\u0131 \u015febeke yat\u0131r\u0131m tavan ve ger\u00e7ekle\u015fmeleri, planl\u0131 bak\u0131mlar, k\u0131rsal \u015febeke yat\u0131r\u0131mlar\u0131 ve iyile\u015ftirme \u00e7al\u0131\u015fmalar\u0131, y\u0131l i\u00e7inde TEDA\u015e\u2019a yap\u0131lan proje onay ve kesin kabul ba\u015fvurular\u0131 ile <strong>2023 y\u0131l\u0131 planlamalar\u0131<\/strong> ele al\u0131nd\u0131.<\/p>\n<p>Toplant\u0131n\u0131n \u00f6\u011fleden sonraki oturumunda ise<em> g\u00fcne\u015f elektrik santralleri (GES) \u00e7a\u011fr\u0131 mektuplar\u0131, LED armat\u00fcr kullan\u0131m de\u011ferleri, ayd\u0131nlatma mobil takip uygulamas\u0131 sonu\u00e7lar\u0131, afet ve acil durum tedbirleri, EDA\u015e \u00c7a\u011fr\u0131 Merkezi Memnuniyeti Anket Sonu\u00e7lar\u0131, i\u015f sa\u011fl\u0131\u011f\u0131 ve g\u00fcvenli\u011fine y\u00f6nelik \u00e7al\u0131\u015fmalar<\/em> de\u011ferlendirildi.<\/p>","protected":false},"excerpt":{"rendered":"<p>Sorry, this entry is only available in Turkish. For the sake of viewer convenience, the content is shown below in the alternative language. You may click the link to switch the active language. TEDA\u015e Genel M\u00fcd\u00fcrl\u00fc\u011f\u00fc taraf\u0131ndan koordine edilen elektrik da\u011f\u0131t\u0131m sekt\u00f6r\u00fc bulu\u015fmalar\u0131n\u0131n ikincisi Akdeniz Elektrik Da\u011f\u0131t\u0131m A.\u015e (AEDA\u015e) ev sahipli\u011finde Antalya\u2019da yap\u0131ld\u0131. Toplant\u0131da, y\u0131l [&hellip;]<\/p>\n","protected":false},"author":1,"featured_media":165770,"comment_status":"open","ping_status":"open","sticky":false,"template":"","format":"standard","meta":[],"categories":[51,53],"tags":[100722,81730,15016,26353,106899],"views":66,"_links":{"self":[{"href":"https:\/\/www.enerjigazetesi.ist\/en\/wp-json\/wp\/v2\/posts\/165768"}],"collection":[{"href":"https:\/\/www.enerjigazetesi.ist\/en\/wp-json\/wp\/v2\/posts"}],"about":[{"href":"https:\/\/www.enerjigazetesi.ist\/en\/wp-json\/wp\/v2\/types\/post"}],"author":[{"embeddable":true,"href":"https:\/\/www.enerjigazetesi.ist\/en\/wp-json\/wp\/v2\/users\/1"}],"replies":[{"embeddable":true,"href":"https:\/\/www.enerjigazetesi.ist\/en\/wp-json\/wp\/v2\/comments?post=165768"}],"version-history":[{"count":0,"href":"https:\/\/www.enerjigazetesi.ist\/en\/wp-json\/wp\/v2\/posts\/165768\/revisions"}],"wp:featuredmedia":[{"embeddable":true,"href":"https:\/\/www.enerjigazetesi.ist\/en\/wp-json\/wp\/v2\/media\/165770"}],"wp:attachment":[{"href":"https:\/\/www.enerjigazetesi.ist\/en\/wp-json\/wp\/v2\/media?parent=165768"}],"wp:term":[{"taxonomy":"category","embeddable":true,"href":"https:\/\/www.enerjigazetesi.ist\/en\/wp-json\/wp\/v2\/categories?post=165768"},{"taxonomy":"post_tag","embeddable":true,"href":"https:\/\/www.enerjigazetesi.ist\/en\/wp-json\/wp\/v2\/tags?post=165768"}],"curies":[{"name":"wp","href":"https:\/\/api.w.org\/{rel}","templated":true}]}}