{"id":16575,"date":"2013-10-18T20:14:04","date_gmt":"2013-10-18T17:14:04","guid":{"rendered":"https:\/\/www.enerjigazetesi.ist\/?p=16575"},"modified":"2013-10-18T20:24:48","modified_gmt":"2013-10-18T17:24:48","slug":"komurun-enerji-uretimindeki-agirligi-artacak","status":"publish","type":"post","link":"https:\/\/www.enerjigazetesi.ist\/en\/komurun-enerji-uretimindeki-agirligi-artacak\/","title":{"rendered":"(Turkish) K\u00f6m\u00fcr\u00fcn Enerji \u00dcretimindeki A\u011f\u0131rl\u0131\u011f\u0131 Artacak!"},"content":{"rendered":"<p class=\"qtranxs-available-languages-message qtranxs-available-languages-message-en\">Sorry, this entry is only available in <a href=\"https:\/\/www.enerjigazetesi.ist\/tr\/wp-json\/wp\/v2\/posts\/16575\" class=\"qtranxs-available-language-link qtranxs-available-language-link-tr\" title=\"Turkish\">Turkish<\/a>. For the sake of viewer convenience, the content is shown below in the alternative language. You may click the link to switch the active language.<\/p><p><strong>\u0130klim de\u011fi\u015fikli\u011fi ile m\u00fccadele alan\u0131ndaki k\u00fcresel \u00e7abalara ve endi\u015felere\u00a0 kar\u015f\u0131n k\u00f6m\u00fcr\u00fcn d\u00fcnya enerji arz\u0131ndaki pay\u0131n\u0131n azalmamak ile birlikte daha da\u00a0 y\u00fckselece\u011fi ve 2020 y\u0131l\u0131nda en fazla kullan\u0131lan enerji kayna\u011f\u0131 haline gelece\u011fi\u00a0 \u00f6ng\u00f6r\u00fcld\u00fc.<\/strong><\/p>\n<p>Ara\u015ft\u0131rma ve dan\u0131\u015fmanl\u0131k kurulu\u015fu Wood Mackenzie&#8217;nin K\u00fcresel Pazarlar\u00a0 Ba\u015fkan\u0131 William Durbin taraf\u0131ndan G\u00fcney Kore&#8217;nin Daegu kentinde d\u00fczenlenen 22.\u00a0 Uluslararas\u0131 Enerji Kongresi&#8217;nde yap\u0131lan a\u00e7\u0131klamada bu durumun \u00c7in ve\u00a0 Hindistan&#8217;da g\u00f6r\u00fclecek geli\u015fmeler nedeni ile ger\u00e7eke\u015fece\u011fi ifade edildi.<\/p>\n<p>Durbin burada yapt\u0131\u011f\u0131 konu\u015fmada 2000 y\u0131l\u0131nda k\u00fcresel petrol talebinin 3,500\u00a0 milyon ton petrol e\u015fde\u011feri (mtep) iken k\u00f6m\u00fcr talebinin 2,300 mtep oldu\u011funu, bu\u00a0 rakamlar\u0131n 2010 y\u0131l\u0131nda petrol i\u00e7in 4,000 mtep&#8217;e, k\u00f6m\u00fcr i\u00e7in ise 3,600 mtep&#8217;e\u00a0 y\u00fckseldi\u011fi bilgisini verdi. William Durbin Wood Mackenzie olarak 2020 y\u0131l\u0131nda\u00a0 ise k\u00fcresel petrol talebinin 4,400 mtep seviyesine y\u00fckselirken, k\u00f6m\u00fcr talebinin\u00a0 ise pet<a href=\"https:\/\/www.enerjigazetesi.ist\/wp-content\/uploads\/2013\/09\/yerli-komurun-elektrik-uretimindeki-payi-dustu.jpg\"><img loading=\"lazy\" class=\"alignleft size-medium wp-image-15013\" title=\"komurden-elektrik-uretimi\" src=\"https:\/\/www.enerjigazetesi.ist\/wp-content\/uploads\/2013\/09\/yerli-komurun-elektrik-uretimindeki-payi-dustu-300x203.jpg\" alt=\"\" width=\"300\" height=\"203\" srcset=\"https:\/\/www.enerjigazetesi.ist\/wp-content\/uploads\/2013\/09\/yerli-komurun-elektrik-uretimindeki-payi-dustu-300x203.jpg 300w, https:\/\/www.enerjigazetesi.ist\/wp-content\/uploads\/2013\/09\/yerli-komurun-elektrik-uretimindeki-payi-dustu-73x50.jpg 73w, https:\/\/www.enerjigazetesi.ist\/wp-content\/uploads\/2013\/09\/yerli-komurun-elektrik-uretimindeki-payi-dustu.jpg 460w\" sizes=\"(max-width: 300px) 100vw, 300px\" \/><\/a>rol\u00fc de ge\u00e7erek 4,500 mtep seviyesine y\u00fckselmesini \u00f6ng\u00f6rd\u00fcklerini\u00a0 s\u00f6yledi.<\/p>\n<p>Durbin bunun 10 y\u0131l i\u00e7inde k\u00fcresel k\u00f6m\u00fcr talebinin y\u00fczde 25 y\u00fckselmesi\u00a0 anlam\u0131na gelece\u011fini s\u00f6ylerken, bu art\u0131\u015f\u0131n 3&#8217;te iki oranda \u00c7in&#8217;den\u00a0 kaynaklanaca\u011f\u0131n\u0131 kaydetti.<\/p>\n<p>Durbin konu\u015fmas\u0131nda \u00c7in&#8217;de sanayile\u015fme ve \u015fehirle\u015fme a\u011f\u0131rl\u0131kl\u0131 olarak\u00a0 ger\u00e7ekle\u015fen b\u00fcy\u00fcme ile h\u00fck\u00fcmetin ekonomik olankalar\u0131 ve konutla\u015fmay\u0131 art\u0131rmaya\u00a0 y\u00f6nelik \u00e7abalar\u0131na dikkat \u00e7ekerken, \u00fclkenin 2012&#8217;de 5,500 Teravat-Saat olan\u00a0 elektrik talebinin 2020 y\u0131l\u0131nda 8,600 Teravat-Saat seviyesine \u00e7\u0131kaca\u011f\u0131n\u0131 \u00f6ng\u00f6rd\u00fcklerini belirtti.<\/p>\n<p>Kurulu\u015fun \u00f6ng\u00f6r\u00fclerine g\u00f6re \u00c7in&#8217;de do\u011fal gaz kaynaklar\u0131n\u0131n s\u0131n\u0131rl\u0131 olmas\u0131, kaya gaz\u0131 alan\u0131ndaki ilerlemelerin ise yava\u015f ilerlemesi ayr\u0131ca yenilenebilir enerji santrallerinin baz y\u00fck\u00fc kar\u015f\u0131lamakta yetersiz kalmas\u0131 gibi etkenler ucuz ve bol bir enerji kayna\u011f\u0131 olarak k\u00f6m\u00fcr\u00fcn enerji \u00fcretimindeki pay\u0131n\u0131n artmas\u0131na\u00a0 neden olacak.<\/p>\n<p>K\u00f6m\u00fcr fiyatlar\u0131n\u0131n ucuzlu\u011fu, \u00c7in ve Hindistan d\u0131\u015f\u0131ndaki \u00fclkelerde de, mevcut\u00a0 d\u00fczenlemeler alt\u0131nda, do\u011fal gaz ve yenilenebilir enerji alan\u0131ndaki yeni \u00fcretim\u00a0 kapasitelerine ra\u011fmen bu kayna\u011f\u0131n enerji \u00fcretimindeki mevcut pay\u0131n\u0131n s\u00fcrmesine neden olacak.<\/p>\n<p>Avrupa&#8217;da 2020 y\u0131l\u0131ndan ton ba\u015f\u0131na 40 avro seviyesine y\u00fckselmesi beklenmeyen\u00a0 karbon fiyatlar\u0131ndaki d\u00fc\u015f\u00fckl\u00fck, Kuzey Amerika do\u011fal gaz fiyatlar\u0131ndaki azalmaya\u00a0 ra\u011fmen bir\u00e7ok b\u00f6lgede k\u00f6m\u00fcr\u00fcn fiyat avantaj\u0131n\u0131 s\u00fcrd\u00fcrecek olmas\u0131, kuzeydo\u011fu\u00a0 Asya&#8217;daki y\u00fcksek ithalat maliyetleri, arz g\u00fcvenli\u011fi konusu ve n\u00fckleer enerjinin\u00a0 kullan\u0131m\u0131 konusundaki geli\u015fmeler bu durumdaki ana etkenler olacak.<\/p>\n<p>Kaynak: <a href=\"http:\/\/www.yesilekonomi.com\/surdurulebilirlik\/komurun-enerji-uretimindeki-agirligi-artacak\" target=\"_blank\">Ye\u015fil Ekonomi<\/a><\/p>","protected":false},"excerpt":{"rendered":"<p>Sorry, this entry is only available in Turkish. For the sake of viewer convenience, the content is shown below in the alternative language. You may click the link to switch the active language.\u0130klim de\u011fi\u015fikli\u011fi ile m\u00fccadele alan\u0131ndaki k\u00fcresel \u00e7abalara ve endi\u015felere\u00a0 kar\u015f\u0131n k\u00f6m\u00fcr\u00fcn d\u00fcnya enerji arz\u0131ndaki pay\u0131n\u0131n azalmamak ile birlikte daha da\u00a0 y\u00fckselece\u011fi ve 2020 [&hellip;]<\/p>\n","protected":false},"author":1,"featured_media":15013,"comment_status":"open","ping_status":"open","sticky":false,"template":"","format":"standard","meta":[],"categories":[53],"tags":[886,2990,9657,63,67,1009,1714,165,18,4034,4531,1675,9662,9661,9660,9656,9659,9658],"views":628,"_links":{"self":[{"href":"https:\/\/www.enerjigazetesi.ist\/en\/wp-json\/wp\/v2\/posts\/16575"}],"collection":[{"href":"https:\/\/www.enerjigazetesi.ist\/en\/wp-json\/wp\/v2\/posts"}],"about":[{"href":"https:\/\/www.enerjigazetesi.ist\/en\/wp-json\/wp\/v2\/types\/post"}],"author":[{"embeddable":true,"href":"https:\/\/www.enerjigazetesi.ist\/en\/wp-json\/wp\/v2\/users\/1"}],"replies":[{"embeddable":true,"href":"https:\/\/www.enerjigazetesi.ist\/en\/wp-json\/wp\/v2\/comments?post=16575"}],"version-history":[{"count":3,"href":"https:\/\/www.enerjigazetesi.ist\/en\/wp-json\/wp\/v2\/posts\/16575\/revisions"}],"predecessor-version":[{"id":16581,"href":"https:\/\/www.enerjigazetesi.ist\/en\/wp-json\/wp\/v2\/posts\/16575\/revisions\/16581"}],"wp:featuredmedia":[{"embeddable":true,"href":"https:\/\/www.enerjigazetesi.ist\/en\/wp-json\/wp\/v2\/media\/15013"}],"wp:attachment":[{"href":"https:\/\/www.enerjigazetesi.ist\/en\/wp-json\/wp\/v2\/media?parent=16575"}],"wp:term":[{"taxonomy":"category","embeddable":true,"href":"https:\/\/www.enerjigazetesi.ist\/en\/wp-json\/wp\/v2\/categories?post=16575"},{"taxonomy":"post_tag","embeddable":true,"href":"https:\/\/www.enerjigazetesi.ist\/en\/wp-json\/wp\/v2\/tags?post=16575"}],"curies":[{"name":"wp","href":"https:\/\/api.w.org\/{rel}","templated":true}]}}