{"id":165745,"date":"2022-12-24T11:58:13","date_gmt":"2022-12-24T08:58:13","guid":{"rendered":"https:\/\/www.enerjigazetesi.ist\/?p=165745"},"modified":"2022-12-24T11:58:13","modified_gmt":"2022-12-24T08:58:13","slug":"10-kasim-filmi-ndeki-cam-ataturk-portresi-rahmi-m-koc-muzesi-nde-sergilenecek","status":"publish","type":"post","link":"https:\/\/www.enerjigazetesi.ist\/en\/10-kasim-filmi-ndeki-cam-ataturk-portresi-rahmi-m-koc-muzesi-nde-sergilenecek\/","title":{"rendered":"(Turkish) 10 Kas\u0131m Filmi\u2019ndeki Cam Atat\u00fcrk Portresi Rahmi M. Ko\u00e7 M\u00fczesinde Sergilenecek"},"content":{"rendered":"<p class=\"qtranxs-available-languages-message qtranxs-available-languages-message-en\">Sorry, this entry is only available in <a href=\"https:\/\/www.enerjigazetesi.ist\/tr\/wp-json\/wp\/v2\/posts\/165745\" class=\"qtranxs-available-language-link qtranxs-available-language-link-tr\" title=\"Turkish\">Turkish<\/a>. For the sake of viewer convenience, the content is shown below in the alternative language. You may click the link to switch the active language.<\/p><p><\/p>\n<h2><strong>\u015ei\u015fecam\u2019\u0131n, Ulu \u00d6nder Mustafa Kemal Atat\u00fcrk\u2019\u00fc and\u0131\u011f\u0131 10 Kas\u0131m \u201cParampar\u00e7a\u201d filmindeki cam Atat\u00fcrk portresi Rahmi M. Ko\u00e7 M\u00fczesi\u2019nde sergilenecek.<\/strong><\/h2>\n<p style=\"text-align: center;\"><img loading=\"lazy\" class=\"aligncenter size-full wp-image-165749\" src=\"https:\/\/www.enerjigazetesi.ist\/wp-content\/uploads\/2022\/12\/10-kasim-filmi-ndeki-cam-ataturk-portresi-rahmi-m-koc-muzesi-nde-sergilenecek-1.jpg\" alt=\"\" width=\"480\" height=\"480\" srcset=\"https:\/\/www.enerjigazetesi.ist\/wp-content\/uploads\/2022\/12\/10-kasim-filmi-ndeki-cam-ataturk-portresi-rahmi-m-koc-muzesi-nde-sergilenecek-1.jpg 480w, https:\/\/www.enerjigazetesi.ist\/wp-content\/uploads\/2022\/12\/10-kasim-filmi-ndeki-cam-ataturk-portresi-rahmi-m-koc-muzesi-nde-sergilenecek-1-300x300.jpg 300w, https:\/\/www.enerjigazetesi.ist\/wp-content\/uploads\/2022\/12\/10-kasim-filmi-ndeki-cam-ataturk-portresi-rahmi-m-koc-muzesi-nde-sergilenecek-1-150x150.jpg 150w, https:\/\/www.enerjigazetesi.ist\/wp-content\/uploads\/2022\/12\/10-kasim-filmi-ndeki-cam-ataturk-portresi-rahmi-m-koc-muzesi-nde-sergilenecek-1-400x400.jpg 400w, https:\/\/www.enerjigazetesi.ist\/wp-content\/uploads\/2022\/12\/10-kasim-filmi-ndeki-cam-ataturk-portresi-rahmi-m-koc-muzesi-nde-sergilenecek-1-50x50.jpg 50w, https:\/\/www.enerjigazetesi.ist\/wp-content\/uploads\/2022\/12\/10-kasim-filmi-ndeki-cam-ataturk-portresi-rahmi-m-koc-muzesi-nde-sergilenecek-1-100x100.jpg 100w\" sizes=\"(max-width: 480px) 100vw, 480px\" \/><\/p>\n<p><strong>Cam\u0131 \u00e7eki\u00e7 darbeleriyle k\u0131rarak,<\/strong> yaratt\u0131\u011f\u0131 portrelerle tan\u0131nan \u0130svi\u00e7reli \u00e7a\u011fda\u015f g\u00f6rsel sanat\u00e7\u0131s\u0131 <strong>Simon Berger<\/strong>\u2019in, <strong>4028 \u00e7eki\u00e7 darbesiyle<\/strong> yaratt\u0131\u011f\u0131 <strong>Atat\u00fcrk portresi<\/strong>, <strong>22 Aral\u0131k 2022 \u2013 31 Mart 2023 tarihleri<\/strong> aras\u0131nda sanatseverlerle bulu\u015facak.<\/p>\n<p>Mustafa Kemal Atat\u00fcrk\u2019\u00fcn direktifleriyle 1935 y\u0131l\u0131nda temelleri at\u0131lan \u015ei\u015fecam\u2019\u0131n, 10 Kas\u0131m\u2019da Kurucusu Ulu \u00d6nder\u2019i anmak i\u00e7in haz\u0131rlad\u0131\u011f\u0131 <strong>\u201cParampar\u00e7a\u201d filminde<\/strong> hayat bulan Atat\u00fcrk portresi b\u00fcy\u00fck ilgi g\u00f6rm\u00fc\u015ft\u00fc.<\/p>\n<p>\u0130svi\u00e7reli \u00e7a\u011fda\u015f g\u00f6rsel sanat\u00e7\u0131s\u0131 Simon Berger taraf\u0131ndan 4028 \u00e7eki\u00e7 darbesiyle yarat\u0131lan camdan Atat\u00fcrk portresini yak\u0131ndan g\u00f6rmek isteyenler i\u00e7in eser<strong>,\u00a022 Aral\u0131k 2022 \u2013 31 Mart 2023\u00a0<\/strong>tarihleri aras\u0131nda<strong> Rahmi M. Ko\u00e7 M\u00fczesi\u2019nde<\/strong> sergilenecek.<\/p>","protected":false},"excerpt":{"rendered":"<p>Sorry, this entry is only available in Turkish. For the sake of viewer convenience, the content is shown below in the alternative language. You may click the link to switch the active language. \u015ei\u015fecam\u2019\u0131n, Ulu \u00d6nder Mustafa Kemal Atat\u00fcrk\u2019\u00fc and\u0131\u011f\u0131 10 Kas\u0131m \u201cParampar\u00e7a\u201d filmindeki cam Atat\u00fcrk portresi Rahmi M. Ko\u00e7 M\u00fczesi\u2019nde sergilenecek. Cam\u0131 \u00e7eki\u00e7 darbeleriyle [&hellip;]<\/p>\n","protected":false},"author":1,"featured_media":165748,"comment_status":"open","ping_status":"open","sticky":false,"template":"","format":"standard","meta":[],"categories":[53,52],"tags":[106895,103541,76792],"views":93,"_links":{"self":[{"href":"https:\/\/www.enerjigazetesi.ist\/en\/wp-json\/wp\/v2\/posts\/165745"}],"collection":[{"href":"https:\/\/www.enerjigazetesi.ist\/en\/wp-json\/wp\/v2\/posts"}],"about":[{"href":"https:\/\/www.enerjigazetesi.ist\/en\/wp-json\/wp\/v2\/types\/post"}],"author":[{"embeddable":true,"href":"https:\/\/www.enerjigazetesi.ist\/en\/wp-json\/wp\/v2\/users\/1"}],"replies":[{"embeddable":true,"href":"https:\/\/www.enerjigazetesi.ist\/en\/wp-json\/wp\/v2\/comments?post=165745"}],"version-history":[{"count":0,"href":"https:\/\/www.enerjigazetesi.ist\/en\/wp-json\/wp\/v2\/posts\/165745\/revisions"}],"wp:featuredmedia":[{"embeddable":true,"href":"https:\/\/www.enerjigazetesi.ist\/en\/wp-json\/wp\/v2\/media\/165748"}],"wp:attachment":[{"href":"https:\/\/www.enerjigazetesi.ist\/en\/wp-json\/wp\/v2\/media?parent=165745"}],"wp:term":[{"taxonomy":"category","embeddable":true,"href":"https:\/\/www.enerjigazetesi.ist\/en\/wp-json\/wp\/v2\/categories?post=165745"},{"taxonomy":"post_tag","embeddable":true,"href":"https:\/\/www.enerjigazetesi.ist\/en\/wp-json\/wp\/v2\/tags?post=165745"}],"curies":[{"name":"wp","href":"https:\/\/api.w.org\/{rel}","templated":true}]}}