{"id":16573,"date":"2013-10-18T20:02:37","date_gmt":"2013-10-18T17:02:37","guid":{"rendered":"https:\/\/www.enerjigazetesi.ist\/?p=16573"},"modified":"2013-10-18T20:25:05","modified_gmt":"2013-10-18T17:25:05","slug":"japonyada-deprem-sonrasi-nukleer-patlama-icin-tatbikat-yapildi","status":"publish","type":"post","link":"https:\/\/www.enerjigazetesi.ist\/en\/japonyada-deprem-sonrasi-nukleer-patlama-icin-tatbikat-yapildi\/","title":{"rendered":"(Turkish) Japonya\u2019da Deprem Sonras\u0131 N\u00fckleer Patlama \u0130\u00e7in Tatbikat Yap\u0131ld\u0131&#8230;"},"content":{"rendered":"<p class=\"qtranxs-available-languages-message qtranxs-available-languages-message-en\">Sorry, this entry is only available in <a href=\"https:\/\/www.enerjigazetesi.ist\/tr\/wp-json\/wp\/v2\/posts\/16573\" class=\"qtranxs-available-language-link qtranxs-available-language-link-tr\" title=\"Turkish\">Turkish<\/a>. For the sake of viewer convenience, the content is shown below in the alternative language. You may click the link to switch the active language.<\/p><p><strong>Japonlar, Richter \u00f6l\u00e7e\u011fine g\u00f6re 8 derecelik olas\u0131 bir deprem sonras\u0131 n\u00fckleer santrallerde ya\u015fanabilecek g\u00fcvenlik sorunlar\u0131n\u0131 de\u011ferlendirmek \u00fczere kapsaml\u0131 bir tatbikat ger\u00e7ekle\u015ftirdi. Bu, Fuku\u015fima facias\u0131ndan sonra d\u00fczenlenen ilk b\u00fcy\u00fck tatbikatt\u0131.<a href=\"https:\/\/www.enerjigazetesi.ist\/wp-content\/uploads\/2013\/04\/fukusima-nukleer-santralinde-yine-ariza_5975638962-505x252.gif\"><img loading=\"lazy\" class=\"alignright size-medium wp-image-10005\" title=\"nukleer-santral\" src=\"https:\/\/www.enerjigazetesi.ist\/wp-content\/uploads\/2013\/04\/fukusima-nukleer-santralinde-yine-ariza_5975638962-505x252-300x175.gif\" alt=\"\" width=\"300\" height=\"175\" srcset=\"https:\/\/www.enerjigazetesi.ist\/wp-content\/uploads\/2013\/04\/fukusima-nukleer-santralinde-yine-ariza_5975638962-505x252-300x175.gif 300w, https:\/\/www.enerjigazetesi.ist\/wp-content\/uploads\/2013\/04\/fukusima-nukleer-santralinde-yine-ariza_5975638962-505x252-80x46.gif 80w, https:\/\/www.enerjigazetesi.ist\/wp-content\/uploads\/2013\/04\/fukusima-nukleer-santralinde-yine-ariza_5975638962-505x252.gif 430w\" sizes=\"(max-width: 300px) 100vw, 300px\" \/><\/a><\/strong><\/p>\n<p>3300 dolay\u0131nda kat\u0131l\u0131mc\u0131, iki g\u00fcn boyunca di\u011fer kurtarma \u00e7al\u0131\u015fmalar\u0131n\u0131n yan\u0131 s\u0131ra, deprem nedeniyle bir n\u00fckleer santralde meydana gelebilecek patlaman\u0131n provas\u0131n\u0131 yapt\u0131.<\/p>\n<p>\u00dclkenin ba\u015fbakan\u0131 \u015einzo Abe, h\u00fck\u00fcmletin bakanlar\u0131 ve N\u00fckleer D\u00fczenleme Y\u00fcksek Kurulu \u00fcyeleri tatbikata kat\u0131lanlar aras\u0131ndayd\u0131.<\/p>\n<p>Tatbikat\u0131n ikinci g\u00fcn\u00fc ba\u015fbakan Abe, n\u00fckleer faciay\u0131 bas\u0131n toplant\u0131s\u0131yla kamuoyuna a\u00e7\u0131klaman\u0131n da provas\u0131n\u0131 yapt\u0131.<\/p>\n<p>Tatbikat \u00fclkenin g\u00fcney ucundaki Kago\u015fima vilayetinde bulunan Sendai n\u00fckleer santrali ve \u00e7evresinde yap\u0131ld\u0131. \u0130kinci g\u00fcn ba\u015fbakan Abe\u2019n\u0131n ba\u015fkentteki resmi konutu da bu g\u00fcvenlik etkinli\u011fine dahil edildi.<\/p>\n<p>Kaynak: <a href=\"http:\/\/enerjienstitusu.com\/2013\/10\/14\/japonyada-deprem-sonrasi-nukleer-patlama-icin-tatbikat-yapildi\/\" target=\"_blank\">Enerji Enstit\u00fcs\u00fc<\/a><\/p>","protected":false},"excerpt":{"rendered":"<p>Sorry, this entry is only available in Turkish. For the sake of viewer convenience, the content is shown below in the alternative language. You may click the link to switch the active language.Japonlar, Richter \u00f6l\u00e7e\u011fine g\u00f6re 8 derecelik olas\u0131 bir deprem sonras\u0131 n\u00fckleer santrallerde ya\u015fanabilecek g\u00fcvenlik sorunlar\u0131n\u0131 de\u011ferlendirmek \u00fczere kapsaml\u0131 bir tatbikat ger\u00e7ekle\u015ftirdi. Bu, Fuku\u015fima [&hellip;]<\/p>\n","protected":false},"author":1,"featured_media":10005,"comment_status":"open","ping_status":"open","sticky":false,"template":"","format":"standard","meta":[],"categories":[53,43],"tags":[63,67,1009,165,1547,71,21,9655,9654],"views":1926,"_links":{"self":[{"href":"https:\/\/www.enerjigazetesi.ist\/en\/wp-json\/wp\/v2\/posts\/16573"}],"collection":[{"href":"https:\/\/www.enerjigazetesi.ist\/en\/wp-json\/wp\/v2\/posts"}],"about":[{"href":"https:\/\/www.enerjigazetesi.ist\/en\/wp-json\/wp\/v2\/types\/post"}],"author":[{"embeddable":true,"href":"https:\/\/www.enerjigazetesi.ist\/en\/wp-json\/wp\/v2\/users\/1"}],"replies":[{"embeddable":true,"href":"https:\/\/www.enerjigazetesi.ist\/en\/wp-json\/wp\/v2\/comments?post=16573"}],"version-history":[{"count":3,"href":"https:\/\/www.enerjigazetesi.ist\/en\/wp-json\/wp\/v2\/posts\/16573\/revisions"}],"predecessor-version":[{"id":16583,"href":"https:\/\/www.enerjigazetesi.ist\/en\/wp-json\/wp\/v2\/posts\/16573\/revisions\/16583"}],"wp:featuredmedia":[{"embeddable":true,"href":"https:\/\/www.enerjigazetesi.ist\/en\/wp-json\/wp\/v2\/media\/10005"}],"wp:attachment":[{"href":"https:\/\/www.enerjigazetesi.ist\/en\/wp-json\/wp\/v2\/media?parent=16573"}],"wp:term":[{"taxonomy":"category","embeddable":true,"href":"https:\/\/www.enerjigazetesi.ist\/en\/wp-json\/wp\/v2\/categories?post=16573"},{"taxonomy":"post_tag","embeddable":true,"href":"https:\/\/www.enerjigazetesi.ist\/en\/wp-json\/wp\/v2\/tags?post=16573"}],"curies":[{"name":"wp","href":"https:\/\/api.w.org\/{rel}","templated":true}]}}