{"id":165698,"date":"2022-12-23T14:12:42","date_gmt":"2022-12-23T11:12:42","guid":{"rendered":"https:\/\/www.enerjigazetesi.ist\/?p=165698"},"modified":"2022-12-23T14:25:37","modified_gmt":"2022-12-23T11:25:37","slug":"elektrik-fiyatlari-gunes-panellerine-talebi-artirdi","status":"publish","type":"post","link":"https:\/\/www.enerjigazetesi.ist\/en\/elektrik-fiyatlari-gunes-panellerine-talebi-artirdi\/","title":{"rendered":"(Turkish) Elektrik Fiyatlar\u0131 &#8216;G\u00fcne\u015f Panelleri&#8217;ne Talebi Art\u0131rd\u0131"},"content":{"rendered":"<p class=\"qtranxs-available-languages-message qtranxs-available-languages-message-en\">Sorry, this entry is only available in <a href=\"https:\/\/www.enerjigazetesi.ist\/tr\/wp-json\/wp\/v2\/posts\/165698\" class=\"qtranxs-available-language-link qtranxs-available-language-link-tr\" title=\"Turkish\">Turkish<\/a>. For the sake of viewer convenience, the content is shown below in the alternative language. You may click the link to switch the active language.<\/p><p><\/p>\n<h2><strong>K\u00fcresel \u00e7apta ya\u015fanan enerji krizi, elektrik fiyatlar\u0131n\u0131n artmas\u0131na yol a\u00e7\u0131yor. Faturalar\u0131n masraf y\u00fck\u00fcnden ar\u0131nmak ve s\u00fcrd\u00fcr\u00fclebilir bir ya\u015fam olu\u015fturmak isteyenler, \u00e7\u00f6z\u00fcm\u00fc g\u00fcne\u015f enerjisinde buluyor. Ba\u011f\u0131ms\u0131z enerji dan\u0131\u015fmanl\u0131k \u015firketi Piagrid.com\u2019un ger\u00e7ekle\u015ftirdi\u011fi analiz ise internette g\u00fcne\u015f enerjisi i\u00e7in yap\u0131lan aramalar\u0131n 10 y\u0131l\u0131n en y\u00fcksek seviyesine ula\u015ft\u0131\u011f\u0131na i\u015faret ediyor. Bunlar\u0131n aras\u0131nda konut \u00e7at\u0131s\u0131n\u0131 de\u011ferlendirmek i\u00e7in g\u00fcne\u015f enerjisi hakk\u0131nda bilgi almak isteyenlerin %40 ile en b\u00fcy\u00fck paya sahip oldu\u011fu kaydedilirken, s\u0131ralamay\u0131 %38 ile arazisini g\u00fcne\u015f santraline \u00e7evirmek isteyenler takip ediyor.<\/strong><\/h2>\n<p><img loading=\"lazy\" class=\"aligncenter wp-image-165701\" src=\"https:\/\/www.enerjigazetesi.ist\/wp-content\/uploads\/2022\/12\/elektrik-fiyatlari-gunes-panellerine-talebi-artirdi-2.jpg\" alt=\"\" width=\"500\" height=\"223\" srcset=\"https:\/\/www.enerjigazetesi.ist\/wp-content\/uploads\/2022\/12\/elektrik-fiyatlari-gunes-panellerine-talebi-artirdi-2.jpg 550w, https:\/\/www.enerjigazetesi.ist\/wp-content\/uploads\/2022\/12\/elektrik-fiyatlari-gunes-panellerine-talebi-artirdi-2-300x134.jpg 300w, https:\/\/www.enerjigazetesi.ist\/wp-content\/uploads\/2022\/12\/elektrik-fiyatlari-gunes-panellerine-talebi-artirdi-2-500x223.jpg 500w, https:\/\/www.enerjigazetesi.ist\/wp-content\/uploads\/2022\/12\/elektrik-fiyatlari-gunes-panellerine-talebi-artirdi-2-80x36.jpg 80w\" sizes=\"(max-width: 500px) 100vw, 500px\" \/><\/p>\n<p>D\u00fcnya genelinde ya\u015fanan geli\u015fmelerden dolay\u0131 ortaya \u00e7\u0131kan enerji krizinin g\u00fcn ge\u00e7tik\u00e7e b\u00fcy\u00fcmesiyle birlikte elektrik fiyatlar\u0131 da y\u00fckseliyor. <a href=\"https:\/\/www.statista.com\/statistics\/263492\/electricity-prices-in-selected-countries\/\">Statista<\/a>\u2019n\u0131n a\u00e7\u0131klad\u0131\u011f\u0131 verilere g\u00f6re vergiler dahil olmak \u00fczere vatanda\u015flar\u0131n elektrik i\u00e7in en \u00e7ok \u00fccret \u00f6dedi\u011fi \u00fclkelerinde ba\u015f\u0131nda <strong>Danimarka<\/strong> ve<strong> Almanya<\/strong> gelirken, s\u0131ralamay\u0131 <strong>\u0130spanya, \u0130ngiltere<\/strong> ve <strong>\u0130talya<\/strong> takip ediyor. Altyap\u0131, co\u011frafya ve politik hususlara ba\u011fl\u0131 olarak elektrik fiyatlar\u0131n\u0131n y\u00fck\u00fcnden ar\u0131nmak, bunun yan\u0131 s\u0131ra s\u00fcrd\u00fcr\u00fclebilir ve ferah bir ya\u015fam olu\u015fturmak isteyenler ise \u00e7\u00f6z\u00fcm\u00fc <strong>g\u00fcne\u015f enerjisi panellerinde<\/strong> buldu. Ba\u011f\u0131ms\u0131z enerji dan\u0131\u015fmanl\u0131k \u015firketi Piagrid.com\u2019un analizi internette g\u00fcne\u015f enerjisi i\u00e7in yap\u0131lan aramalar\u0131n 10 y\u0131l\u0131n en y\u00fcksek seviyesine ula\u015ft\u0131\u011f\u0131n\u0131 g\u00f6steriyor.<\/p>\n<h3><strong>G\u00fcne\u015f enerjisine duyulan ilgi bir \u00f6nceki y\u0131la k\u0131yasla %30 artt\u0131<\/strong><\/h3>\n<p>Enerji fiyatlar\u0131n\u0131n bir\u00e7ok \u00fclkede y\u00fcksek seviyelerde seyretmesi, hem t\u00fcketicileri hem de sanayicileri s\u00fcrd\u00fcr\u00fclebilir bir kaynak olan g\u00fcne\u015f enerjisine y\u00f6nlendiriyor. Piagrid.com\u2019un ara\u015ft\u0131rmas\u0131ndan edinilen bilgilerden hareketle 2022\u2019de g\u00fcne\u015f enerjisine duyulan ilginin bir \u00f6nceki y\u0131la k\u0131yasla %30 artt\u0131\u011f\u0131 ve bu konuyu ara\u015ft\u0131ranlar aras\u0131nda konut \u00e7at\u0131s\u0131n\u0131 de\u011ferlendirmek i\u00e7in g\u00fcne\u015f enerjisi hakk\u0131nda bilgi almak isteyenlerin %40 ile en b\u00fcy\u00fck paya sahip oldu\u011fu kaydediliyor. S\u0131ralamay\u0131 %38 ile arazisini g\u00fcne\u015f santraline \u00e7evirmek isteyenler takip ederken, en \u00e7ok ara\u015ft\u0131r\u0131lan konular\u0131n ba\u015f\u0131nda ise enerji destek ve te\u015fvikleri ile ev i\u00e7in g\u00fcne\u015f paneli fiyatlar\u0131 yer al\u0131yor. G\u00fcne\u015f panellerine ili\u015fkin talepte konutlar\u0131 ve g\u00fcne\u015f tarlas\u0131 olu\u015fturmak isteyen yat\u0131r\u0131mc\u0131lar\u0131 %15 pay ile KOB\u0130 ve sanayiler, %6 pay ile de tar\u0131m ve hayvanc\u0131l\u0131k i\u015fletmecileri takip ediyor.<\/p>\n<h3><strong>\u201cEnerjide kendi kendine yetebilen bir \u00fclke olmam\u0131z \u015fart\u201d<\/strong><\/h3>\n<p>T\u00fcketicilerin g\u00fcne\u015f panellerine ilgisi y\u00fcksek olsa da artan fiyatlar\u0131n t\u00fcketiciyi d\u00fc\u015f\u00fcnd\u00fcrd\u00fc\u011f\u00fcn\u00fc ve harekete ge\u00e7mek konusunda yava\u015flatt\u0131\u011f\u0131n\u0131 belirten <strong>Piagrid.com Kurucusu Dr. G\u00f6k\u00e7e Tekin Turhan<\/strong>, konuya dair d\u00fc\u015f\u00fcncelerini \u015fu s\u00f6zlerle payla\u015ft\u0131: <em>\u201cEnerji tedariki ve fiyatlar\u0131 hakk\u0131nda \u00fclkemize mercek tuttu\u011fumuzda, globaldekine benzer bir tabloyla kar\u015f\u0131la\u015f\u0131yoruz. T\u00fcrkiye&#8217;nin d\u0131\u015f ticaret a\u00e7\u0131\u011f\u0131ndaki en b\u00fcy\u00fck kalemin enerji oldu\u011funu g\u00f6r\u00fcyoruz. Bu a\u00e7\u0131\u011f\u0131n kapat\u0131labilmesi i\u00e7in enerji konusunda kendi kendine yetebilen bir \u00fclke haline gelmemiz gerekiyor.\u201d<\/em><\/p>\n<h3><strong>2022\u2019deki g\u00fcne\u015f enerjisi te\u015fvik paketleri talepleri 2 kat art\u0131rd\u0131<\/strong><\/h3>\n<p>Hizmetlerine hen\u00fcz ba\u015flam\u0131\u015f bir \u015firket olmalar\u0131na ra\u011fmen, \u015firketlerini internet aramalar\u0131nda bulan ki\u015fi ve kurumlardan yo\u011fun talep ald\u0131klar\u0131n\u0131n alt\u0131n\u0131 \u00e7izen Dr. G\u00f6k\u00e7e Tekin Turhan, <em>\u201c\u015eu an g\u00fcne\u015f enerjisi gibi yenilenebilir enerji yat\u0131r\u0131mlar\u0131nda t\u00fcketici talebinin yo\u011fun oldu\u011fu bir d\u00f6nemdeyiz. Bu ki\u015filerin bir k\u0131sm\u0131 y\u00fcksek elektrik faturalar\u0131n\u0131n y\u00fck\u00fcnden ar\u0131nmak isterken, bir k\u0131sm\u0131 da g\u00fcne\u015f enerjisini bir yat\u0131r\u0131m f\u0131rsat\u0131 olarak g\u00f6r\u00fcyor. F\u0131rsat niteli\u011fi ta\u015f\u0131yan bu taleplerin yat\u0131r\u0131ma d\u00f6n\u00fc\u015fmesi i\u00e7in daha kolay ve ucuz finansman se\u00e7enekleri ve desteklerin sa\u011flanmas\u0131 kritik. \u00d6rne\u011fin \u015fubat ve mart aylar\u0131nda hayata ge\u00e7en te\u015fvik uygulamalar\u0131 g\u00fcne\u015f enerjisine olan taleplerde yakla\u015f\u0131k 2 kat art\u0131\u015f ya\u015fanmas\u0131na vesile oldu. Yeni te\u015fvik paketlerinin olu\u015fturularak aksiyon al\u0131nmas\u0131 yenilenebilir enerji yat\u0131r\u0131mlar\u0131n\u0131 h\u0131zland\u0131racakt\u0131r\u201d<\/em> dedi.<\/p>","protected":false},"excerpt":{"rendered":"<p>Sorry, this entry is only available in Turkish. For the sake of viewer convenience, the content is shown below in the alternative language. You may click the link to switch the active language. K\u00fcresel \u00e7apta ya\u015fanan enerji krizi, elektrik fiyatlar\u0131n\u0131n artmas\u0131na yol a\u00e7\u0131yor. Faturalar\u0131n masraf y\u00fck\u00fcnden ar\u0131nmak ve s\u00fcrd\u00fcr\u00fclebilir bir ya\u015fam olu\u015fturmak isteyenler, \u00e7\u00f6z\u00fcm\u00fc g\u00fcne\u015f [&hellip;]<\/p>\n","protected":false},"author":1,"featured_media":165700,"comment_status":"open","ping_status":"open","sticky":false,"template":"","format":"standard","meta":[],"categories":[51,53,49],"tags":[106880,106879,469,13,23416,106881,106878],"views":50,"_links":{"self":[{"href":"https:\/\/www.enerjigazetesi.ist\/en\/wp-json\/wp\/v2\/posts\/165698"}],"collection":[{"href":"https:\/\/www.enerjigazetesi.ist\/en\/wp-json\/wp\/v2\/posts"}],"about":[{"href":"https:\/\/www.enerjigazetesi.ist\/en\/wp-json\/wp\/v2\/types\/post"}],"author":[{"embeddable":true,"href":"https:\/\/www.enerjigazetesi.ist\/en\/wp-json\/wp\/v2\/users\/1"}],"replies":[{"embeddable":true,"href":"https:\/\/www.enerjigazetesi.ist\/en\/wp-json\/wp\/v2\/comments?post=165698"}],"version-history":[{"count":0,"href":"https:\/\/www.enerjigazetesi.ist\/en\/wp-json\/wp\/v2\/posts\/165698\/revisions"}],"wp:featuredmedia":[{"embeddable":true,"href":"https:\/\/www.enerjigazetesi.ist\/en\/wp-json\/wp\/v2\/media\/165700"}],"wp:attachment":[{"href":"https:\/\/www.enerjigazetesi.ist\/en\/wp-json\/wp\/v2\/media?parent=165698"}],"wp:term":[{"taxonomy":"category","embeddable":true,"href":"https:\/\/www.enerjigazetesi.ist\/en\/wp-json\/wp\/v2\/categories?post=165698"},{"taxonomy":"post_tag","embeddable":true,"href":"https:\/\/www.enerjigazetesi.ist\/en\/wp-json\/wp\/v2\/tags?post=165698"}],"curies":[{"name":"wp","href":"https:\/\/api.w.org\/{rel}","templated":true}]}}