{"id":165687,"date":"2022-12-23T13:10:45","date_gmt":"2022-12-23T10:10:45","guid":{"rendered":"https:\/\/www.enerjigazetesi.ist\/?p=165687"},"modified":"2022-12-23T13:10:45","modified_gmt":"2022-12-23T10:10:45","slug":"milliyet-enerji-2022-yilini-degerlendirirken-2023-yilinin-da-sifrelerini-cozuyor","status":"publish","type":"post","link":"https:\/\/www.enerjigazetesi.ist\/en\/milliyet-enerji-2022-yilini-degerlendirirken-2023-yilinin-da-sifrelerini-cozuyor\/","title":{"rendered":"(Turkish) &#8217;Milliyet Enerji&#8217; 2022 Y\u0131l\u0131n\u0131 De\u011ferlendirirken 2023 y\u0131l\u0131n\u0131n da \u015eifrelerini \u00c7\u00f6z\u00fcyor"},"content":{"rendered":"<p class=\"qtranxs-available-languages-message qtranxs-available-languages-message-en\">Sorry, this entry is only available in <a href=\"https:\/\/www.enerjigazetesi.ist\/tr\/wp-json\/wp\/v2\/posts\/165687\" class=\"qtranxs-available-language-link qtranxs-available-language-link-tr\" title=\"Turkish\">Turkish<\/a>. For the sake of viewer convenience, the content is shown below in the alternative language. You may click the link to switch the active language.<\/p><p><\/p>\n<h2><strong>Milliyet Enerji, yeni say\u0131s\u0131nda tarihin en a\u011f\u0131r ve en ger\u00e7ek enerji krizinin ya\u015fand\u0131\u011f\u0131 2022 y\u0131l\u0131n\u0131 de\u011ferlendiriyor ve 2023 y\u0131l\u0131na dair ipu\u00e7lar\u0131 sunuyor. T\u00fcrk ve yabanc\u0131 uzmanlar, krizin 2023 y\u0131l\u0131nda da devam edece\u011fini \u00f6ng\u00f6r\u00fcs\u00fcyle, \u00f6n\u00fcm\u00fczdeki y\u0131l\u0131n\u0131n f\u0131rsatlar\u0131na ve risklerine haz\u0131rl\u0131kl\u0131 olmak i\u00e7in g\u00f6r\u00fc\u015flerini payla\u015ft\u0131.\u00a0<\/strong><\/h2>\n<p>Milliyet Enerji, yeni say\u0131s\u0131nda tarihin en ger\u00e7ek ve en farkl\u0131 enerji krizi olarak nitelenen <strong>2022 y\u0131l\u0131n\u0131 ve 2023 beklentilerini<\/strong> masaya yat\u0131r\u0131yor. Pandeminin ard\u0131ndan dengeyi bulamayan <strong>enerji piyasalar\u0131<\/strong> 2022 y\u0131l\u0131nda Rusya-Ukrayna sava\u015f\u0131yla <strong>arz, fiyat ve s\u00fcrd\u00fcr\u00fclebilirlik<\/strong> \u00fc\u00e7geninde bir krizle kar\u015f\u0131 kar\u015f\u0131ya geldi. Bir yandan da d\u00fcnyan\u0131n d\u00f6rt bir yandan <strong>iklim krizinin etkilerinin<\/strong> ya\u015fand\u0131\u011f\u0131 bu d\u00f6nemde, k\u00fcresel enerji sekt\u00f6r\u00fc yeniden istikrar pe\u015finde olurken, krizden en \u00e7ok etkilenen <strong>Bat\u0131 \u00fclkeleri<\/strong> <strong>enflasyon<\/strong> ve <strong>resesyon sinyallerine<\/strong> \u00e7\u00f6z\u00fcm yolu ar\u0131yor. Zor bir y\u0131l olan 2022 boyunca karar al\u0131c\u0131lara yol g\u00f6sterici i\u00e7eriklerle yard\u0131mc\u0131 olan Milliyet Enerji dergisi, Aral\u0131k say\u0131s\u0131nda 2023 y\u0131l\u0131ndaki olas\u0131 geli\u015fmeleri, yeni dengeleri ve i\u015f birliklerini, f\u0131rsatlar\u0131 ve riskleri de\u011ferlendiriyor. 2023 y\u0131l\u0131na <img loading=\"lazy\" class=\"alignright wp-image-165691\" src=\"https:\/\/www.enerjigazetesi.ist\/wp-content\/uploads\/2022\/12\/milliyet-enerji-2022-yilini-degerlendirirken-2023-yilinin-da-sifrelerini-cozuyor.jpg\" alt=\"\" width=\"320\" height=\"287\" srcset=\"https:\/\/www.enerjigazetesi.ist\/wp-content\/uploads\/2022\/12\/milliyet-enerji-2022-yilini-degerlendirirken-2023-yilinin-da-sifrelerini-cozuyor.jpg 536w, https:\/\/www.enerjigazetesi.ist\/wp-content\/uploads\/2022\/12\/milliyet-enerji-2022-yilini-degerlendirirken-2023-yilinin-da-sifrelerini-cozuyor-300x269.jpg 300w, https:\/\/www.enerjigazetesi.ist\/wp-content\/uploads\/2022\/12\/milliyet-enerji-2022-yilini-degerlendirirken-2023-yilinin-da-sifrelerini-cozuyor-447x400.jpg 447w, https:\/\/www.enerjigazetesi.ist\/wp-content\/uploads\/2022\/12\/milliyet-enerji-2022-yilini-degerlendirirken-2023-yilinin-da-sifrelerini-cozuyor-56x50.jpg 56w, https:\/\/www.enerjigazetesi.ist\/wp-content\/uploads\/2022\/12\/milliyet-enerji-2022-yilini-degerlendirirken-2023-yilinin-da-sifrelerini-cozuyor-500x448.jpg 500w\" sizes=\"(max-width: 320px) 100vw, 320px\" \/>girerken,<strong> enerji, ekonomi ve jeopolitikle<\/strong> ilgilenen herkes i\u00e7in ba\u015fucu niteli\u011finde olacak yeni say\u0131da, uzmanlar\u0131n 2023 \u00f6ng\u00f6r\u00fcleriyle birlikte sekt\u00f6r temsilcilerinin planlar\u0131 Milliyet Enerji\u2019de.<\/p>\n<p>Milliyet Enerji\u2019nin y\u0131l\u0131n son say\u0131s\u0131nda, <em>T\u00fcrkiye R\u00fczgar Enerjisi Birli\u011fi (T\u00dcREB) Ba\u015fkan\u0131<\/em> <strong>\u0130brahim Erden<\/strong>, Enerji ve Tabii Kaynaklar Bakanl\u0131\u011f\u0131\u2019ndan beklenen Ulusal Enerji Strateji Belgesi\u2019ndeki uzun vadeli hedeflerin yat\u0131r\u0131m projeksiyonlar\u0131nda \u00f6nemli olaca\u011f\u0131n\u0131 belirtti. Erden, yeni yat\u0131r\u0131mlar\u0131n yan\u0131 s\u0131ra, T\u00fcrkiye\u2019nin, Avrupa\u2019n\u0131n tedarik zincirinde en g\u00fcvenilir orta\u011f\u0131 oldu\u011funu vurgulayacak \u00e7al\u0131\u015fmalar yapacaklar\u0131n\u0131 a\u00e7\u0131klad\u0131. Enerji Yat\u0131r\u0131mc\u0131lar\u0131 Derne\u011fi\u2019nden Cem \u00d6zk\u00f6k ise, g\u00fcven ve istikrar talebini yinelerken, 2023\u2019te depolama ve hidrojeni daha s\u0131k tart\u0131\u015faca\u011f\u0131m\u0131z\u0131 belirtti. Oxford Enerji Ara\u015ft\u0131rmalar\u0131 Enstit\u00fcs\u00fc&#8217;nden enerji uzman\u0131 Gulmira Rzayeva, T\u00fcrkiye\u2019nin \u00f6zellikle Orta Asya kaynaklar\u0131yla, Avrupa\u2019da ya\u015fanan enerji krizinin giderilmesinde \u00f6nemli bir rol\u00fc oldu\u011funa dikkat \u00e7ekti.\u00a0ABD&#8217;nin eski D\u0131\u015fi\u015fleri Bakanl\u0131\u011f\u0131 dan\u0131\u015fman\u0131 Rich Outzen ise, T\u00fcrkiye\u2019nin gaz arz\u0131n\u0131 \u00e7e\u015fitlendirmesinde ABD\u2019nin yard\u0131mc\u0131 olabilece\u011fini vurgulad\u0131. Bununla birlikte Rusya\u2019y\u0131 en iyi okuyan isimlerden biri olan gazeteci-yazar Fuad Safarov, Putin\u2019in t\u0131pk\u0131 2014\u2019deki gibi yeniden T\u00fcrkiye kart\u0131n\u0131 oynayarak, T\u00fcrkiye\u2019de gaz merkezi kurulmas\u0131 \u00f6nerisini analiz etti. Yan\u0131 s\u0131ra, Alman-T\u00fcrk Sanayi ve Ticaret Odas\u0131\u2019n\u0131n T\u00fcrkiye\u2019deki Alman \u015firketlerine y\u00f6nelik haz\u0131rlad\u0131\u011f\u0131\u00a0\u201cT\u00fcrkiye-D\u00fcnya \u0130\u015f G\u00f6r\u00fcn\u00fcm\u00fc &#8211; Sonbahar 2022&#8243; ara\u015ft\u0131rmas\u0131n\u0131n sonu\u00e7lar\u0131 da \u00f6n\u00fcm\u00fczdeki y\u0131l yabanc\u0131 yat\u0131r\u0131mc\u0131n\u0131n beklentileri anlam\u0131nda ipu\u00e7lar\u0131 veriyor. 2023\u2019e dair Uluslararas\u0131 Enerji Ajans\u0131 Ba\u015fkan\u0131 Fatih Birol\u2019un beklentileriyle birlikte, enerji dan\u0131\u015fmanl\u0131k ve ara\u015ft\u0131rma \u015firketi Wood Mackenzie\u2019nin izlenmesi gereken trendleri analiz eden raporu da bu say\u0131da yer al\u0131yor.<\/p>\n<p>2022 y\u0131l\u0131 boyunca,<strong> sekt\u00f6r, kamu, akademi ve merakl\u0131lar\u0131na<\/strong>, hem<strong> enerji piyasalar\u0131na<\/strong> hem de <strong>uluslararas\u0131 politika<\/strong> ve <strong>makro ekonomiye dair<\/strong> e\u015flik eden Milliyet Enerji, 2023 y\u0131l\u0131n\u0131n ipu\u00e7lar\u0131n\u0131 \u00f6\u011frenmek isteyenler i\u00e7in dopdolu bir i\u00e7erikle <strong>26 Aral\u0131k tarihinde<\/strong> okuyucular\u0131yla bulu\u015fuyor.<\/p>\n<p><em>&#8211; G\u00dcYAD Ba\u015fkan\u0131 Cem \u00d6zk\u00f6k, 2023\u2019te depolama ve hidrojeni daha s\u0131k tart\u0131\u015faca\u011f\u0131m\u0131z\u0131 belirtti.<\/em><\/p>\n<p><em>&#8211; T\u00dcREB Ba\u015fkan\u0131 \u0130brahim Erden, 2023 i\u00e7in yat\u0131r\u0131mlar\u0131n \u00f6n\u00fcn\u00fc a\u00e7acak konulara odaklanacaklar\u0131n\u0131 s\u00f6yledi.<\/em><\/p>\n<p><em>&#8211; \u0130ngiltere\u2019de Oxford Enerji Ara\u015ft\u0131rmalar\u0131 Enstit\u00fcs\u00fc\u2019nden enerji uzman\u0131 Gulmira Rzayeva, T\u00fcrkiye\u2019nin Orta Asya gaz\u0131n\u0131n Avrupa\u2019ya tedarik edilmesinde b\u00fcy\u00fck rol oynayaca\u011f\u0131n\u0131 aktard\u0131.<\/em><\/p>\n<p><em>&#8211; Yazar Fuad Safarov, gaz merkezi projesiyle, Rusya\u2019n\u0131n Avrupa ile ili\u015fkileri s\u00fcrd\u00fcrme \u015fans\u0131n\u0131n do\u011fdu\u011funa dikkat \u00e7ekti.<\/em><\/p>","protected":false},"excerpt":{"rendered":"<p>Sorry, this entry is only available in Turkish. For the sake of viewer convenience, the content is shown below in the alternative language. You may click the link to switch the active language. Milliyet Enerji, yeni say\u0131s\u0131nda tarihin en a\u011f\u0131r ve en ger\u00e7ek enerji krizinin ya\u015fand\u0131\u011f\u0131 2022 y\u0131l\u0131n\u0131 de\u011ferlendiriyor ve 2023 y\u0131l\u0131na dair ipu\u00e7lar\u0131 sunuyor. [&hellip;]<\/p>\n","protected":false},"author":1,"featured_media":165691,"comment_status":"open","ping_status":"open","sticky":false,"template":"","format":"standard","meta":[],"categories":[46,51,53],"tags":[4567,87775,100600],"views":51,"_links":{"self":[{"href":"https:\/\/www.enerjigazetesi.ist\/en\/wp-json\/wp\/v2\/posts\/165687"}],"collection":[{"href":"https:\/\/www.enerjigazetesi.ist\/en\/wp-json\/wp\/v2\/posts"}],"about":[{"href":"https:\/\/www.enerjigazetesi.ist\/en\/wp-json\/wp\/v2\/types\/post"}],"author":[{"embeddable":true,"href":"https:\/\/www.enerjigazetesi.ist\/en\/wp-json\/wp\/v2\/users\/1"}],"replies":[{"embeddable":true,"href":"https:\/\/www.enerjigazetesi.ist\/en\/wp-json\/wp\/v2\/comments?post=165687"}],"version-history":[{"count":1,"href":"https:\/\/www.enerjigazetesi.ist\/en\/wp-json\/wp\/v2\/posts\/165687\/revisions"}],"predecessor-version":[{"id":165688,"href":"https:\/\/www.enerjigazetesi.ist\/en\/wp-json\/wp\/v2\/posts\/165687\/revisions\/165688"}],"wp:featuredmedia":[{"embeddable":true,"href":"https:\/\/www.enerjigazetesi.ist\/en\/wp-json\/wp\/v2\/media\/165691"}],"wp:attachment":[{"href":"https:\/\/www.enerjigazetesi.ist\/en\/wp-json\/wp\/v2\/media?parent=165687"}],"wp:term":[{"taxonomy":"category","embeddable":true,"href":"https:\/\/www.enerjigazetesi.ist\/en\/wp-json\/wp\/v2\/categories?post=165687"},{"taxonomy":"post_tag","embeddable":true,"href":"https:\/\/www.enerjigazetesi.ist\/en\/wp-json\/wp\/v2\/tags?post=165687"}],"curies":[{"name":"wp","href":"https:\/\/api.w.org\/{rel}","templated":true}]}}