{"id":165528,"date":"2022-12-20T14:33:17","date_gmt":"2022-12-20T11:33:17","guid":{"rendered":"https:\/\/www.enerjigazetesi.ist\/?p=165528"},"modified":"2022-12-21T09:43:37","modified_gmt":"2022-12-21T06:43:37","slug":"kalyon-karapinar-gunes-santralinin-yuzde-90-lik-kismi-tamamlandi","status":"publish","type":"post","link":"https:\/\/www.enerjigazetesi.ist\/en\/kalyon-karapinar-gunes-santralinin-yuzde-90-lik-kismi-tamamlandi\/","title":{"rendered":"(Turkish) Kalyon Karap\u0131nar G\u00fcne\u015f Santrali&#8217;nin % 90\u2019l\u0131k K\u0131sm\u0131 Tamamland\u0131"},"content":{"rendered":"<p class=\"qtranxs-available-languages-message qtranxs-available-languages-message-en\">Sorry, this entry is only available in <a href=\"https:\/\/www.enerjigazetesi.ist\/tr\/wp-json\/wp\/v2\/posts\/165528\" class=\"qtranxs-available-language-link qtranxs-available-language-link-tr\" title=\"Turkish\">Turkish<\/a>. For the sake of viewer convenience, the content is shown below in the alternative language. You may click the link to switch the active language.<\/p><p><\/p>\n<h2>Avrupa\u2019n\u0131n en b\u00fcy\u00fck g\u00fcne\u015f enerjisi santrali olan Konya\u2019daki Kalyon Karap\u0131nar G\u00fcne\u015f Enerjisi Santrali, 20 milyon metrekarelik alan \u00fczerine kuruldu. Santralde 2 milyon ki\u015finin elektrik ihtiyac\u0131 kar\u015f\u0131lan\u0131yor. Y\u00fczde 90\u2019\u0131 tamamlanan tesis bitti\u011finde y\u0131ll\u0131k 1.5 milyon ton karbon emisyonu \u00f6nleyecek.<\/h2>\n<div id=\"attachment_165537\" style=\"width: 330px\" class=\"wp-caption alignright\"><img aria-describedby=\"caption-attachment-165537\" loading=\"lazy\" class=\"wp-image-165537\" src=\"https:\/\/www.enerjigazetesi.ist\/wp-content\/uploads\/2022\/12\/2022-12-20_143100.jpg\" alt=\"\" width=\"320\" height=\"305\" srcset=\"https:\/\/www.enerjigazetesi.ist\/wp-content\/uploads\/2022\/12\/2022-12-20_143100.jpg 582w, https:\/\/www.enerjigazetesi.ist\/wp-content\/uploads\/2022\/12\/2022-12-20_143100-300x286.jpg 300w, https:\/\/www.enerjigazetesi.ist\/wp-content\/uploads\/2022\/12\/2022-12-20_143100-419x400.jpg 419w, https:\/\/www.enerjigazetesi.ist\/wp-content\/uploads\/2022\/12\/2022-12-20_143100-52x50.jpg 52w, https:\/\/www.enerjigazetesi.ist\/wp-content\/uploads\/2022\/12\/2022-12-20_143100-500x477.jpg 500w\" sizes=\"(max-width: 320px) 100vw, 320px\" \/><p id=\"caption-attachment-165537\" class=\"wp-caption-text\">Tesis M\u00fcd\u00fcr\u00fc Burak Do\u011fru<\/p><\/div>\n<p>Tesis M\u00fcd\u00fcr\u00fc Burak Do\u011fru, santral ile ilgili \u015funlar\u0131 s\u00f6yledi:<em> &#8220;Buras\u0131 d\u00fcnyan\u0131n en b\u00fcy\u00fck g\u00fcne\u015f enerjisi santrallerinden bir tanesi ayn\u0131 zamanda Avrupa\u2019n\u0131n en b\u00fcy\u00fck g\u00fcne\u015f enerjisi santrali. \u015eu anda projemizin y\u00fczde 90\u2019n\u0131 tamamlanm\u0131\u015f durumda. Buraya kurulacak 3 milyon 256 bin tane g\u00fcne\u015f paneli var ve bunlar\u0131n \u015fu anda 3 milyonu elektrik \u00fcretir durumda. Bizler \u015fu anda santralin en g\u00fcney noktas\u0131nda yer al\u0131yoruz. Buradan kuzeye do\u011fru yakla\u015f\u0131k 11 km\u2019lik proje alan\u0131m\u0131z var.&#8221;<\/em><\/p>\n<h3><strong>20 B\u0130N D\u00d6N\u00dcML\u00dcK ARAZ\u0130DE KURULU<\/strong><\/h3>\n<p><em><strong>20 bin d\u00f6n\u00fcml\u00fck<\/strong> bir arazi \u00fczerine kurulu. Buras\u0131 <strong>2 bin 800 futbol sahas\u0131<\/strong> b\u00fcy\u00fckl\u00fc\u011f\u00fcnde devasa bir alana sahip. Tabi bu b\u00fcy\u00fckl\u00fckte bir tesisin burada olmas\u0131 hem \u00fclkemiz a\u00e7\u0131s\u0131ndan hem de d\u00fcnyam\u0131z a\u00e7\u0131m\u0131zdan \u00e7ok \u00f6nemli. <strong>D\u00fcnyan\u0131n iklimdeki durumu a\u00e7\u0131s\u0131ndan<\/strong> da bu tesis \u00e7ok \u00f6nemli. <strong>Enerji arz\u0131 g\u00fcvenli\u011fi<\/strong> bu noktada \u00e7ok \u00f6nemli.<\/em><\/p>\n<h3><strong>\u00dcLKEN\u0130N % 2\u2019S\u0130N\u0130 KAR\u015eILAYACAK<\/strong><\/h3>\n<p>Biz burada bu tesiste temiz \u015fekilde enerji \u00fcretiyoruz. Burada \u00fcretilen <strong>enerji ulusal \u015febekeye<\/strong> aktar\u0131l\u0131yor. Buradan <strong>2,5 milyon ki\u015finin<\/strong> enerji ihtiyac\u0131n\u0131n kar\u015f\u0131lanmas\u0131 planlan\u0131yor. Buras\u0131 <strong>1000 megavatl\u0131k<\/strong> bir santral. \u015eu anda T\u00fcrkiye enerji santrali kurulu g\u00fcc\u00fc <strong>100 bin megavat<\/strong> konumunda. Bizde kurulu g\u00fcc\u00fcn b\u00fcy\u00fck bir k\u0131sm\u0131n\u0131 buradan verece\u011fiz. Anl\u0131k t\u00fcketim T\u00fcrkiye yakla\u015f\u0131k <strong>55 cigavat saat<\/strong> civar\u0131nda. Biz buradan tam \u00e7al\u0131\u015ft\u0131\u011f\u0131m\u0131zda \u00fclkenin <strong>y\u00fczde 2\u2019sini<\/strong> kar\u015f\u0131lam\u0131\u015f olaca\u011f\u0131z.<\/p>\n<p>Kaynak:\u00a0<a href=\"https:\/\/www.sabah.com.tr\/ekonomi\/avrupanin-en-buyuk-gunes-enerjisi-santrali-kalyon-karapinar-gunes-enerjisi-santralinin-yuzde-90i-tamamlandi-6280673?paging=4\" target=\"_blank\" rel=\"noopener\">Sabah<\/a><\/p>","protected":false},"excerpt":{"rendered":"<p>Sorry, this entry is only available in Turkish. For the sake of viewer convenience, the content is shown below in the alternative language. You may click the link to switch the active language. Avrupa\u2019n\u0131n en b\u00fcy\u00fck g\u00fcne\u015f enerjisi santrali olan Konya\u2019daki Kalyon Karap\u0131nar G\u00fcne\u015f Enerjisi Santrali, 20 milyon metrekarelik alan \u00fczerine kuruldu. Santralde 2 milyon [&hellip;]<\/p>\n","protected":false},"author":1,"featured_media":165534,"comment_status":"open","ping_status":"open","sticky":false,"template":"","format":"standard","meta":[],"categories":[51,53,49],"tags":[15160,98957,106845,86018],"views":154,"_links":{"self":[{"href":"https:\/\/www.enerjigazetesi.ist\/en\/wp-json\/wp\/v2\/posts\/165528"}],"collection":[{"href":"https:\/\/www.enerjigazetesi.ist\/en\/wp-json\/wp\/v2\/posts"}],"about":[{"href":"https:\/\/www.enerjigazetesi.ist\/en\/wp-json\/wp\/v2\/types\/post"}],"author":[{"embeddable":true,"href":"https:\/\/www.enerjigazetesi.ist\/en\/wp-json\/wp\/v2\/users\/1"}],"replies":[{"embeddable":true,"href":"https:\/\/www.enerjigazetesi.ist\/en\/wp-json\/wp\/v2\/comments?post=165528"}],"version-history":[{"count":1,"href":"https:\/\/www.enerjigazetesi.ist\/en\/wp-json\/wp\/v2\/posts\/165528\/revisions"}],"predecessor-version":[{"id":165529,"href":"https:\/\/www.enerjigazetesi.ist\/en\/wp-json\/wp\/v2\/posts\/165528\/revisions\/165529"}],"wp:featuredmedia":[{"embeddable":true,"href":"https:\/\/www.enerjigazetesi.ist\/en\/wp-json\/wp\/v2\/media\/165534"}],"wp:attachment":[{"href":"https:\/\/www.enerjigazetesi.ist\/en\/wp-json\/wp\/v2\/media?parent=165528"}],"wp:term":[{"taxonomy":"category","embeddable":true,"href":"https:\/\/www.enerjigazetesi.ist\/en\/wp-json\/wp\/v2\/categories?post=165528"},{"taxonomy":"post_tag","embeddable":true,"href":"https:\/\/www.enerjigazetesi.ist\/en\/wp-json\/wp\/v2\/tags?post=165528"}],"curies":[{"name":"wp","href":"https:\/\/api.w.org\/{rel}","templated":true}]}}