{"id":165514,"date":"2022-12-20T13:28:41","date_gmt":"2022-12-20T10:28:41","guid":{"rendered":"https:\/\/www.enerjigazetesi.ist\/?p=165514"},"modified":"2022-12-20T13:28:41","modified_gmt":"2022-12-20T10:28:41","slug":"teknopark-istanbul-oktay-sinanoglu-teknoloji-odulleri-sahiplerini-buldu","status":"publish","type":"post","link":"https:\/\/www.enerjigazetesi.ist\/en\/teknopark-istanbul-oktay-sinanoglu-teknoloji-odulleri-sahiplerini-buldu\/","title":{"rendered":"(Turkish) Teknopark \u0130stanbul &#8220;Oktay Sinano\u011flu Teknoloji \u00d6d\u00fclleri&#8221; Sahiplerini Buldu"},"content":{"rendered":"<p class=\"qtranxs-available-languages-message qtranxs-available-languages-message-en\">Sorry, this entry is only available in <a href=\"https:\/\/www.enerjigazetesi.ist\/tr\/wp-json\/wp\/v2\/posts\/165514\" class=\"qtranxs-available-language-link qtranxs-available-language-link-tr\" title=\"Turkish\">Turkish<\/a>. For the sake of viewer convenience, the content is shown below in the alternative language. You may click the link to switch the active language.<\/p><p><\/p>\n<h2><strong>Teknopark \u0130stanbul taraf\u0131ndan 2021 y\u0131l\u0131nda ba\u015far\u0131l\u0131 \u00e7al\u0131\u015fmalarda bulunan firmalar\u0131 motive etmek amac\u0131yla d\u00fczenlenen teknoloji \u00f6d\u00fclleri bu y\u0131l \u201cT\u00fcrk Ayn\u015ftayn\u0131\u201d olarak tan\u0131nan Prof. Dr. Oktay Sinano\u011flu ad\u0131na verildi. \u00d6d\u00fcl t\u00f6reni kapsam\u0131nda ayr\u0131ca, ISIF\u201922 \u0130stanbul Uluslararas\u0131 Bulu\u015f Fuar\u0131 ve iENA 2022 Uluslararas\u0131 Bulu\u015flar Fuarlar\u0131nda kazand\u0131klar\u0131 Grand Prix Kupas\u0131\u2019n\u0131n yan\u0131 s\u0131ra alt\u0131n, g\u00fcm\u00fc\u015f ve bronz madalya alan firma temsilcilerine de \u00f6d\u00fcl takdim edilerek ba\u015far\u0131lar\u0131 bir kez daha kutland\u0131.<\/strong><\/h2>\n<p>5 ayr\u0131 kategoride da\u011f\u0131t\u0131lan Oktay Sinano\u011flu Teknoloji \u00d6d\u00fclleri\u2019nde y\u0131l\u0131n kulu\u00e7ka firmas\u0131 olarak<strong> Tea Networks <\/strong>se\u00e7ildi. Y\u0131l\u0131n patenti kategorisinde <strong>RS Research firmas\u0131<\/strong> \u00f6d\u00fcle lay\u0131k g\u00f6r\u00fcl\u00fcrken, y\u0131l\u0131n ticarile\u015ftirmesi \u00f6d\u00fcl\u00fc <strong>Era RF Technologies<\/strong>\u2019e, y\u0131l\u0131n teknoloji firmas\u0131 \u00f6d\u00fcl\u00fc<strong> Aselsan\u2019a<\/strong>, y\u0131l\u0131n projesi \u00f6d\u00fcl\u00fc ise <strong>Alt\u0131nay Savunma\u2019ya<\/strong> verildi.<\/p>\n<h3><strong>Sinano\u011flu\u2019nun ailesine \u00f6zel \u00f6d\u00fcl<\/strong><\/h3>\n<p>Prof. Dr. Oktay Sinano\u011flu\u2019nun Eski\u015fehir\u2019den gelerek t\u00f6rene kat\u0131lan ailesine ise<strong> \u00f6zel \u00f6d\u00fcl<\/strong> verildi. Oktay Sinano\u011flu\u2019nun \u00e7ocuklar\u0131 Oya J\u00fclide ve Alper N\u00fczhet Sinano\u011flu\u2019na \u00f6d\u00fcllerini Teknopark \u0130stanbul Y\u00f6netim Kurulu Ba\u015fkan\u0131 Prof. Dr. Metin Yerebakan takdim etti.<img loading=\"lazy\" class=\"alignright wp-image-165516\" src=\"https:\/\/www.enerjigazetesi.ist\/wp-content\/uploads\/2022\/12\/teknopark-istanbul-oktay-sinanoglu-teknoloji-odulleri-sahiplerini-buldu-02.jpg\" alt=\"\" width=\"320\" height=\"214\" srcset=\"https:\/\/www.enerjigazetesi.ist\/wp-content\/uploads\/2022\/12\/teknopark-istanbul-oktay-sinanoglu-teknoloji-odulleri-sahiplerini-buldu-02.jpg 550w, https:\/\/www.enerjigazetesi.ist\/wp-content\/uploads\/2022\/12\/teknopark-istanbul-oktay-sinanoglu-teknoloji-odulleri-sahiplerini-buldu-02-300x200.jpg 300w, https:\/\/www.enerjigazetesi.ist\/wp-content\/uploads\/2022\/12\/teknopark-istanbul-oktay-sinanoglu-teknoloji-odulleri-sahiplerini-buldu-02-500x334.jpg 500w, https:\/\/www.enerjigazetesi.ist\/wp-content\/uploads\/2022\/12\/teknopark-istanbul-oktay-sinanoglu-teknoloji-odulleri-sahiplerini-buldu-02-75x50.jpg 75w, https:\/\/www.enerjigazetesi.ist\/wp-content\/uploads\/2022\/12\/teknopark-istanbul-oktay-sinanoglu-teknoloji-odulleri-sahiplerini-buldu-02-450x300.jpg 450w\" sizes=\"(max-width: 320px) 100vw, 320px\" \/><\/p>\n<p>\u00d6d\u00fcl t\u00f6reninin a\u00e7\u0131l\u0131\u015f konu\u015fmas\u0131nda <em>\u201cBu y\u0131l teknoloji \u00f6d\u00fcllerimizi, \u00f6mr\u00fcn\u00fc bilime ve T\u00fcrk\u00e7enin geli\u015fmesine adam\u0131\u015f Prof. Dr. Oktay Sinano\u011flu ad\u0131na vermek istedik\u201d diyen Teknopark \u0130stanbul Genel M\u00fcd\u00fcr\u00fc Bilal Top\u00e7u, \u201cBu g\u00fczel \u00f6d\u00fcl t\u00f6reni vesilesiyle, \u0130stanbul Uluslararas\u0131 Bulu\u015f Fuar\u0131\u2019nda \u00f6d\u00fcl alan firma temsilcilerimizin ba\u015far\u0131s\u0131n\u0131 da bir kez daha burada kutlad\u0131k. De\u011ferli bilim insan\u0131m\u0131z Oktay Sinano\u011flu\u2019nu rahmetle an\u0131yor, \u00f6d\u00fcl alan k\u0131ymetli firmalar\u0131m\u0131z\u0131 can-\u0131 g\u00f6n\u00fclden tebrik ediyorum\u201d<\/em> \u015feklinde konu\u015ftu.<\/p>\n<p>2017 y\u0131l\u0131na kadar Alt\u0131n K\u00fcp ad\u0131yla verilen \u00f6d\u00fcller, 2021 itibariyle Teknoloji \u00d6d\u00fclleri ad\u0131yla her y\u0131l bir bilim insan\u0131na ithaf ederek verilmeye ba\u015flanm\u0131\u015f, ge\u00e7en y\u0131lki \u00f6d\u00fcller Ulu\u011f Bey ad\u0131na da\u011f\u0131t\u0131lm\u0131\u015ft\u0131. Bu y\u0131lki \u00f6d\u00fclde Prof. Dr. Oktay Sinano\u011flu\u2019nun en \u00f6nemli kuramlar\u0131ndan biri olan \u00c7\u00f6zgen-\u0130ter Kuvvet Kuram\u0131\u2019n\u0131 temsil eden \u00e7ift DNA sarmal\u0131 modelinin plaketi kullan\u0131ld\u0131. Ayr\u0131ca t\u00f6rene kat\u0131lanlara Oktay Sinano\u011flu\u2019nun T\u00fcrk\u00e7e\u2019nin; \u201cbilim ve tekni\u011fe ne kadar yatk\u0131n bir dil oldu\u011funu, kavramlar\u0131 ne kadar a\u00e7\u0131k ve se\u00e7ik kar\u015f\u0131layabildi\u011fini; dolay\u0131s\u0131yla \u00fcniversitelerde de e\u011fitim dili olarak kullan\u0131lmas\u0131n\u0131\u201d savundu\u011fu 1974\u2019te Bo\u011fazi\u00e7i \u00dcniversitesi Rekt\u00f6r\u00fc Say\u0131n Abdullah Kuran\u2019a yazd\u0131\u011f\u0131 mektubunun bir kopyas\u0131 hediye edildi.<\/p>\n<h3><strong>Bulu\u015f Fuar\u0131\u2019na damga vuran firmalar<\/strong><\/h3>\n<p>ISIF\u201922 Uluslararas\u0131 Bulu\u015f Fuar\u0131\u2019nda kazand\u0131klar\u0131 Grand Prix Kupas\u0131\u2019n\u0131n yan\u0131 s\u0131ra alt\u0131n, g\u00fcm\u00fc\u015f ve bronz madalya alan ve t\u00f6rende kendilerine \u00f6d\u00fcl takdim edilerek ba\u015far\u0131lar\u0131 bir kez daha kutlanan firmalar \u015fu \u015fekilde:<\/p>\n<p>ISIF\u201922\u2019nin en b\u00fcy\u00fck \u00f6d\u00fcl\u00fc olan GRAND PRIX kupas\u0131n\u0131 ve Almanya\/N\u00fcrnberg iENA Uluslararas\u0131 Bulu\u015f Fuar\u0131\u2019nda G\u00fcm\u00fc\u015f Madalya alan RS Research, ISIF\u201922\u2019de Alt\u0131n Madalya, ARCA H\u0131rvatistan \u00f6zel \u00f6d\u00fcl\u00fc ve Almanya\u2019da iENA Uluslararas\u0131 Bulu\u015f Fuar\u0131\u2019nda Alt\u0131n Madalya alan New Senses, ISIF\u201922\u2019de Alt\u0131n Madalya alan SFA Ar-Ge, ISIF\u201922\u2019de G\u00fcm\u00fc\u015f Madalya ve Almanya \u0130ENA Uluslararas\u0131 Bulu\u015f Fuar\u0131\u2019nda Bronz Madalya alan Umayana Ara\u015ft\u0131rma, ISIF\u201922\u2019de G\u00fcm\u00fc\u015f Madalya alan SFA Ar-Ge, ISIF\u201922\u2019de G\u00fcm\u00fc\u015f Madalya alan Cet Kompozit, ISIF\u201922\u2019de G\u00fcm\u00fc\u015f Madalya alan The Future Natural, ISIF\u201922\u2019de G\u00fcm\u00fc\u015f Madalya alan Remora Teknoloji, ISIF\u201922\u2019de iki G\u00fcm\u00fc\u015f Madalya alan Alt\u0131nay Savunma.<\/p>\n<h3><strong>Oktay Sinano\u011flu kimdir?<\/strong><\/h3>\n<p>\u00d6mr\u00fcn\u00fc bilime ve T\u00fcrk\u00e7enin geli\u015fmesine adam\u0131\u015f <strong>Prof. Dr. Oktay Sinano\u011flu<\/strong>, 28 ya\u015f\u0131nda <strong>&#8220;d\u00fcnyan\u0131n en gen\u00e7 profes\u00f6r\u00fc&#8221;<\/strong> unvan\u0131n\u0131 kazand\u0131. Bilim hayat\u0131 boyunca kuantum fizi\u011fi ve kimyas\u0131, molek\u00fcler biyoloji ve matematik alanlar\u0131nda bir\u00e7ok kuram geli\u015ftiren Sinano\u011flu, d\u00fcnya bilim literat\u00fcr\u00fcne \u00f6nemli katk\u0131larda bulundu. Nobel kimya \u00f6d\u00fcl\u00fcne iki kez aday g\u00f6sterilen Sinano\u011flu, canl\u0131lara biyolojik kimli\u011fini veren DNA&#8217;lar\u0131n \u015fifresini \u00e7\u00f6zd\u00fc\/<\/p>","protected":false},"excerpt":{"rendered":"<p>Sorry, this entry is only available in Turkish. For the sake of viewer convenience, the content is shown below in the alternative language. You may click the link to switch the active language. Teknopark \u0130stanbul taraf\u0131ndan 2021 y\u0131l\u0131nda ba\u015far\u0131l\u0131 \u00e7al\u0131\u015fmalarda bulunan firmalar\u0131 motive etmek amac\u0131yla d\u00fczenlenen teknoloji \u00f6d\u00fclleri bu y\u0131l \u201cT\u00fcrk Ayn\u015ftayn\u0131\u201d olarak tan\u0131nan Prof. [&hellip;]<\/p>\n","protected":false},"author":1,"featured_media":165517,"comment_status":"open","ping_status":"open","sticky":false,"template":"","format":"standard","meta":[],"categories":[53,157],"tags":[106838,106837,106836,106835,106834],"views":43,"_links":{"self":[{"href":"https:\/\/www.enerjigazetesi.ist\/en\/wp-json\/wp\/v2\/posts\/165514"}],"collection":[{"href":"https:\/\/www.enerjigazetesi.ist\/en\/wp-json\/wp\/v2\/posts"}],"about":[{"href":"https:\/\/www.enerjigazetesi.ist\/en\/wp-json\/wp\/v2\/types\/post"}],"author":[{"embeddable":true,"href":"https:\/\/www.enerjigazetesi.ist\/en\/wp-json\/wp\/v2\/users\/1"}],"replies":[{"embeddable":true,"href":"https:\/\/www.enerjigazetesi.ist\/en\/wp-json\/wp\/v2\/comments?post=165514"}],"version-history":[{"count":0,"href":"https:\/\/www.enerjigazetesi.ist\/en\/wp-json\/wp\/v2\/posts\/165514\/revisions"}],"wp:featuredmedia":[{"embeddable":true,"href":"https:\/\/www.enerjigazetesi.ist\/en\/wp-json\/wp\/v2\/media\/165517"}],"wp:attachment":[{"href":"https:\/\/www.enerjigazetesi.ist\/en\/wp-json\/wp\/v2\/media?parent=165514"}],"wp:term":[{"taxonomy":"category","embeddable":true,"href":"https:\/\/www.enerjigazetesi.ist\/en\/wp-json\/wp\/v2\/categories?post=165514"},{"taxonomy":"post_tag","embeddable":true,"href":"https:\/\/www.enerjigazetesi.ist\/en\/wp-json\/wp\/v2\/tags?post=165514"}],"curies":[{"name":"wp","href":"https:\/\/api.w.org\/{rel}","templated":true}]}}