{"id":165509,"date":"2022-12-20T13:04:28","date_gmt":"2022-12-20T10:04:28","guid":{"rendered":"https:\/\/www.enerjigazetesi.ist\/?p=165509"},"modified":"2022-12-20T13:04:28","modified_gmt":"2022-12-20T10:04:28","slug":"sekerbank-su-liderleri-arasinda-yerini-aldi","status":"publish","type":"post","link":"https:\/\/www.enerjigazetesi.ist\/en\/sekerbank-su-liderleri-arasinda-yerini-aldi\/","title":{"rendered":"(Turkish) &#8217;\u015eekerbank&#8217; Su Liderleri Aras\u0131nda Yerini Ald\u0131"},"content":{"rendered":"<p class=\"qtranxs-available-languages-message qtranxs-available-languages-message-en\">Sorry, this entry is only available in <a href=\"https:\/\/www.enerjigazetesi.ist\/tr\/wp-json\/wp\/v2\/posts\/165509\" class=\"qtranxs-available-language-link qtranxs-available-language-link-tr\" title=\"Turkish\">Turkish<\/a>. For the sake of viewer convenience, the content is shown below in the alternative language. You may click the link to switch the active language.<\/p><p><\/p>\n<h2><strong>\u0130klim de\u011fi\u015fikli\u011fiyle m\u00fccadelede en yetkili k\u00fcresel platformlardan biri olan Karbon Saydaml\u0131k Projesi (Carbon Disclosure Project, CDP), 2022 \u0130klim De\u011fi\u015fikli\u011fi Program\u0131 sonu\u00e7lar\u0131 a\u00e7\u0131kland\u0131. \u015eekerbank, ger\u00e7ekle\u015ftirdi\u011fi iyile\u015ftirme \u00e7al\u0131\u015fmalar\u0131 sonucunda \u201cCDP Su G\u00fcvenli\u011fi Program\u0131\u201dnda ge\u00e7mi\u015f y\u0131l skorunu iki basamak birden art\u0131rarak<em> \u201cA- Liderlik\u201d<\/em> seviyesine ta\u015f\u0131d\u0131. CDP kapsam\u0131nda 2022 y\u0131l\u0131nda \u201cSu Liderleri\u201d aras\u0131nda yer alan \u015eekerbank, bir \u00f6nceki raporlama d\u00f6neminde B olan CDP \u0130klim De\u011fi\u015fikli\u011fi de\u011ferlendirme notunu ise korudu.<\/strong><\/h2>\n<p style=\"text-align: center;\"><img loading=\"lazy\" class=\"aligncenter wp-image-165511\" src=\"https:\/\/www.enerjigazetesi.ist\/wp-content\/uploads\/2022\/12\/2022-12-20_130104.jpg\" alt=\"\" width=\"500\" height=\"286\" srcset=\"https:\/\/www.enerjigazetesi.ist\/wp-content\/uploads\/2022\/12\/2022-12-20_130104.jpg 629w, https:\/\/www.enerjigazetesi.ist\/wp-content\/uploads\/2022\/12\/2022-12-20_130104-300x172.jpg 300w, https:\/\/www.enerjigazetesi.ist\/wp-content\/uploads\/2022\/12\/2022-12-20_130104-500x286.jpg 500w, https:\/\/www.enerjigazetesi.ist\/wp-content\/uploads\/2022\/12\/2022-12-20_130104-80x46.jpg 80w\" sizes=\"(max-width: 500px) 100vw, 500px\" \/><\/p>\n<p>Ger\u00e7ekle\u015ftirdi\u011fi faaliyetlerle meydana gelebilecek \u00e7evresel etkileri izleme ve bu etkileri azaltmak \u00fczere \u00f6nc\u00fc \u00e7al\u0131\u015fmalar y\u00fcr\u00fcten \u015eekerbank, Karbon Saydaml\u0131k Projesi (Carbon Disclosure Project, CDP), 2022 \u0130klim De\u011fi\u015fikli\u011fi Program\u0131 kapsam\u0131nda; su kaynaklar\u0131n\u0131n en do\u011fru \u015fekilde y\u00f6netimi do\u011frultusunda y\u00fcr\u00fctt\u00fc\u011f\u00fc iyile\u015ftirme \u00e7al\u0131\u015fmalar\u0131yla CDP Su G\u00fcvenli\u011fi Program\u0131 puan\u0131n\u0131 <strong>A\u2018ya<\/strong> y\u00fckselterek <strong>\u201cLiderlik\u201d seviyesine<\/strong> ta\u015f\u0131d\u0131. <strong>CDP Su G\u00fcvenli\u011fi Program\u0131<\/strong>\u2019nda ge\u00e7mi\u015f y\u0131l skorunu iki puan y\u00fckselten \u015eekerbank, elde etti\u011fi bu skorla<strong> \u201cSu Liderleri\u201d<\/strong> aras\u0131nda yer ald\u0131. G\u00f6n\u00fcll\u00fc olarak kat\u0131l\u0131m sa\u011flad\u0131\u011f\u0131 CDP \u0130klim De\u011fi\u015fikli\u011fi\u00a0Program\u0131\u2019ndaki <strong>\u201cY\u00f6netim\u201d<\/strong> seviyesi olan <strong>B puan\u0131n\u0131 koruyan Banka<\/strong>, \u00e7evresel verilerini d\u00fcnyaya a\u00e7\u0131klayarak s<strong>\u0131f\u0131r karbonlu s\u00fcrd\u00fcr\u00fclebilir bir gelecek<\/strong> i\u00e7in ald\u0131\u011f\u0131 sorumlulu\u011fu da ortaya koydu.<\/p>\n<h3><strong>\u00c7al\u0131\u015fmalar\u0131n\u0131 g\u00f6n\u00fcll\u00fc olarak raporluyor<\/strong><\/h3>\n<p>2010 y\u0131l\u0131ndan bu yana <strong>k\u00fcresel \u0131s\u0131nman\u0131n<\/strong> ba\u015fl\u0131ca nedeni olan<strong> sera gaz\u0131 emisyonlar\u0131n\u0131n<\/strong> takip edilmesi ve azalt\u0131lmas\u0131 amac\u0131yla faaliyetlerinden kaynaklanan <strong>karbon ayak izini<\/strong> hesaplayan \u015eekerbank, her y\u0131l karbon ayak izini g\u00f6n\u00fcll\u00fc olarak Karbon Saydaml\u0131k Projesi (CDP) <strong>\u0130klim De\u011fi\u015fikli\u011fi Program\u0131\u2019na<\/strong> raporlayarak performans\u0131n\u0131 uluslararas\u0131 yat\u0131r\u0131mc\u0131larla payla\u015f\u0131yor. Ya\u015fam\u0131n devaml\u0131l\u0131\u011f\u0131n\u0131 sa\u011flayan en \u00f6nemli do\u011fal kaynak olan suyun en do\u011fru \u015fekilde y\u00f6netimi konusunda da \u00e7al\u0131\u015fmalar\u0131n\u0131 uzun zamand\u0131r s\u00fcrd\u00fcren \u015eekerbank, 2016 y\u0131l\u0131nda g\u00f6n\u00fcll\u00fc olarak ilk kez kat\u0131l\u0131m sa\u011flad\u0131\u011f\u0131 CDP Su G\u00fcvenli\u011fi Program\u0131\u2019nda, sorumlu su t\u00fcketimi kapsam\u0131na ger\u00e7ekle\u015ftirdi\u011fi \u00e7al\u0131\u015fmalarla \u201cCDP T\u00fcrkiye Su Liderlik\u201d \u00f6d\u00fcl\u00fcn\u00fc alm\u0131\u015ft\u0131.<\/p>","protected":false},"excerpt":{"rendered":"<p>Sorry, this entry is only available in Turkish. For the sake of viewer convenience, the content is shown below in the alternative language. You may click the link to switch the active language. \u0130klim de\u011fi\u015fikli\u011fiyle m\u00fccadelede en yetkili k\u00fcresel platformlardan biri olan Karbon Saydaml\u0131k Projesi (Carbon Disclosure Project, CDP), 2022 \u0130klim De\u011fi\u015fikli\u011fi Program\u0131 sonu\u00e7lar\u0131 a\u00e7\u0131kland\u0131. [&hellip;]<\/p>\n","protected":false},"author":1,"featured_media":165511,"comment_status":"open","ping_status":"open","sticky":false,"template":"","format":"standard","meta":[],"categories":[53],"tags":[45146,15532,10743,44484,66789,5719,106833],"views":41,"_links":{"self":[{"href":"https:\/\/www.enerjigazetesi.ist\/en\/wp-json\/wp\/v2\/posts\/165509"}],"collection":[{"href":"https:\/\/www.enerjigazetesi.ist\/en\/wp-json\/wp\/v2\/posts"}],"about":[{"href":"https:\/\/www.enerjigazetesi.ist\/en\/wp-json\/wp\/v2\/types\/post"}],"author":[{"embeddable":true,"href":"https:\/\/www.enerjigazetesi.ist\/en\/wp-json\/wp\/v2\/users\/1"}],"replies":[{"embeddable":true,"href":"https:\/\/www.enerjigazetesi.ist\/en\/wp-json\/wp\/v2\/comments?post=165509"}],"version-history":[{"count":0,"href":"https:\/\/www.enerjigazetesi.ist\/en\/wp-json\/wp\/v2\/posts\/165509\/revisions"}],"wp:featuredmedia":[{"embeddable":true,"href":"https:\/\/www.enerjigazetesi.ist\/en\/wp-json\/wp\/v2\/media\/165511"}],"wp:attachment":[{"href":"https:\/\/www.enerjigazetesi.ist\/en\/wp-json\/wp\/v2\/media?parent=165509"}],"wp:term":[{"taxonomy":"category","embeddable":true,"href":"https:\/\/www.enerjigazetesi.ist\/en\/wp-json\/wp\/v2\/categories?post=165509"},{"taxonomy":"post_tag","embeddable":true,"href":"https:\/\/www.enerjigazetesi.ist\/en\/wp-json\/wp\/v2\/tags?post=165509"}],"curies":[{"name":"wp","href":"https:\/\/api.w.org\/{rel}","templated":true}]}}