{"id":165496,"date":"2022-12-20T12:03:46","date_gmt":"2022-12-20T09:03:46","guid":{"rendered":"https:\/\/www.enerjigazetesi.ist\/?p=165496"},"modified":"2022-12-20T12:03:46","modified_gmt":"2022-12-20T09:03:46","slug":"enerji-sektorunde-fiziksel-varlik-yonetimi-konferansi-gerceklesti","status":"publish","type":"post","link":"https:\/\/www.enerjigazetesi.ist\/en\/enerji-sektorunde-fiziksel-varlik-yonetimi-konferansi-gerceklesti\/","title":{"rendered":"(Turkish) Enerji Sekt\u00f6r\u00fcnde &#8216;Fiziksel Varl\u0131k Y\u00f6netimi&#8217; Konferans\u0131 Ger\u00e7ekle\u015fti"},"content":{"rendered":"<p class=\"qtranxs-available-languages-message qtranxs-available-languages-message-en\">Sorry, this entry is only available in <a href=\"https:\/\/www.enerjigazetesi.ist\/tr\/wp-json\/wp\/v2\/posts\/165496\" class=\"qtranxs-available-language-link qtranxs-available-language-link-tr\" title=\"Turkish\">Turkish<\/a>. For the sake of viewer convenience, the content is shown below in the alternative language. You may click the link to switch the active language.<\/p><p><\/p>\n<h2>Bilgi birikimini s\u00fcrekli geli\u015ftirerek sekt\u00f6re \u00f6nc\u00fcl\u00fck etmeyi ve bilgiyi toplum yarar\u0131na kullanmay\u0131 hedefleyen Enerjisa \u00dcretim\u2019in bu hedef do\u011frultusunda hayata ge\u00e7irdi\u011fi \u00f6nemli etkinliklerden biri olan Enerji Sekt\u00f6r\u00fcnde Fiziksel Varl\u0131k Y\u00f6netimi Konferans\u0131\u2019n\u0131n 2&#8217;incisi 8-9 Aral\u0131k 2022 tarihlerinde yap\u0131ld\u0131.<\/h2>\n<p>\u0130lki 2021\u2019de <strong>Enerjisa \u00dcretim\u2019in Tufanbeyli santralinde<\/strong> d\u00fczenlenen <strong>hibrit etkinli\u011fe<\/strong> bu y\u0131l \u0130stanbul\u2019daki Merkez Ofis ev sahipli\u011fi yapt\u0131. Canl\u0131 yay\u0131n arac\u0131l\u0131\u011f\u0131yla da t\u00fcm izleyicilere eri\u015fim sa\u011flayan ve 2000\u2019den fazla ki\u015finin online, <strong>100\u2019den fazla<\/strong> ki\u015finin fiziki olarak kat\u0131ld\u0131\u011f\u0131 \u00a0konferans, ba\u015fta <strong>enerji sekt\u00f6r\u00fc<\/strong> olmak \u00fczere i\u015f d\u00fcnyas\u0131n\u0131n farkl\u0131 alanlar\u0131ndan uzmanlar\u0131 ve kat\u0131l\u0131mc\u0131lar\u0131 bir araya getirdi. <img loading=\"lazy\" class=\"alignright wp-image-165500\" src=\"https:\/\/www.enerjigazetesi.ist\/wp-content\/uploads\/2022\/12\/enerji-sektorunde-fiziksel-varlik-yonetimi-konferansi-gerceklesti-1.jpg\" alt=\"\" width=\"320\" height=\"214\" srcset=\"https:\/\/www.enerjigazetesi.ist\/wp-content\/uploads\/2022\/12\/enerji-sektorunde-fiziksel-varlik-yonetimi-konferansi-gerceklesti-1.jpg 550w, https:\/\/www.enerjigazetesi.ist\/wp-content\/uploads\/2022\/12\/enerji-sektorunde-fiziksel-varlik-yonetimi-konferansi-gerceklesti-1-300x200.jpg 300w, https:\/\/www.enerjigazetesi.ist\/wp-content\/uploads\/2022\/12\/enerji-sektorunde-fiziksel-varlik-yonetimi-konferansi-gerceklesti-1-500x334.jpg 500w, https:\/\/www.enerjigazetesi.ist\/wp-content\/uploads\/2022\/12\/enerji-sektorunde-fiziksel-varlik-yonetimi-konferansi-gerceklesti-1-75x50.jpg 75w, https:\/\/www.enerjigazetesi.ist\/wp-content\/uploads\/2022\/12\/enerji-sektorunde-fiziksel-varlik-yonetimi-konferansi-gerceklesti-1-450x300.jpg 450w\" sizes=\"(max-width: 320px) 100vw, 320px\" \/>Sosyal Giri\u015fimci kimli\u011fiyle de tan\u0131nan <strong>Prof. Dr. It\u0131r Erhart\u2019<\/strong>\u0131n y\u00f6netti\u011fi konferansta, payda\u015flar aras\u0131 etkile\u015fimin ve bilgi al\u0131\u015fveri\u015finin artmas\u0131 ve dijitalle\u015fme gibi konular \u00f6ne \u00e7\u0131kt\u0131.<\/p>\n<h3><strong>G\u00fcndem: \u0130klim De\u011fi\u015fikli\u011fi ve Enerjinin Gelece\u011fi<\/strong><\/h3>\n<p>\u015eirketlerin s\u00fcrd\u00fcr\u00fclebilirlik yakla\u015f\u0131mlar\u0131 ve \u00e7al\u0131\u015fmalar\u0131, dijital d\u00f6n\u00fc\u015f\u00fcm, ye\u015fil enerji gibi enerji sekt\u00f6r\u00fcn\u00fcn \u00f6ne \u00e7\u0131kan konu ba\u015fl\u0131klar\u0131n\u0131n ele al\u0131nd\u0131\u011f\u0131 panellerde, Kas\u0131m ay\u0131nda M\u0131s\u0131r\u2019da ger\u00e7ekle\u015fen Birle\u015fmi\u015f Milletler (BM) \u0130klim De\u011fi\u015fikli\u011fi \u00c7er\u00e7eve S\u00f6zle\u015fmesi <strong>27. Taraflar S\u00f6zle\u015fmesi Konferans\u0131<\/strong>\u2019nda (COP27) <strong>elde edilen bulgular<\/strong> ve <strong>hedefler de<\/strong> de\u011ferlendirildi. Konferansta ayr\u0131ca farkl\u0131 sekt\u00f6rleri temsilen kat\u0131lan uzmanlar\u0131n tesislerden elde edilen verilere ili\u015fkin <strong>detayl\u0131 analizleri<\/strong> ve <strong>dijital d\u00f6n\u00fc\u015f\u00fcm\u00fcn<\/strong> sekt\u00f6re y\u00f6n veren dinamikleri de konu\u015fuldu.<\/p>\n<p>Panelin a\u00e7\u0131l\u0131\u015f konu\u015fmas\u0131n\u0131 ger\u00e7ekle\u015ftiren <strong>Enerjisa \u00dcretim \u0130\u015fletme ve Teknik Genel M\u00fcd\u00fcr Yard\u0131mc\u0131s\u0131 Emre Erdo\u011fan<\/strong>,<em> \u201cTeknolojik ve dijitalle\u015fme ekseninde b\u00fcy\u00fck bir d\u00f6n\u00fc\u015f\u00fcm ge\u00e7iren d\u00fcnyam\u0131z\u0131n en \u00f6nemli g\u00fcndemlerinden biri de enerji. Enerji d\u00fcn oldu\u011fu gibi bug\u00fcn de d\u00fcnyan\u0131n gelece\u011fini \u015fekillendiren bir sekt\u00f6r olmaya devam ediyor. Bu nedenle kamunun ve \u00a0i\u015f d\u00fcnyas\u0131n\u0131n gelece\u011fe d\u00f6n\u00fck politikalar\u0131 olu\u015ftururken \u00f6ncelik verdi\u011fi ba\u015fl\u0131ca konulardan biri \u00a0enerji ihtiyac\u0131 ve politikalar\u0131. 2020\u2019de kabul edilen Avrupa Ye\u015fil Mutabakat\u0131na g\u00f6re Avrupa Birli\u011fi, 2030\u2019a kadar emisyonlar\u0131n\u0131 y\u00fczde 55 oran\u0131nda azaltmay\u0131, 2050\u2019de ise s\u0131f\u0131rlamay\u0131 hedefliyor. D\u00fcnyada \u201cs\u00fcrd\u00fcr\u00fclebilirlik\u201d art\u0131k en temel hedefler aras\u0131nda yer al\u0131yor. Pek \u00e7ok \u00fclke bu alanda taahh\u00fctlerde bulundu. T\u00fcrkiye de 2053\u2019te s\u0131f\u0131r emisyon hedefi koydu. Bu kolay bir hedef olmasa da do\u011fru planlama ve kollektif bir ak\u0131lla sekt\u00f6r\u00fcm\u00fcz\u00fcn bu hedefi ger\u00e7ekle\u015ftirecek g\u00fcce ve birikime sahip oldu\u011funu s\u00f6yleyebiliriz. T\u00fcrkiye bu yeni d\u00f6nemde bir yandan yat\u0131r\u0131mlar\u0131 art\u0131r\u0131p bir yandan kamuoyunu bilin\u00e7lendirmeye devam ederek el birli\u011fiyle bu f\u0131rsat\u0131 en iyi de\u011ferlendiren \u00fclkelerden biri olacakt\u0131r. Bu kapsamda biz de Enerjisa \u00dcretim olarak belirledi\u011fimiz hedefler do\u011frultusunda emisyon sal\u0131mlar\u0131nda 2032\u2019de \u2018ba\u015fa ba\u015f\u2019, 2045\u2019te ise \u2018net s\u0131f\u0131r\u2019 olmay\u0131 planl\u0131yor, yenilenebilir enerji yat\u0131r\u0131mlar\u0131na ve s\u00fcrd\u00fcr\u00fclebilirlik hedeflerine y\u00f6nelik projelerimize devam ediyoruz\u201d<\/em> dedi.<\/p>\n<h3><strong>\u201c\u015eirketler nezdinde b\u00fcy\u00fck d\u00f6n\u00fc\u015f\u00fcme ihtiya\u00e7 var\u201d<\/strong><\/h3>\n<p>Konferans\u0131n genel de\u011ferlendirmesini Prof. Dr It\u0131r Erhart ile yapan <strong>Enerjisa \u00dcretim Varl\u0131k Y\u00f6netimi ve S\u00fcrd\u00fcr\u00fclebilirlik Lideri Murat Er\u00f6z\u00a0<\/strong>ise \u015funlar\u0131 s\u00f6yledi: <em>&#8220;\u00dclkelerin kalk\u0131nma ve b\u00fcy\u00fcme \u00f6l\u00e7\u00fctlerini art\u0131k sadece t\u00fcketim, harcama ve ihracat de\u011ferlerine g\u00f6re de\u011ferlendiremeyiz. S\u00fcrd\u00fcr\u00fclebilirlik konusunda ve Birle\u015fmi\u015f Milletler Kalk\u0131nma Ama\u00e7lar\u0131 do\u011frultusunda hangi ad\u0131mlar att\u0131klar\u0131na dair de\u011ferlendirmelerin de yap\u0131lmas\u0131 gerekiyor. \u015eirketler nezdinde ise bir d\u00f6n\u00fc\u015f\u00fcme b\u00fcy\u00fck ihtiya\u00e7 var. De\u011fi\u015fim i\u00e7in kaynak gerekiyor ve \u015firketlerin bu kaynaklara ula\u015fmas\u0131 i\u00e7in belli s\u00fcrd\u00fcr\u00fclebilirlik kriterlerini yerine getirmesi veya tamamlamas\u0131 gerekiyor. Varl\u0131k Y\u00f6netimi yapan \u015firketler i\u00e7in tercihlerin ve takibin ne kadar \u00f6nemli oldu\u011funu biliyoruz. \u015eirketlerin, varl\u0131k y\u00f6netimi konusunda kapsaml\u0131 bir \u00e7al\u0131\u015fma ger\u00e7ekle\u015ftirmesi, stratejilerini bu y\u00f6nde belirlemesi, s\u00fcrd\u00fcr\u00fclebilirlik konusunda 360 derece ara\u015ft\u0131rman\u0131n yap\u0131lmas\u0131 b\u00fcy\u00fck \u00f6nem arz ediyor. Gelecek i\u00e7in \u00f6n\u00fcm\u00fczde ciddi f\u0131rsatlar var ve Enerjisa \u00dcretim olarak biz de \u00fczerimize d\u00fc\u015fen g\u00f6revleri yerine getiriyoruz. Bu iki g\u00fcn bizimle birlikte olan t\u00fcm kat\u0131l\u0131mc\u0131lara ve eme\u011fi ge\u00e7en herkese te\u015fekk\u00fcr ederiz. Bu bulu\u015fmalara Enerjisa \u00dcretim olarak vesile olmaya devam edece\u011fiz.&#8221;<\/em><\/p>","protected":false},"excerpt":{"rendered":"<p>Sorry, this entry is only available in Turkish. For the sake of viewer convenience, the content is shown below in the alternative language. You may click the link to switch the active language. Bilgi birikimini s\u00fcrekli geli\u015ftirerek sekt\u00f6re \u00f6nc\u00fcl\u00fck etmeyi ve bilgiyi toplum yarar\u0131na kullanmay\u0131 hedefleyen Enerjisa \u00dcretim\u2019in bu hedef do\u011frultusunda hayata ge\u00e7irdi\u011fi \u00f6nemli etkinliklerden [&hellip;]<\/p>\n","protected":false},"author":1,"featured_media":165499,"comment_status":"open","ping_status":"open","sticky":false,"template":"","format":"standard","meta":[],"categories":[51,53],"tags":[165,35365,106830],"views":39,"_links":{"self":[{"href":"https:\/\/www.enerjigazetesi.ist\/en\/wp-json\/wp\/v2\/posts\/165496"}],"collection":[{"href":"https:\/\/www.enerjigazetesi.ist\/en\/wp-json\/wp\/v2\/posts"}],"about":[{"href":"https:\/\/www.enerjigazetesi.ist\/en\/wp-json\/wp\/v2\/types\/post"}],"author":[{"embeddable":true,"href":"https:\/\/www.enerjigazetesi.ist\/en\/wp-json\/wp\/v2\/users\/1"}],"replies":[{"embeddable":true,"href":"https:\/\/www.enerjigazetesi.ist\/en\/wp-json\/wp\/v2\/comments?post=165496"}],"version-history":[{"count":0,"href":"https:\/\/www.enerjigazetesi.ist\/en\/wp-json\/wp\/v2\/posts\/165496\/revisions"}],"wp:featuredmedia":[{"embeddable":true,"href":"https:\/\/www.enerjigazetesi.ist\/en\/wp-json\/wp\/v2\/media\/165499"}],"wp:attachment":[{"href":"https:\/\/www.enerjigazetesi.ist\/en\/wp-json\/wp\/v2\/media?parent=165496"}],"wp:term":[{"taxonomy":"category","embeddable":true,"href":"https:\/\/www.enerjigazetesi.ist\/en\/wp-json\/wp\/v2\/categories?post=165496"},{"taxonomy":"post_tag","embeddable":true,"href":"https:\/\/www.enerjigazetesi.ist\/en\/wp-json\/wp\/v2\/tags?post=165496"}],"curies":[{"name":"wp","href":"https:\/\/api.w.org\/{rel}","templated":true}]}}