{"id":16545,"date":"2013-10-17T14:48:50","date_gmt":"2013-10-17T11:48:50","guid":{"rendered":"https:\/\/www.enerjigazetesi.ist\/?p=16545"},"modified":"2013-10-17T14:48:51","modified_gmt":"2013-10-17T11:48:51","slug":"deniz-ustu-ruzgar-enerjisinde-maliyetler-yuzde-30-gerileyecek","status":"publish","type":"post","link":"https:\/\/www.enerjigazetesi.ist\/en\/deniz-ustu-ruzgar-enerjisinde-maliyetler-yuzde-30-gerileyecek\/","title":{"rendered":"(Turkish) Deniz \u00dcst\u00fc R\u00fczg\u00e2r Enerjisinde Maliyetler Y\u00fczde 30 Gerileyecek!"},"content":{"rendered":"<p class=\"qtranxs-available-languages-message qtranxs-available-languages-message-en\">Sorry, this entry is only available in <a href=\"https:\/\/www.enerjigazetesi.ist\/tr\/wp-json\/wp\/v2\/posts\/16545\" class=\"qtranxs-available-language-link qtranxs-available-language-link-tr\" title=\"Turkish\">Turkish<\/a>. For the sake of viewer convenience, the content is shown below in the alternative language. You may click the link to switch the active language.<\/p><p><strong>R\u00fczg\u00e2r t\u00fcrbini teknolojilerindeki geli\u015fmeler deniz \u00fcst\u00fc r\u00fczg\u00e2r enerjisindeki\u00a0 yat\u0131r\u0131m maliyetlerini geriletiyor. Deniz \u00fcst\u00fc r\u00fczg\u00e2r enerjisinde yat\u0131r\u0131m maliyetlerinin 2020&#8217;ye kadar y\u00fczde 30\u00a0 oran\u0131nda gerileyebilece\u011fi \u00f6ng\u00f6r\u00fcl\u00fcyor.<\/strong><\/p>\n<p>Siemens&#8217;in deniz \u00fcst\u00fc r\u00fczg\u00e2r enerjisi biri<a href=\"https:\/\/www.enerjigazetesi.ist\/wp-content\/uploads\/2013\/10\/deniz-ustu-ruzgar-enerjisinde-maliyetler-yuzde-30-gerileyecek.jpg\"><img loading=\"lazy\" class=\"alignleft size-medium wp-image-16546\" title=\"deniz-ustu-ruzgar-enerjisinde-maliyetler-yuzde-30-gerileyecek\" src=\"https:\/\/www.enerjigazetesi.ist\/wp-content\/uploads\/2013\/10\/deniz-ustu-ruzgar-enerjisinde-maliyetler-yuzde-30-gerileyecek-300x199.jpg\" alt=\"\" width=\"300\" height=\"199\" srcset=\"https:\/\/www.enerjigazetesi.ist\/wp-content\/uploads\/2013\/10\/deniz-ustu-ruzgar-enerjisinde-maliyetler-yuzde-30-gerileyecek-300x199.jpg 300w, https:\/\/www.enerjigazetesi.ist\/wp-content\/uploads\/2013\/10\/deniz-ustu-ruzgar-enerjisinde-maliyetler-yuzde-30-gerileyecek-75x50.jpg 75w, https:\/\/www.enerjigazetesi.ist\/wp-content\/uploads\/2013\/10\/deniz-ustu-ruzgar-enerjisinde-maliyetler-yuzde-30-gerileyecek.jpg 376w\" sizes=\"(max-width: 300px) 100vw, 300px\" \/><\/a>minin ba\u015fkan\u0131 Michael Hannibal\u00a0 Alman Handelsblatt gazetesine yapt\u0131\u011f\u0131 a\u00e7\u0131klamada Siemens&#8217;in bu alanda teknoloji geli\u015ftirme\u00a0 \u00e7al\u0131\u015fmalar\u0131n\u0131 s\u00fcrd\u00fcrd\u00fc\u011f\u00fc bilgisini verdi.<\/p>\n<p>Bu alana y\u00f6nelik t\u00fcrbinlerin \u00fcretim ve bak\u0131m maliyetlerini geriletmeyi\u00a0 hedeflediklerini ifade eden Hannibal, bu ama\u00e7la son olarak geli\u015ftirilen 6 MW\u00a0 g\u00fcc\u00fcndeki, di\u015fli kutusuz r\u00fczg\u00e2r t\u00fcrbininde, t\u00fcrbin kabinindeki (nacelle)\u00a0 hareketli par\u00e7alar\u0131n yar\u0131ya yak\u0131n oranda azalt\u0131ld\u0131\u011f\u0131n\u0131 s\u00f6yledi.<\/p>\n<p>Gazetenin haberinde ayr\u0131ca karasal r\u00fczg\u00e2r enerjisi santrallerinde \u00fcretilen\u00a0 elektri\u011fin kilovat-saat maliyetinin 7 avro-sent d\u00fczeyinde bulunurken, bu rakam\u0131n\u00a0 kurulum ve bak\u0131m maliyetleri ile birlikte deniz \u00fcst\u00fc r\u00fczg\u00e2r enerjisi\u00a0 santrallerinde 12.8 ila 14.2 avro-sent aras\u0131na \u00e7\u0131kabildi\u011fi bilgileri yer\u00a0 ald\u0131.<\/p>\n<p>Avrupa R\u00fczg\u00e2r Enerjisi Birli\u011fi (EWEA) verilerine g\u00f6re 1 Temmuz 2013 itibari\u00a0 ile Avrupa k\u0131y\u0131lar\u0131nda toplam kurulu g\u00fc\u00e7leri 6,040 MW olan 1,939 deniz \u00fcst\u00fc\u00a0 r\u00fczg\u00e2r enerjisi t\u00fcrbini bulunuyor. Siemens 2012 y\u0131l\u0131nda bu pazarda y\u00fczde 83&#8217;l\u00fck\u00a0 pazar pay\u0131na ula\u015fm\u0131\u015ft\u0131.<\/p>\n<p>Kaynak: <a href=\"http:\/\/www.yesilekonomi.com\/yenilenebilir-enerji\/deniz-ustu-ruzgr-enerjisinde-maliyetler-yuzde-30-gerileyecek\" target=\"_blank\">Ye\u015fil Ekonomi<\/a><\/p>","protected":false},"excerpt":{"rendered":"<p>Sorry, this entry is only available in Turkish. For the sake of viewer convenience, the content is shown below in the alternative language. You may click the link to switch the active language.R\u00fczg\u00e2r t\u00fcrbini teknolojilerindeki geli\u015fmeler deniz \u00fcst\u00fc r\u00fczg\u00e2r enerjisindeki\u00a0 yat\u0131r\u0131m maliyetlerini geriletiyor. Deniz \u00fcst\u00fc r\u00fczg\u00e2r enerjisinde yat\u0131r\u0131m maliyetlerinin 2020&#8217;ye kadar y\u00fczde 30\u00a0 oran\u0131nda gerileyebilece\u011fi [&hellip;]<\/p>\n","protected":false},"author":1,"featured_media":16546,"comment_status":"open","ping_status":"open","sticky":false,"template":"","format":"standard","meta":[],"categories":[53,50],"tags":[1681,9630,9633,19,63,67,1009,165,1683,7341,9632,474,69,16,5132,324,1053,9631],"views":828,"_links":{"self":[{"href":"https:\/\/www.enerjigazetesi.ist\/en\/wp-json\/wp\/v2\/posts\/16545"}],"collection":[{"href":"https:\/\/www.enerjigazetesi.ist\/en\/wp-json\/wp\/v2\/posts"}],"about":[{"href":"https:\/\/www.enerjigazetesi.ist\/en\/wp-json\/wp\/v2\/types\/post"}],"author":[{"embeddable":true,"href":"https:\/\/www.enerjigazetesi.ist\/en\/wp-json\/wp\/v2\/users\/1"}],"replies":[{"embeddable":true,"href":"https:\/\/www.enerjigazetesi.ist\/en\/wp-json\/wp\/v2\/comments?post=16545"}],"version-history":[{"count":3,"href":"https:\/\/www.enerjigazetesi.ist\/en\/wp-json\/wp\/v2\/posts\/16545\/revisions"}],"predecessor-version":[{"id":16549,"href":"https:\/\/www.enerjigazetesi.ist\/en\/wp-json\/wp\/v2\/posts\/16545\/revisions\/16549"}],"wp:featuredmedia":[{"embeddable":true,"href":"https:\/\/www.enerjigazetesi.ist\/en\/wp-json\/wp\/v2\/media\/16546"}],"wp:attachment":[{"href":"https:\/\/www.enerjigazetesi.ist\/en\/wp-json\/wp\/v2\/media?parent=16545"}],"wp:term":[{"taxonomy":"category","embeddable":true,"href":"https:\/\/www.enerjigazetesi.ist\/en\/wp-json\/wp\/v2\/categories?post=16545"},{"taxonomy":"post_tag","embeddable":true,"href":"https:\/\/www.enerjigazetesi.ist\/en\/wp-json\/wp\/v2\/tags?post=16545"}],"curies":[{"name":"wp","href":"https:\/\/api.w.org\/{rel}","templated":true}]}}