{"id":165447,"date":"2022-12-19T12:53:31","date_gmt":"2022-12-19T09:53:31","guid":{"rendered":"https:\/\/www.enerjigazetesi.ist\/?p=165447"},"modified":"2022-12-19T12:54:35","modified_gmt":"2022-12-19T09:54:35","slug":"silivri-dogal-gaz-depolama-tesisi-kapasite-artis-toreni-yapildi","status":"publish","type":"post","link":"https:\/\/www.enerjigazetesi.ist\/en\/silivri-dogal-gaz-depolama-tesisi-kapasite-artis-toreni-yapildi\/","title":{"rendered":"(Turkish) Silivri Do\u011fal Gaz Depolama Tesisi Kapasite Art\u0131\u015f T\u00f6reni Yap\u0131ld\u0131"},"content":{"rendered":"<p class=\"qtranxs-available-languages-message qtranxs-available-languages-message-en\">Sorry, this entry is only available in <a href=\"https:\/\/www.enerjigazetesi.ist\/tr\/wp-json\/wp\/v2\/posts\/165447\" class=\"qtranxs-available-language-link qtranxs-available-language-link-tr\" title=\"Turkish\">Turkish<\/a>. For the sake of viewer convenience, the content is shown below in the alternative language. You may click the link to switch the active language.<\/p><p><\/p>\n<h2>Enerji ve Tabii Kaynaklar Bakan\u0131\u00a0Fatih\u00a0D\u00f6nmez, T\u00fcrkiye&#8217;nin, 7 uluslararas\u0131 do\u011fal gaz boru hatt\u0131, 4 LNG tesisi, 2 yer alt\u0131 do\u011fal gaz depolama tesisiyle, enerjide merkez \u00fclke olma hedefini ger\u00e7e\u011fe d\u00f6n\u00fc\u015ft\u00fcrecek b\u00fct\u00fcn arg\u00fcmanlara sahip oldu\u011funu belirtti.<\/h2>\n<p style=\"text-align: center;\"><img loading=\"lazy\" class=\"aligncenter wp-image-165450\" src=\"https:\/\/www.enerjigazetesi.ist\/wp-content\/uploads\/2022\/12\/dynupload_202212161937.jpg\" alt=\"\" width=\"500\" height=\"329\" srcset=\"https:\/\/www.enerjigazetesi.ist\/wp-content\/uploads\/2022\/12\/dynupload_202212161937.jpg 550w, https:\/\/www.enerjigazetesi.ist\/wp-content\/uploads\/2022\/12\/dynupload_202212161937-300x197.jpg 300w, https:\/\/www.enerjigazetesi.ist\/wp-content\/uploads\/2022\/12\/dynupload_202212161937-500x329.jpg 500w, https:\/\/www.enerjigazetesi.ist\/wp-content\/uploads\/2022\/12\/dynupload_202212161937-76x50.jpg 76w\" sizes=\"(max-width: 500px) 100vw, 500px\" \/><\/p>\n<p>Bakan\u00a0D\u00f6nmez, <strong>Cumhurba\u015fkan\u0131 Recep Tayyip Erdo\u011fan<\/strong>\u2019\u0131n kat\u0131l\u0131m\u0131yla ger\u00e7ekle\u015ftirilen Silivri Do\u011fal Gaz Depolama Tesisi Kapasite Art\u0131\u015f T\u00f6reni&#8217;nde konu\u015ftu.<\/p>\n<p>T\u00fcrkiye&#8217;nin ilk ve en b\u00fcy\u00fck do\u011fal gaz depolama tesisinin bug\u00fcn tam kapasite devreye al\u0131naca\u011f\u0131n\u0131 ifade eden\u00a0D\u00f6nmez, &#8220;<strong>Silivri Do\u011fal Gaz Depolama Tesisi<\/strong> kendi alan\u0131nda Avrupa&#8217;n\u0131n en b\u00fcy\u00fc\u011f\u00fc. Geni\u015fletme \u00e7al\u0131\u015fmalar\u0131n\u0131n ard\u0131ndan 4,6 milyar metrek\u00fcp kapasiteye ula\u015fan tesisimiz, T\u00fcrkiye&#8217;nin yo\u011fun k\u0131\u015f g\u00fcnlerindeki g\u00fcnl\u00fck gaz ihtiyac\u0131n\u0131n y\u00fczde 25&#8217;ini tek ba\u015f\u0131na kar\u015f\u0131layabilecek durumda. Bir ba\u015fka ifadeyle \u0130stanbul&#8217;daki konutlar\u0131m\u0131z\u0131n bir y\u0131ll\u0131k do\u011fal gaz ihtiyac\u0131n\u0131 tek ba\u015f\u0131na kar\u015f\u0131layabilecek kapasitede.&#8221; dedi.<\/p>\n<p>D\u00f6nmez, tesisin bulundu\u011fu alanda daha \u00f6nce gaz \u00fcretimi ger\u00e7ekle\u015ftirildi\u011fini an\u0131msatarak, <em>&#8220;\u00dcretim a\u015famas\u0131n\u0131 tamamlayan<strong> Kuzey Marmara rezervuar alan\u0131,<\/strong> bug\u00fcn <strong>Silivri Do\u011fal Gaz Depolama Tesisi<\/strong> olarak yeni i\u015fleviyle faaliyetlerine devam ediyor.&#8221;<\/em> diye konu\u015ftu.<\/p>\n<p>Tesisin kapasite art\u0131rma \u00e7al\u0131\u015fmalar\u0131na ili\u015fkin bilgi veren\u00a0D\u00f6nmez, <em>&#8220;Proje, deniz platformu in\u015fas\u0131, kara in\u015faatlar\u0131, deniz sondajlar\u0131, karadan yatay a\u00e7\u0131l\u0131ml\u0131 sondajlar\u0131, deniz boru hatt\u0131, kara boru hatt\u0131, y\u00fczey tesisi olarak adland\u0131rd\u0131\u011f\u0131m\u0131z gaz i\u015fleme tesisi in\u015fas\u0131 gibi petrol ve do\u011fal gaz sekt\u00f6r\u00fcn\u00fcn t\u00fcm bile\u015fenlerini b\u00fcnyesinde bar\u0131nd\u0131ran ender projelerden birisi.&#8221;<\/em> ifadesini kulland\u0131.<\/p>\n<h3><strong>Tesisin elektri\u011fi r\u00fczgar t\u00fcrbininden kar\u015f\u0131lan\u0131yor<\/strong><\/h3>\n<p>Bakan D\u00f6nmez, geni\u015fletme \u00e7al\u0131\u015fmalar\u0131n\u0131n, karadan 3 kilometre uzakta kurulan <strong>Piri Mehmed Pa\u015fa<\/strong> ve <strong>Ali Pa\u015fa<\/strong> isimli <strong>deniz platformlar\u0131<\/strong> vas\u0131tas\u0131yla ger\u00e7ekle\u015ftirildi\u011fini belirterek, &#8220;Marmara&#8217;n\u0131n kalbinde hayata ge\u00e7en tesisimiz, g\u00fcnl\u00fck 75 milyon metrek\u00fcpe kadar olan geri \u00fcretim kapasitesiyle <strong>milli do\u011fal gaz \u015febekemize gaz basabilir durumda.<\/strong>&#8221; bilgisini payla\u015ft\u0131.<\/p>\n<p>Tesisin, enerji arz g\u00fcvenli\u011fine katk\u0131s\u0131n\u0131n yan\u0131 s\u0131ra \u00e7evreye ve s\u00fcrd\u00fcr\u00fclebilirli\u011fe verdi\u011fi \u00f6nemle de pek \u00e7ok ilki hayata ge\u00e7irdi\u011fini kaydeden\u00a0D\u00f6nmez, <em>&#8220;Tesis b\u00fct\u00fcn elektri\u011fini 4,2 megavatl\u0131k r\u00fczgar t\u00fcrbininden kar\u015f\u0131l\u0131yor. Tesisteki binalar\u0131n enerjisi alanda kurulan g\u00fcne\u015f santralinden kar\u015f\u0131lan\u0131yor. Tesisimiz, temiz enerji y\u00f6netimi ve s\u00fcrd\u00fcr\u00fclebilir \u00e7evre politikas\u0131yla T\u00fcrkiye&#8217;de karbon ayak izi sertifikas\u0131 alan ilk tesisimiz oldu.&#8221;<\/em> diye konu\u015ftu.<\/p>\n<h3><strong>&#8220;T\u00fcrkiye Y\u00fczy\u0131l\u0131&#8217;nda, enerjide merkez \u00fclke hedefimize ula\u015faca\u011f\u0131z<\/strong><\/h3>\n<p>Bakan D\u00f6nmez, son 20 y\u0131lda sekt\u00f6rde \u00fcretimden teknolojiye kadar canl\u0131 ve s\u00fcrekli geli\u015fen bir do\u011fal gaz de\u011fer zinciri olu\u015fturduklar\u0131n\u0131 belirterek, <span style=\"text-decoration: underline;\">\u015funlar\u0131 kaydetti:<\/span><\/p>\n<p><em>&#8220;Bug\u00fcn<strong> 7 uluslararas\u0131 do\u011fal gaz boru hatt\u0131na<\/strong>, <strong>4 LNG<\/strong> tesisine,<strong> 2 yer alt\u0131 do\u011fal gaz depolama tesisi<\/strong>ne ve fiyatlar\u0131n serbest piyasada olu\u015ftu\u011fu bir enerji piyasas\u0131na sahibiz. Enerjide merkez \u00fclke hedefimizi ger\u00e7e\u011fe d\u00f6n\u00fc\u015ft\u00fcrecek b\u00fct\u00fcn arg\u00fcmanlara sahibiz. Sahip oldu\u011fumuz altyap\u0131n\u0131n daha da geli\u015ftirilmesi i\u00e7in son zamanlarda yo\u011fun bir enerji diplomasisi y\u00fcr\u00fct\u00fcyoruz. Gaz ticareti yapt\u0131\u011f\u0131m\u0131z \u00fclkelerle mevcut i\u015fbirli\u011fimizin daha da ileri seviyelere ta\u015f\u0131nmas\u0131 konusunda mutab\u0131k kald\u0131k. Daha \u00f6nce gaz ticareti yapmad\u0131\u011f\u0131m\u0131z \u00fclkelerle de yeni yat\u0131r\u0131mlar, yeni projeler \u00fczerine verimli g\u00f6r\u00fc\u015fmeler ger\u00e7ekle\u015ftiriyoruz. T\u00fcrkiye Y\u00fczy\u0131l\u0131&#8217;nda, enerjide merkez \u00fclke hedefimize ula\u015faca\u011f\u0131z. T\u00fcrkiye Y\u00fczy\u0131l\u0131&#8217;nda, T\u00fcrkiye&#8217;nin g\u00fcc\u00fcne ve b\u00fcy\u00fckl\u00fc\u011f\u00fcne yak\u0131\u015f\u0131r bir ticaret merkezi kuraca\u011f\u0131z. Bu konuda yol haritam\u0131z\u0131 en k\u0131sa s\u00fcrede ilan edecek ve bir an \u00f6nce harekete ge\u00e7ece\u011fiz.&#8221;<\/em><\/p>\n<p>Kaynak: <a href=\"https:\/\/enerji.gov.tr\/haber-detay?id=21081\" target=\"_blank\" rel=\"noopener\">ETKB<\/a><\/p>","protected":false},"excerpt":{"rendered":"<p>Sorry, this entry is only available in Turkish. For the sake of viewer convenience, the content is shown below in the alternative language. You may click the link to switch the active language. Enerji ve Tabii Kaynaklar Bakan\u0131\u00a0Fatih\u00a0D\u00f6nmez, T\u00fcrkiye&#8217;nin, 7 uluslararas\u0131 do\u011fal gaz boru hatt\u0131, 4 LNG tesisi, 2 yer alt\u0131 do\u011fal gaz depolama tesisiyle, [&hellip;]<\/p>\n","protected":false},"author":1,"featured_media":165450,"comment_status":"open","ping_status":"open","sticky":false,"template":"","format":"standard","meta":[],"categories":[46,53],"tags":[8101,23219,10764,106815],"views":35,"_links":{"self":[{"href":"https:\/\/www.enerjigazetesi.ist\/en\/wp-json\/wp\/v2\/posts\/165447"}],"collection":[{"href":"https:\/\/www.enerjigazetesi.ist\/en\/wp-json\/wp\/v2\/posts"}],"about":[{"href":"https:\/\/www.enerjigazetesi.ist\/en\/wp-json\/wp\/v2\/types\/post"}],"author":[{"embeddable":true,"href":"https:\/\/www.enerjigazetesi.ist\/en\/wp-json\/wp\/v2\/users\/1"}],"replies":[{"embeddable":true,"href":"https:\/\/www.enerjigazetesi.ist\/en\/wp-json\/wp\/v2\/comments?post=165447"}],"version-history":[{"count":0,"href":"https:\/\/www.enerjigazetesi.ist\/en\/wp-json\/wp\/v2\/posts\/165447\/revisions"}],"wp:featuredmedia":[{"embeddable":true,"href":"https:\/\/www.enerjigazetesi.ist\/en\/wp-json\/wp\/v2\/media\/165450"}],"wp:attachment":[{"href":"https:\/\/www.enerjigazetesi.ist\/en\/wp-json\/wp\/v2\/media?parent=165447"}],"wp:term":[{"taxonomy":"category","embeddable":true,"href":"https:\/\/www.enerjigazetesi.ist\/en\/wp-json\/wp\/v2\/categories?post=165447"},{"taxonomy":"post_tag","embeddable":true,"href":"https:\/\/www.enerjigazetesi.ist\/en\/wp-json\/wp\/v2\/tags?post=165447"}],"curies":[{"name":"wp","href":"https:\/\/api.w.org\/{rel}","templated":true}]}}