{"id":165440,"date":"2022-12-19T12:11:17","date_gmt":"2022-12-19T09:11:17","guid":{"rendered":"https:\/\/www.enerjigazetesi.ist\/?p=165440"},"modified":"2022-12-19T12:11:17","modified_gmt":"2022-12-19T09:11:17","slug":"sedastan-en-ovguye-deger-odulu-icin-calisanlarina-tesekkur","status":"publish","type":"post","link":"https:\/\/www.enerjigazetesi.ist\/en\/sedastan-en-ovguye-deger-odulu-icin-calisanlarina-tesekkur\/","title":{"rendered":"(Turkish) SEDA\u015e\u2019tan &#8220;En \u00d6vg\u00fcye De\u011fer&#8221; \u00d6d\u00fcl\u00fc \u0130\u00e7in \u00c7al\u0131\u015fanlar\u0131na Te\u015fekk\u00fcr"},"content":{"rendered":"<p class=\"qtranxs-available-languages-message qtranxs-available-languages-message-en\">Sorry, this entry is only available in <a href=\"https:\/\/www.enerjigazetesi.ist\/tr\/wp-json\/wp\/v2\/posts\/165440\" class=\"qtranxs-available-language-link qtranxs-available-language-link-tr\" title=\"Turkish\">Turkish<\/a>. For the sake of viewer convenience, the content is shown below in the alternative language. You may click the link to switch the active language.<\/p><p><\/p>\n<h2><strong>SEDA\u015e, \u201cEn \u00d6vg\u00fcye De\u011fer\u201d \u00f6d\u00fcl\u00fcne lay\u0131k g\u00f6r\u00fclen \u0130K\u0130G\u0130A projesinde pay sahibi 14 \u00e7al\u0131\u015fan i\u00e7in \u00f6d\u00fcl t\u00f6reni d\u00fczenledi. T\u00f6rene kat\u0131lan SEDA\u015e \u00dcst Y\u00f6netim Ekibi, <\/strong><strong>projede eme\u011fi ge\u00e7enlere te\u015fekk\u00fcr ederek \u00f6d\u00fcllerini takdim etti.<\/strong><\/h2>\n<p>Sakarya Elektrik Da\u011f\u0131t\u0131m A.\u015e.(SEDA\u015e), <strong>\u0130M\u0130 Conferences<\/strong> taraf\u0131ndan organize edilen T\u00fcrkiye \u0130leti\u015fim Merkezi \u00d6d\u00fclleri 2022,<strong> \u201cEn \u0130yi M\u00fc\u015fteri Deneyimi\u201d<\/strong> kategorisinde<strong> \u201cEn \u00d6vg\u00fcye De\u011fer\u201d<\/strong> \u00f6d\u00fcl\u00fcn\u00fcn kazan\u0131lmas\u0131nda eme\u011fi ge\u00e7en <strong>14 \u00e7al\u0131\u015fan\u0131<\/strong> i\u00e7in \u00f6d\u00fcl t\u00f6reni d\u00fczenledi<strong>. SEDA\u015e Teknik e\u011fitim<img loading=\"lazy\" class=\"alignright wp-image-165444\" src=\"https:\/\/www.enerjigazetesi.ist\/wp-content\/uploads\/2022\/12\/6.jpg\" alt=\"sedastan-en-ovguye-deger-odulu-icin-calisanlarina-tesekkur\" width=\"320\" height=\"199\" srcset=\"https:\/\/www.enerjigazetesi.ist\/wp-content\/uploads\/2022\/12\/6.jpg 550w, https:\/\/www.enerjigazetesi.ist\/wp-content\/uploads\/2022\/12\/6-300x187.jpg 300w, https:\/\/www.enerjigazetesi.ist\/wp-content\/uploads\/2022\/12\/6-500x311.jpg 500w, https:\/\/www.enerjigazetesi.ist\/wp-content\/uploads\/2022\/12\/6-80x50.jpg 80w\" sizes=\"(max-width: 320px) 100vw, 320px\" \/> merkezinde<\/strong> ger\u00e7ekle\u015ftirilen t\u00f6rene SEDA\u015e\u2019\u0131n \u00fcst y\u00f6netim ekibi ve proje sorumlular\u0131 kat\u0131ld\u0131.<\/p>\n<p>T\u00f6renin a\u00e7\u0131l\u0131\u015f konu\u015fmas\u0131n\u0131 yapan SEDA\u015e Kurumsal \u0130leti\u015fim ve M\u00fc\u015fteri \u0130li\u015fkileri M\u00fcd\u00fcr\u00fc Efsun Ergin, \u201c\u0130smini Japon felsefesindeki \u201cvarl\u0131k nedeni\u201d \u00f6\u011fretisinden alan \u0130K\u0130GA\u0130 projesini ge\u00e7ti\u011fimiz y\u0131l hayata ge\u00e7irdik. Proje kapsam\u0131nda kurum i\u00e7i \u00e7al\u0131\u015ftaylar, m\u00fc\u015fterilerle birebir g\u00f6r\u00fc\u015fmeler, e\u011fitim programlar\u0131 ve \u015firket i\u00e7i fark\u0131ndal\u0131k \u00e7al\u0131\u015fmalar\u0131 d\u00fczenledik. \u201c\u0130K\u0130GA\u0130\u201d ile m\u00fc\u015fteri memnuniyeti ve t\u00fcm parametrelerde ba\u015far\u0131l\u0131 bir ivme yakalayan \u015firketimiz, bu ba\u015far\u0131s\u0131n\u0131 g\u00fc\u00e7l\u00fc rakiplerini geride b\u0131rakarak ald\u0131\u011f\u0131 \u201cEn \u00d6vg\u00fcye De\u011fer\u201d \u00f6d\u00fcl\u00fc ile ta\u00e7land\u0131rd\u0131. Nice ba\u015far\u0131l\u0131 \u00e7al\u0131\u015fmalar\u0131 birlikte kutlamak \u00fczere t\u00fcm ekip arkada\u015flar\u0131m\u0131 tebrik ediyorum\u201d dedi.<\/p>\n<p><strong>SEDA\u015e Y\u00f6netim Kurulu ve \u0130cra Ba\u015fkan\u0131 Dr.Necmi Odyakmaz<\/strong> \u00f6d\u00fcl alan \u00e7al\u0131\u015fanlar\u0131 tebrik ederek; <em>\u201c\u0130K\u0130GA\u0130 projesi enerjimizin kayna\u011f\u0131 olan m\u00fc\u015fteri memnuniyeti oda\u011f\u0131nda hayata ge\u00e7ti. \u00dcst y\u00f6netim ekibimizden saha \u00e7al\u0131\u015fanlar\u0131na kadar b\u00fct\u00fcn pozisyonlar\u0131m\u0131z\u0131, m\u00fc\u015fteriye dokunan b\u00f6l\u00fcmlerimizi, t\u00fcm s\u00fcre\u00e7lerimizi kapsayacak ve iyile\u015ftirecek \u015fekilde olu\u015fturuldu. M\u00fc\u015fteri memnuniyetini daha ileriye ta\u015f\u0131mak i\u00e7in hayata ge\u00e7irdi\u011fimiz \u0130K\u0130GA\u0130 projemizde eme\u011fi ge\u00e7en ve \u00f6d\u00fcl\u00fcn kazan\u0131lmas\u0131nda \u00f6nemli paya sahip olan t\u00fcm \u00e7al\u0131\u015fma arkada\u015flar\u0131ma bir kez daha te\u015fekk\u00fcr ediyorum. Ba\u015far\u0131l\u0131 \u00e7al\u0131\u015fmalar\u0131n\u0131z\u0131n devam\u0131n\u0131 diliyorum\u201d<\/em> dedi.<\/p>\n<p>Kurumsal \u0130leti\u015fim ve M\u00fc\u015fteri \u0130li\u015fkileri M\u00fcd\u00fcrl\u00fc\u011f\u00fcnde \u00e7al\u0131\u015fan <strong>14 ki\u015fiye<\/strong> te\u015fekk\u00fcr belgelerini, SEDA\u015e CEO\u2019su Dr.Necmi Odyakmaz, Y\u00f6netim Kurulu ve \u0130cra Ba\u015fkan Yard\u0131mc\u0131s\u0131 Jiri Holub, Reg\u00fclasyon ve Uyum Direkt\u00f6r\u00fc Mustafa Y\u0131lmaz, Da\u011f\u0131t\u0131m Operasyonlar\u0131 Direkt\u00f6r\u00fc Burhan Ak, Enerji \u015eebeke Y\u00f6netimi Direkt\u00f6r\u00fc Erol Sancak, CFO Vekili \u00d6zcan Y\u00fcksel ve Performans \u0130zleme ve Geli\u015ftirme Koordinat\u00f6r\u00fc Mustafa Emre \u015eafak verirken \u00f6d\u00fcl t\u00f6reni daha sonra hat\u0131ra foto\u011fraf\u0131 ve kokteyl ile son buldu.<\/p>","protected":false},"excerpt":{"rendered":"<p>Sorry, this entry is only available in Turkish. For the sake of viewer convenience, the content is shown below in the alternative language. You may click the link to switch the active language. SEDA\u015e, \u201cEn \u00d6vg\u00fcye De\u011fer\u201d \u00f6d\u00fcl\u00fcne lay\u0131k g\u00f6r\u00fclen \u0130K\u0130G\u0130A projesinde pay sahibi 14 \u00e7al\u0131\u015fan i\u00e7in \u00f6d\u00fcl t\u00f6reni d\u00fczenledi. T\u00f6rene kat\u0131lan SEDA\u015e \u00dcst Y\u00f6netim [&hellip;]<\/p>\n","protected":false},"author":1,"featured_media":165445,"comment_status":"open","ping_status":"open","sticky":false,"template":"","format":"standard","meta":[],"categories":[51,53],"tags":[26353,106814,2444],"views":33,"_links":{"self":[{"href":"https:\/\/www.enerjigazetesi.ist\/en\/wp-json\/wp\/v2\/posts\/165440"}],"collection":[{"href":"https:\/\/www.enerjigazetesi.ist\/en\/wp-json\/wp\/v2\/posts"}],"about":[{"href":"https:\/\/www.enerjigazetesi.ist\/en\/wp-json\/wp\/v2\/types\/post"}],"author":[{"embeddable":true,"href":"https:\/\/www.enerjigazetesi.ist\/en\/wp-json\/wp\/v2\/users\/1"}],"replies":[{"embeddable":true,"href":"https:\/\/www.enerjigazetesi.ist\/en\/wp-json\/wp\/v2\/comments?post=165440"}],"version-history":[{"count":0,"href":"https:\/\/www.enerjigazetesi.ist\/en\/wp-json\/wp\/v2\/posts\/165440\/revisions"}],"wp:featuredmedia":[{"embeddable":true,"href":"https:\/\/www.enerjigazetesi.ist\/en\/wp-json\/wp\/v2\/media\/165445"}],"wp:attachment":[{"href":"https:\/\/www.enerjigazetesi.ist\/en\/wp-json\/wp\/v2\/media?parent=165440"}],"wp:term":[{"taxonomy":"category","embeddable":true,"href":"https:\/\/www.enerjigazetesi.ist\/en\/wp-json\/wp\/v2\/categories?post=165440"},{"taxonomy":"post_tag","embeddable":true,"href":"https:\/\/www.enerjigazetesi.ist\/en\/wp-json\/wp\/v2\/tags?post=165440"}],"curies":[{"name":"wp","href":"https:\/\/api.w.org\/{rel}","templated":true}]}}