{"id":165367,"date":"2022-12-18T12:38:50","date_gmt":"2022-12-18T09:38:50","guid":{"rendered":"https:\/\/www.enerjigazetesi.ist\/?p=165367"},"modified":"2022-12-18T12:44:55","modified_gmt":"2022-12-18T09:44:55","slug":"skywell-turkiye-15-ulkenin-distributorlugu-ve-yonetimini-ustlendi","status":"publish","type":"post","link":"https:\/\/www.enerjigazetesi.ist\/en\/skywell-turkiye-15-ulkenin-distributorlugu-ve-yonetimini-ustlendi\/","title":{"rendered":"(Turkish) &#8217;SKYWELL T\u00fcrkiye&#8217; 15 \u00dclkenin Distrib\u00fct\u00f6rl\u00fc\u011f\u00fc ve Y\u00f6netimini \u00dcstlendi"},"content":{"rendered":"<p class=\"qtranxs-available-languages-message qtranxs-available-languages-message-en\">Sorry, this entry is only available in <a href=\"https:\/\/www.enerjigazetesi.ist\/tr\/wp-json\/wp\/v2\/posts\/165367\" class=\"qtranxs-available-language-link qtranxs-available-language-link-tr\" title=\"Turkish\">Turkish<\/a>. For the sake of viewer convenience, the content is shown below in the alternative language. You may click the link to switch the active language.<\/p><p><\/p>\n<h2><strong>Uluba\u015flar Grubu \u015firketlerinden Ulu Motor b\u00fcnyesinde T\u00fcrkiye pazar\u0131na sunulan elektrikli otomobil markas\u0131 SKYWELL, k\u0131sa s\u00fcrede \u00f6nemli bir ba\u015far\u0131n\u0131n alt\u0131na imzas\u0131n\u0131 att\u0131. T\u00fcrkiye\u2019deki hen\u00fcz ilk y\u0131l\u0131nda 2 bin adedi a\u015fan sipari\u015f <img loading=\"lazy\" class=\"alignright wp-image-165370\" src=\"https:\/\/www.enerjigazetesi.ist\/wp-content\/uploads\/2022\/12\/SKYWELL-ET5-2.jpg\" alt=\"\" width=\"300\" height=\"225\" srcset=\"https:\/\/www.enerjigazetesi.ist\/wp-content\/uploads\/2022\/12\/SKYWELL-ET5-2.jpg 550w, https:\/\/www.enerjigazetesi.ist\/wp-content\/uploads\/2022\/12\/SKYWELL-ET5-2-300x225.jpg 300w, https:\/\/www.enerjigazetesi.ist\/wp-content\/uploads\/2022\/12\/SKYWELL-ET5-2-500x375.jpg 500w, https:\/\/www.enerjigazetesi.ist\/wp-content\/uploads\/2022\/12\/SKYWELL-ET5-2-67x50.jpg 67w\" sizes=\"(max-width: 300px) 100vw, 300px\" \/>alan ve bin adedin \u00fczerinde ara\u00e7 teslimat\u0131na ula\u015fan Ulu Motor, \u00c7in\u2019deki SKYWELL merkezinin dikkatini \u00e7ekmeyi ba\u015fard\u0131.<\/strong><\/h2>\n<p>Otomotiv, bili\u015fim, in\u015faat, gayrimenkul ve turizm sekt\u00f6rlerinde faaliyet g\u00f6steren Uluba\u015flar Grubu\u2019nun otomotiv \u015firketi Ulu Motor, distrib\u00fct\u00f6r\u00fc oldu\u011fu elektrikli ara\u00e7 markas\u0131 SKYWELL ile ba\u015far\u0131 grafi\u011fini h\u0131zl\u0131 y\u00fckseltiyor. Ge\u00e7ti\u011fimiz y\u0131l\u0131n Kas\u0131m ay\u0131nda T\u00fcrkiye pazar\u0131na giri\u015f yapan SKYWELL, tek modelle ba\u015flad\u0131\u011f\u0131 yolculu\u011funda ad\u0131ndan s\u00f6z ettirmeye ba\u015flad\u0131. Markan\u0131n ilk modeli olan <strong>% 100 elektrikli ET5<\/strong>\u2019in T\u00fcrkiye\u2019deki sat\u0131\u015f ba\u015far\u0131s\u0131, \u00c7in\u2019deki genel merkezi de harekete ge\u00e7irdi. Ulu Motor\u2019un k\u0131sa s\u00fcrede elde etti\u011fi ba\u015far\u0131l\u0131 sat\u0131\u015f grafi\u011fi, SKYWELL\u2019in yer ald\u0131\u011f\u0131<strong> 15 \u00fclkenin distrib\u00fct\u00f6rl\u00fc\u011f\u00fcn\u00fc<\/strong> ve <strong>y\u00f6netimini<\/strong> T\u00fcrkiye\u2019ye getirdi.<\/p>\n<h3><strong>Bir y\u0131lda 2.000&#8217;den fazla sipari\u015f ald\u0131!<\/strong><\/h3>\n<p>SKYWELL T\u00fcrkiye CEO\u2019su Mahmut Uluba\u015f, T\u00fcrk t\u00fcketicisinin SKYWELL ET5\u2019e olan ilgisinin artarak <img loading=\"lazy\" class=\"alignleft wp-image-165373\" src=\"https:\/\/www.enerjigazetesi.ist\/wp-content\/uploads\/2022\/12\/2022-12-18_123553.jpg\" alt=\"\" width=\"300\" height=\"301\" srcset=\"https:\/\/www.enerjigazetesi.ist\/wp-content\/uploads\/2022\/12\/2022-12-18_123553.jpg 453w, https:\/\/www.enerjigazetesi.ist\/wp-content\/uploads\/2022\/12\/2022-12-18_123553-300x300.jpg 300w, https:\/\/www.enerjigazetesi.ist\/wp-content\/uploads\/2022\/12\/2022-12-18_123553-150x150.jpg 150w, https:\/\/www.enerjigazetesi.ist\/wp-content\/uploads\/2022\/12\/2022-12-18_123553-398x400.jpg 398w, https:\/\/www.enerjigazetesi.ist\/wp-content\/uploads\/2022\/12\/2022-12-18_123553-50x50.jpg 50w, https:\/\/www.enerjigazetesi.ist\/wp-content\/uploads\/2022\/12\/2022-12-18_123553-100x100.jpg 100w\" sizes=\"(max-width: 300px) 100vw, 300px\" \/>devam etti\u011fini s\u00f6yledi. Bu y\u0131l <strong>Mart ay\u0131nda \u00f6n sipari\u015fleri teslim etmeye ba\u015flad\u0131klar\u0131n\u0131<\/strong> hat\u0131rlatan Mahmut Uluba\u015f, <em>\u201cAra\u00e7 tedarikinde sorun ya\u015fasak da k\u0131sa s\u00fcrede teslimatlar\u0131m\u0131z 1000 adedi a\u015ft\u0131. Hen\u00fcz ilk y\u0131l\u0131m\u0131z\u0131n sonunda olmam\u0131za ra\u011fmen 2 bin adedin \u00fczerinde sipari\u015fe ula\u015ft\u0131k. Dijital alanda da ses getirmeye ba\u015flad\u0131k. Ayda ortalama 10 arac\u0131n sipari\u015fini de internet \u00fczerinden al\u0131yoruz\u201d dedi. <strong>SKYWELL T\u00fcrkiye<\/strong> olarak yakalad\u0131klar\u0131 ba\u015far\u0131n\u0131n <strong>15 \u00fclkenin distrib\u00fct\u00f6rl\u00fck<\/strong> ve y\u00f6netimini <strong>Ulu Motor<\/strong>\u2019a getirdi\u011fini vurgulayan Mahmut Uluba\u015f, \u201c<strong>Bulgaristan\u2019dan<\/strong> itibaren <strong>Avusturya\u2019ya kadar<\/strong> olan hatta, aralar\u0131nda <strong>H\u0131rvatistan, Slovenya, Slovakya, Bosna Hersek, Makedonya, Arnavutluk, G\u00fcrcistan, \u00c7ekya<\/strong>\u2019n\u0131n da oldu\u011fu toplam <strong>15 \u00fclkenin y\u00f6netimi<\/strong> ve <strong>distrib\u00fct\u00f6rl\u00fc\u011f\u00fcn\u00fc<\/strong> bize verildi. Bununla birlikte <strong>SKYWELL Europe<\/strong>\u2019un <strong>web sitesinin<\/strong> ve <strong>sosyal medyas\u0131n\u0131n da<\/strong> y\u00f6netimini art\u0131k biz yapaca\u011f\u0131z\u201d dedi. <strong>Makedonya<\/strong> ve <strong>\u00c7ekya\u2019da<\/strong> yerel distrib\u00fct\u00f6rleri belirlediklerini s\u00f6yleyen Mahmut Uluba\u015f, \u201cH\u0131zla bu konudaki yap\u0131lanmam\u0131z\u0131 s\u00fcrd\u00fcr\u00fcyoruz. <strong>2023<\/strong> y\u0131l\u0131n\u0131n <strong>ilk 6 ay\u0131nda<\/strong> oradaki distrib\u00fct\u00f6rl\u00fck g\u00f6r\u00fc\u015fmelerini tamamlay\u0131p orda da <strong>SKYWELL sat\u0131\u015f<\/strong> ve <strong>sat\u0131\u015f sonras\u0131<\/strong> s\u00fcrecini T\u00fcrkiye\u2019de yapt\u0131\u011f\u0131m\u0131z gibi, ayn\u0131 \u015fekilde oturtup bu \u00fclkelerde de sat\u0131\u015fa ba\u015flayaca\u011f\u0131z. Yo\u011fun bir \u015fekilde bu \u00fclkelerdeki distrib\u00fct\u00f6r aray\u0131\u015flar\u0131m\u0131z devam ediyor\u201d<\/em> diye konu\u015ftu.<\/p>","protected":false},"excerpt":{"rendered":"<p>Sorry, this entry is only available in Turkish. For the sake of viewer convenience, the content is shown below in the alternative language. You may click the link to switch the active language. Uluba\u015flar Grubu \u015firketlerinden Ulu Motor b\u00fcnyesinde T\u00fcrkiye pazar\u0131na sunulan elektrikli otomobil markas\u0131 SKYWELL, k\u0131sa s\u00fcrede \u00f6nemli bir ba\u015far\u0131n\u0131n alt\u0131na imzas\u0131n\u0131 att\u0131. T\u00fcrkiye\u2019deki [&hellip;]<\/p>\n","protected":false},"author":1,"featured_media":165371,"comment_status":"open","ping_status":"open","sticky":false,"template":"","format":"standard","meta":[],"categories":[51,53],"tags":[215,1270,99470,106791,99469,106789],"views":84,"_links":{"self":[{"href":"https:\/\/www.enerjigazetesi.ist\/en\/wp-json\/wp\/v2\/posts\/165367"}],"collection":[{"href":"https:\/\/www.enerjigazetesi.ist\/en\/wp-json\/wp\/v2\/posts"}],"about":[{"href":"https:\/\/www.enerjigazetesi.ist\/en\/wp-json\/wp\/v2\/types\/post"}],"author":[{"embeddable":true,"href":"https:\/\/www.enerjigazetesi.ist\/en\/wp-json\/wp\/v2\/users\/1"}],"replies":[{"embeddable":true,"href":"https:\/\/www.enerjigazetesi.ist\/en\/wp-json\/wp\/v2\/comments?post=165367"}],"version-history":[{"count":0,"href":"https:\/\/www.enerjigazetesi.ist\/en\/wp-json\/wp\/v2\/posts\/165367\/revisions"}],"wp:featuredmedia":[{"embeddable":true,"href":"https:\/\/www.enerjigazetesi.ist\/en\/wp-json\/wp\/v2\/media\/165371"}],"wp:attachment":[{"href":"https:\/\/www.enerjigazetesi.ist\/en\/wp-json\/wp\/v2\/media?parent=165367"}],"wp:term":[{"taxonomy":"category","embeddable":true,"href":"https:\/\/www.enerjigazetesi.ist\/en\/wp-json\/wp\/v2\/categories?post=165367"},{"taxonomy":"post_tag","embeddable":true,"href":"https:\/\/www.enerjigazetesi.ist\/en\/wp-json\/wp\/v2\/tags?post=165367"}],"curies":[{"name":"wp","href":"https:\/\/api.w.org\/{rel}","templated":true}]}}