{"id":165322,"date":"2022-12-16T15:44:21","date_gmt":"2022-12-16T12:44:21","guid":{"rendered":"https:\/\/www.enerjigazetesi.ist\/?p=165322"},"modified":"2022-12-16T15:48:36","modified_gmt":"2022-12-16T12:48:36","slug":"elektrikli-arac-sarj-istasyonlarinin-gelisimi-icin-6-sehirde-etkinlik-duzenlendi","status":"publish","type":"post","link":"https:\/\/www.enerjigazetesi.ist\/en\/elektrikli-arac-sarj-istasyonlarinin-gelisimi-icin-6-sehirde-etkinlik-duzenlendi\/","title":{"rendered":"(Turkish) Elektrikli Ara\u00e7 \u015earj \u0130stasyonlar\u0131n\u0131n Geli\u015fimi \u0130\u00e7in 6 \u015eehirde Etkinlik Yap\u0131ld\u0131"},"content":{"rendered":"<p class=\"qtranxs-available-languages-message qtranxs-available-languages-message-en\">Sorry, this entry is only available in <a href=\"https:\/\/www.enerjigazetesi.ist\/tr\/wp-json\/wp\/v2\/posts\/165322\" class=\"qtranxs-available-language-link qtranxs-available-language-link-tr\" title=\"Turkish\">Turkish<\/a>. For the sake of viewer convenience, the content is shown below in the alternative language. You may click the link to switch the active language.<\/p><p><\/p>\n<h2>Elektrikli Ara\u00e7 \u015earj \u0130stasyonlar\u0131n\u0131n geli\u015fimini h\u0131zland\u0131rmak \u00fczere i\u015f ortaklar\u0131yla birlikte 6 \u015fehirde etkinlikler d\u00fczenleyen Schneider Electric, 1200 sekt\u00f6r temsilcisiyle bir araya geldi.<\/h2>\n<p>Schneider Electric, 2011 y\u0131l\u0131ndan bu yana \u015farj istasyonlar\u0131 alan\u0131nda geli\u015fim i\u00e7in \u00e7al\u0131\u015f\u0131yor. EVlink \u00fcr\u00fcn grubu \u00e7at\u0131s\u0131 alt\u0131nda <strong>45<\/strong> \u00fclkede,<strong> 90 bini a\u015fk\u0131n<\/strong> istasyonuyla <strong>elektrikli ara\u00e7lar<\/strong> i\u00e7in <em>g\u00fcvenli, s\u00fcrekli ve verimli bir enerji altyap\u0131s\u0131<\/em> sa\u011flamaya odaklan\u0131yor. B\u00f6ylece k\u00fcresel sekt\u00f6r liderleri aras\u0131nda yer alan <img loading=\"lazy\" class=\"alignright wp-image-165327\" src=\"https:\/\/www.enerjigazetesi.ist\/wp-content\/uploads\/2022\/12\/elektrikli-arac-sarj-istasyonlarinin-gelisimi-icin-6-sehirde-etkinlik-duzenlendi-2.jpg\" alt=\"\" width=\"320\" height=\"180\" srcset=\"https:\/\/www.enerjigazetesi.ist\/wp-content\/uploads\/2022\/12\/elektrikli-arac-sarj-istasyonlarinin-gelisimi-icin-6-sehirde-etkinlik-duzenlendi-2.jpg 550w, https:\/\/www.enerjigazetesi.ist\/wp-content\/uploads\/2022\/12\/elektrikli-arac-sarj-istasyonlarinin-gelisimi-icin-6-sehirde-etkinlik-duzenlendi-2-300x169.jpg 300w, https:\/\/www.enerjigazetesi.ist\/wp-content\/uploads\/2022\/12\/elektrikli-arac-sarj-istasyonlarinin-gelisimi-icin-6-sehirde-etkinlik-duzenlendi-2-500x281.jpg 500w, https:\/\/www.enerjigazetesi.ist\/wp-content\/uploads\/2022\/12\/elektrikli-arac-sarj-istasyonlarinin-gelisimi-icin-6-sehirde-etkinlik-duzenlendi-2-80x45.jpg 80w\" sizes=\"(max-width: 320px) 100vw, 320px\" \/>Schneider Electric, T\u00fcrkiye\u2019de de <strong>\u015farj istasyonlar\u0131<\/strong> alan\u0131nda geli\u015fim i\u00e7in \u00e7al\u0131\u015f\u0131yor. Bu kapsamda \u015firket, i\u015f ortaklar\u0131yla birlikte <strong>Malatya, Elaz\u0131\u011f, Gaziantep, Adana, Mersin<\/strong> ve<strong> Diyarbak\u0131r\u2019da<\/strong> sekt\u00f6r temsilcilerini bir araya getiren <strong>\u2018Ara\u00e7 \u015earj Cihazlar\u0131 (EVC) ve Y\u00f6netmelikler\u2019<\/strong> etkinliklerini d\u00fczenledi. Yeni nesil \u00e7\u00f6z\u00fcmler, sekt\u00f6rdeki <strong>f\u0131rsatlar<\/strong> ve<strong> yeni y\u00f6netmeliklerin<\/strong> konu\u015fuldu\u011fu bulu\u015fmalara 1200 sekt\u00f6r temsilcisi kat\u0131ld\u0131.<\/p>\n<p>Etkinliklerde Schneider Electric uzmanlar\u0131 taraf\u0131ndan <strong>d\u00fcnyada<\/strong> ve <strong>T\u00fcrkiye\u2019de<\/strong> hem <strong>dijital d\u00f6n\u00fc\u015f\u00fcm<\/strong> hem de <strong>e-mobilite<\/strong> kapsam\u0131nda ya\u015fanan geli\u015fmeler payla\u015f\u0131ld\u0131. Ayr\u0131ca \u015firketin \u015farj istasyonu \u00e7\u00f6z\u00fcm\u00fc olan <strong>EVlink<\/strong>, \u015falter ve devre kesici \u00e7\u00f6z\u00fcmleri <strong>GoPact<\/strong> ve <strong>ACB-CCB<\/strong> \u00fcr\u00fcn aileleri, kablosuz enerji izleme \u00e7\u00f6z\u00fcmleri <strong>Powertag<\/strong> ve <strong>HeatTag,<\/strong> g\u00fc\u00e7 elektroni\u011fi sistemlerinden yeni <strong>Altivar Soft Starter AT480<\/strong> ve <strong>s\u00fcr\u00fcc\u00fc ailesi<\/strong> etkinlikte \u00f6ne \u00e7\u0131kan <strong>yeni nesil teknolojiler<\/strong> oldu. T\u00fcm bunlarla birlikte kat\u0131l\u0131mc\u0131lar <strong>yeni y\u00f6netmelikler hakk\u0131nda bilgi<\/strong> elde ederken, sekt\u00f6r temsilcileriyle bilgi ve deneyim payla\u015f\u0131m\u0131 f\u0131rsatlar\u0131ndan da yararland\u0131lar.<\/p>\n<p>Schneider Electric Ara\u00e7 \u015earj Cihazlar\u0131 (EVC) ve Y\u00f6netmelikler etkinlikleri \u015firketin i\u015f ortaklar\u0131ndan <em>Yuvam Elektrik (Malatya), Elzem Elektrik (Elaz\u0131\u011f), An-El Elektroteknik (Gaziantep), \u00d6ztekin Enerji (Adana), Er Elektrik (Mersin), MFB Elektrik (Malatya) ve Ferkom Elektrik (Diyarbak\u0131r)<\/em> i\u015f birli\u011finde d\u00fczenlendi.<\/p>","protected":false},"excerpt":{"rendered":"<p>Sorry, this entry is only available in Turkish. For the sake of viewer convenience, the content is shown below in the alternative language. You may click the link to switch the active language. Elektrikli Ara\u00e7 \u015earj \u0130stasyonlar\u0131n\u0131n geli\u015fimini h\u0131zland\u0131rmak \u00fczere i\u015f ortaklar\u0131yla birlikte 6 \u015fehirde etkinlikler d\u00fczenleyen Schneider Electric, 1200 sekt\u00f6r temsilcisiyle bir araya geldi. [&hellip;]<\/p>\n","protected":false},"author":1,"featured_media":165328,"comment_status":"open","ping_status":"open","sticky":false,"template":"","format":"standard","meta":[],"categories":[51,53],"tags":[106773,106776,106774,106775,1273,4157,47231],"views":84,"_links":{"self":[{"href":"https:\/\/www.enerjigazetesi.ist\/en\/wp-json\/wp\/v2\/posts\/165322"}],"collection":[{"href":"https:\/\/www.enerjigazetesi.ist\/en\/wp-json\/wp\/v2\/posts"}],"about":[{"href":"https:\/\/www.enerjigazetesi.ist\/en\/wp-json\/wp\/v2\/types\/post"}],"author":[{"embeddable":true,"href":"https:\/\/www.enerjigazetesi.ist\/en\/wp-json\/wp\/v2\/users\/1"}],"replies":[{"embeddable":true,"href":"https:\/\/www.enerjigazetesi.ist\/en\/wp-json\/wp\/v2\/comments?post=165322"}],"version-history":[{"count":0,"href":"https:\/\/www.enerjigazetesi.ist\/en\/wp-json\/wp\/v2\/posts\/165322\/revisions"}],"wp:featuredmedia":[{"embeddable":true,"href":"https:\/\/www.enerjigazetesi.ist\/en\/wp-json\/wp\/v2\/media\/165328"}],"wp:attachment":[{"href":"https:\/\/www.enerjigazetesi.ist\/en\/wp-json\/wp\/v2\/media?parent=165322"}],"wp:term":[{"taxonomy":"category","embeddable":true,"href":"https:\/\/www.enerjigazetesi.ist\/en\/wp-json\/wp\/v2\/categories?post=165322"},{"taxonomy":"post_tag","embeddable":true,"href":"https:\/\/www.enerjigazetesi.ist\/en\/wp-json\/wp\/v2\/tags?post=165322"}],"curies":[{"name":"wp","href":"https:\/\/api.w.org\/{rel}","templated":true}]}}