{"id":165230,"date":"2022-12-15T15:05:02","date_gmt":"2022-12-15T12:05:02","guid":{"rendered":"https:\/\/www.enerjigazetesi.ist\/?p=165230"},"modified":"2022-12-15T15:05:02","modified_gmt":"2022-12-15T12:05:02","slug":"fabrika-atiklarinin-sanat-eserlerine-donustugu-sifir-atik-tema-parki-acildi","status":"publish","type":"post","link":"https:\/\/www.enerjigazetesi.ist\/en\/fabrika-atiklarinin-sanat-eserlerine-donustugu-sifir-atik-tema-parki-acildi\/","title":{"rendered":"(Turkish) Fabrika At\u0131klar\u0131n\u0131n Sanat Eserlerine D\u00f6n\u00fc\u015ft\u00fc\u011f\u00fc &#8216;S\u0131f\u0131r At\u0131k Tema Park\u0131&#8217; A\u00e7\u0131ld\u0131"},"content":{"rendered":"<p class=\"qtranxs-available-languages-message qtranxs-available-languages-message-en\">Sorry, this entry is only available in <a href=\"https:\/\/www.enerjigazetesi.ist\/tr\/wp-json\/wp\/v2\/posts\/165230\" class=\"qtranxs-available-language-link qtranxs-available-language-link-tr\" title=\"Turkish\">Turkish<\/a>. For the sake of viewer convenience, the content is shown below in the alternative language. You may click the link to switch the active language.<\/p><p><\/p>\n<h2>Kocaeli Ba\u015fiskele Belediyesi taraf\u0131ndan ger\u00e7ekle\u015ftirilen ve T\u00fcrkiye\u2019de bir ilk olan fabrika at\u0131klar\u0131n\u0131n sanat eserlerine d\u00f6n\u00fc\u015ft\u00fc\u011f\u00fc \u201cS\u0131f\u0131r At\u0131k Tema Park\u0131\u201d a\u00e7\u0131ld\u0131.<\/h2>\n<p>\u00c7evre ve \u015eehircilik Bakanl\u0131\u011f\u0131 taraf\u0131ndan y\u00fcr\u00fct\u00fclen \u201cS\u0131f\u0131r At\u0131k Seferberli\u011fi\u201d kapsam\u0131nda <strong>Ba\u015fiskele<img loading=\"lazy\" class=\"alignright wp-image-165234\" src=\"https:\/\/www.enerjigazetesi.ist\/wp-content\/uploads\/2022\/12\/2022-12-15_150322.jpg\" alt=\"\" width=\"320\" height=\"300\" srcset=\"https:\/\/www.enerjigazetesi.ist\/wp-content\/uploads\/2022\/12\/2022-12-15_150322.jpg 506w, https:\/\/www.enerjigazetesi.ist\/wp-content\/uploads\/2022\/12\/2022-12-15_150322-300x281.jpg 300w, https:\/\/www.enerjigazetesi.ist\/wp-content\/uploads\/2022\/12\/2022-12-15_150322-427x400.jpg 427w, https:\/\/www.enerjigazetesi.ist\/wp-content\/uploads\/2022\/12\/2022-12-15_150322-53x50.jpg 53w, https:\/\/www.enerjigazetesi.ist\/wp-content\/uploads\/2022\/12\/2022-12-15_150322-500x468.jpg 500w\" sizes=\"(max-width: 320px) 100vw, 320px\" \/> Belediyesi<\/strong> taraf\u0131ndan tasarlanarak hayata ge\u00e7irilen park\u0131 Kocaeli \u00dcniversitesi G\u00fczel Sanatlar Fak\u00fcltesi Seramik B\u00f6l\u00fcm\u00fc \u00d6\u011fretim \u00dcyesi <strong>Do\u00e7. Dr. Nermin Demirkol<\/strong>\u2019un dan\u0131\u015fmanl\u0131\u011f\u0131nda<strong> Ba\u015fiskele Belediyesi, Kocaeli \u00dcniversitesi ve b\u00f6lgedeki firmalar\u0131n i\u015f birli\u011fiyle<\/strong> olu\u015fturuldu. S\u0131f\u0131r At\u0131k Tema Park\u0131\u2019nda <strong>plastik, ah\u015fap, lastik, metal, cam, seramik<\/strong> gibi <strong>geri d\u00f6n\u00fc\u015febilen malzemelerden<\/strong> yap\u0131lan eserler sergileniyor.<\/p>\n<p>Fabrika ve firma at\u0131klar\u0131n\u0131n da yo\u011fun olarak kullan\u0131ld\u0131\u011f\u0131 Ba\u015fiskele S\u0131f\u0131r At\u0131k Park\u0131, bu \u00f6zelli\u011fiyle T\u00fcrkiye\u2019de bir ilk olma \u00f6zelli\u011fi de ta\u015f\u0131yor. <strong>Fabrika at\u0131klar\u0131n\u0131n sanat eserlerine d\u00f6n\u00fc\u015ft\u00fc\u011f\u00fc<\/strong> parkta, <strong>hurda trakt\u00f6rden eski at arabalar\u0131na<\/strong> kadar bir\u00e7ok kullan\u0131lmayan ara\u00e7 da yer al\u0131yor. Kuruyan a\u011fa\u00e7 k\u00fct\u00fcklerinden kartal ve bayku\u015f fig\u00fcrleri, otomobil lastiklerinden sal\u0131ncak, elektronik at\u0131klardan ayd\u0131nlatma dire\u011fi, hurda trakt\u00f6rden kayd\u0131rak gibi bir\u00e7ok<strong> geri d\u00f6n\u00fc\u015f\u00fcm malzemesinden yap\u0131lan \u00fcr\u00fcnler<\/strong> parkta ziyaret\u00e7ileri bekliyor.<\/p>\n<p>Toplamda<strong> 2 bin 900m\u00b2<\/strong>\u2019lik alanda kurulan park, her biri alt\u0131gen \u015feklinde<strong> 108m\u00b2<\/strong>\u2019lik <strong>7 b\u00f6l\u00fcmden<\/strong> olu\u015fuyor. Parkta <strong>\u00e7ocuklar\u0131n, gen\u00e7lerin<\/strong> ve <strong>her ya\u015ftan insanlar\u0131n<\/strong> at\u00f6lye \u00e7al\u0131\u015fmas\u0131 yaparak<strong> hem s\u0131f\u0131r at\u0131k bilinci kazanaca\u011f\u0131<\/strong> hem de <strong>keyifli vakit ge\u00e7irece\u011fi<\/strong> bir b\u00f6l\u00fcm de yer al\u0131yor.<\/p>","protected":false},"excerpt":{"rendered":"<p>Sorry, this entry is only available in Turkish. For the sake of viewer convenience, the content is shown below in the alternative language. You may click the link to switch the active language. Kocaeli Ba\u015fiskele Belediyesi taraf\u0131ndan ger\u00e7ekle\u015ftirilen ve T\u00fcrkiye\u2019de bir ilk olan fabrika at\u0131klar\u0131n\u0131n sanat eserlerine d\u00f6n\u00fc\u015ft\u00fc\u011f\u00fc \u201cS\u0131f\u0131r At\u0131k Tema Park\u0131\u201d a\u00e7\u0131ld\u0131. \u00c7evre ve [&hellip;]<\/p>\n","protected":false},"author":1,"featured_media":165233,"comment_status":"open","ping_status":"open","sticky":false,"template":"","format":"standard","meta":[],"categories":[53],"tags":[47943,812,106749,2529,43019,47944,15222,104750,12297,106750],"views":97,"_links":{"self":[{"href":"https:\/\/www.enerjigazetesi.ist\/en\/wp-json\/wp\/v2\/posts\/165230"}],"collection":[{"href":"https:\/\/www.enerjigazetesi.ist\/en\/wp-json\/wp\/v2\/posts"}],"about":[{"href":"https:\/\/www.enerjigazetesi.ist\/en\/wp-json\/wp\/v2\/types\/post"}],"author":[{"embeddable":true,"href":"https:\/\/www.enerjigazetesi.ist\/en\/wp-json\/wp\/v2\/users\/1"}],"replies":[{"embeddable":true,"href":"https:\/\/www.enerjigazetesi.ist\/en\/wp-json\/wp\/v2\/comments?post=165230"}],"version-history":[{"count":0,"href":"https:\/\/www.enerjigazetesi.ist\/en\/wp-json\/wp\/v2\/posts\/165230\/revisions"}],"wp:featuredmedia":[{"embeddable":true,"href":"https:\/\/www.enerjigazetesi.ist\/en\/wp-json\/wp\/v2\/media\/165233"}],"wp:attachment":[{"href":"https:\/\/www.enerjigazetesi.ist\/en\/wp-json\/wp\/v2\/media?parent=165230"}],"wp:term":[{"taxonomy":"category","embeddable":true,"href":"https:\/\/www.enerjigazetesi.ist\/en\/wp-json\/wp\/v2\/categories?post=165230"},{"taxonomy":"post_tag","embeddable":true,"href":"https:\/\/www.enerjigazetesi.ist\/en\/wp-json\/wp\/v2\/tags?post=165230"}],"curies":[{"name":"wp","href":"https:\/\/api.w.org\/{rel}","templated":true}]}}