{"id":165225,"date":"2022-12-15T14:51:58","date_gmt":"2022-12-15T11:51:58","guid":{"rendered":"https:\/\/www.enerjigazetesi.ist\/?p=165225"},"modified":"2022-12-15T14:51:58","modified_gmt":"2022-12-15T11:51:58","slug":"qnb-finansbank-cdp-notunu-liderlik-seviyesine-tasidi","status":"publish","type":"post","link":"https:\/\/www.enerjigazetesi.ist\/en\/qnb-finansbank-cdp-notunu-liderlik-seviyesine-tasidi\/","title":{"rendered":"(Turkish) &#8217;QNB Finansbank&#8217; CDP Notunu Liderlik Seviyesine Ta\u015f\u0131d\u0131"},"content":{"rendered":"<p class=\"qtranxs-available-languages-message qtranxs-available-languages-message-en\">Sorry, this entry is only available in <a href=\"https:\/\/www.enerjigazetesi.ist\/tr\/wp-json\/wp\/v2\/posts\/165225\" class=\"qtranxs-available-language-link qtranxs-available-language-link-tr\" title=\"Turkish\">Turkish<\/a>. For the sake of viewer convenience, the content is shown below in the alternative language. You may click the link to switch the active language.<\/p><p><\/p>\n<h2><strong>QNB Finansbank, Londra merkezli, d\u00fcnyan\u0131n en b\u00fcy\u00fck \u00e7evresel raporlama platformu olan Karbon Saydaml\u0131k Projesi\u2019ne (CDP) yapt\u0131\u011f\u0131 raporlamayla \u0130klim De\u011fi\u015fikli\u011fi notunu C\u2019den A-&#8216;ye \u00e7\u0131kararak, T\u00fcrkiye finans sekt\u00f6r\u00fcndeki en y\u00fcksek notlardan birini ald\u0131.<\/strong><\/h2>\n<p>Kurumsal i\u015f yap\u0131\u015f stratejisine iklim de\u011fi\u015fikli\u011fiyle m\u00fccadeleyi ba\u015far\u0131l\u0131 \u015fekilde entegre eden QNB Finansbank, <strong>CDP \u0130klim De\u011fi\u015fikli\u011fi Raporlamas\u0131<\/strong>nda2021 y\u0131l\u0131na g\u00f6re \u00fc\u00e7 basamak birden y\u00fckselerek notunu <strong>\u201cA-\u201cye<\/strong> Liderlik Kategorisi\u2019ne ta\u015f\u0131d\u0131.<\/p>\n<p><strong><img loading=\"lazy\" class=\"alignright wp-image-165228\" src=\"https:\/\/www.enerjigazetesi.ist\/wp-content\/uploads\/2022\/12\/1671091409_M__R_TAN.jpg\" alt=\"\" width=\"320\" height=\"214\" srcset=\"https:\/\/www.enerjigazetesi.ist\/wp-content\/uploads\/2022\/12\/1671091409_M__R_TAN.jpg 550w, https:\/\/www.enerjigazetesi.ist\/wp-content\/uploads\/2022\/12\/1671091409_M__R_TAN-300x200.jpg 300w, https:\/\/www.enerjigazetesi.ist\/wp-content\/uploads\/2022\/12\/1671091409_M__R_TAN-500x334.jpg 500w, https:\/\/www.enerjigazetesi.ist\/wp-content\/uploads\/2022\/12\/1671091409_M__R_TAN-75x50.jpg 75w, https:\/\/www.enerjigazetesi.ist\/wp-content\/uploads\/2022\/12\/1671091409_M__R_TAN-450x300.jpg 450w\" sizes=\"(max-width: 320px) 100vw, 320px\" \/>QNB Finansbank Genel M\u00fcd\u00fcr\u00fc \u00d6m\u00fcr Tan<\/strong>, QNB Finansbank olarak i\u00e7 operasyonlardan m\u00fc\u015fterilere sunulan \u00fcr\u00fcn ve hizmetlere kadar t\u00fcm uygulamalarda mutlaka iklim de\u011fi\u015fikli\u011fiyle m\u00fccadele perspektifini g\u00f6zettiklerini belirtti. Tan \u015fu bilgileri verdi: <em>\u201cCDP Liderlik Kategorisi\u2019nde \u00fc\u00e7 basamak birden y\u00fckselmek, s\u00fcrd\u00fcr\u00fclebilirlik yolculu\u011fumuzda bizim i\u00e7in b\u00fcy\u00fck bir motivasyon. De\u011fi\u015fimin kataliz\u00f6r\u00fc olmak i\u00e7in sekt\u00f6r\u00fcm\u00fcz\u00fcn g\u00fcc\u00fcnden yararlanmak ve hepimizin kar\u015f\u0131 kar\u015f\u0131ya oldu\u011fu iklim krizini lehimize \u00e7evirmek i\u00e7in ekosistemimizin t\u00fcm par\u00e7alar\u0131n\u0131 seferber etmemiz gerekiyor.<\/em><\/p>\n<p><em>Ald\u0131\u011f\u0131m\u0131z bu not, <strong>QNB Finansbank<\/strong> olarak i\u015f yap\u0131\u015f \u015fekillerimizde ve hedeflerimizde <strong>iklim de\u011fi\u015fikli\u011fi<\/strong> adaptasyonuna verdi\u011fimiz de\u011ferin yan\u0131 s\u0131ra gerekli bilgileri zaman\u0131nda ve \u015feffaf bir \u015fekilde kamuoyuyla payla\u015ft\u0131\u011f\u0131m\u0131z\u0131n da bir g\u00f6stergesi. T\u00fcm ekiplerimizin koordineli \u00e7al\u0131\u015fmas\u0131, s\u00fcrd\u00fcr\u00fclebilirli\u011fin kurum b\u00fcnyesinde \u00f6z\u00fcmsenmesi, \u00fcst y\u00f6netimden ba\u015flayarak \u00f6nemli ad\u0131mlar at\u0131lmas\u0131 ve s\u00fcrd\u00fcr\u00fclebilir bankac\u0131l\u0131\u011f\u0131 i\u015f yap\u0131\u015f \u015fekillerimizin oda\u011f\u0131na koymam\u0131z <strong>2022 CDP \u0130klim De\u011fi\u015fikli\u011fi<\/strong> notumuzu<strong> Liderlik Kategorisi\u2019ne<\/strong> \u00e7\u0131karmam\u0131zda kilit rol oynad\u0131. Banka olarak, iklimle ilgili sorunlar y\u00f6netim kurulu d\u00fczeyinden ba\u015flayacak \u015fekilde ele al\u0131n\u0131yor ve t\u00fcm \u00e7al\u0131\u015fanlar taraf\u0131ndan benimseniyor.\u201d<\/em><\/p>\n<h3><strong>\u201cEnerji t\u00fcketimi ve verimlili\u011fi \u00f6nceliklerimizin ba\u015f\u0131nda geliyor\u201d<\/strong><\/h3>\n<p>Bundan sonraki s\u00fcre\u00e7te, <strong>iklim de\u011fi\u015fikli\u011fi ile m\u00fccadelede<\/strong> liderlik seviyesindeki duru\u015flar\u0131n\u0131 sekt\u00f6re \u00f6nc\u00fc uygulamalarla devam etmeyi hedeflediklerini s\u00f6yleyen \u00d6m\u00fcr Tan, \u015f\u00f6yle devam etti: <em>\u201cEnerji t\u00fcketimi ve verimlili\u011fi \u00f6nceliklerimizin ba\u015f\u0131nda geliyor, bu paralelde do\u011frudan ve dolayl\u0131 emisyonlar\u0131m\u0131z\u0131 yak\u0131ndan takip ediyor ve y\u00f6netiyoruz. Bu ama\u00e7la, <strong>elektrik<\/strong> ve <strong>mekanik projeler<\/strong> i\u00e7in <strong>\u00e7evre dostu cihazlar\u0131n se\u00e7ilmesi, otomasyon sistemleri<\/strong> arac\u0131l\u0131\u011f\u0131yla binalar\u0131m\u0131z\u0131n kontrol edilmesi, enerji ve kaynak t\u00fcketimini azalt\u0131c\u0131 aksiyonlar\u0131n al\u0131nmas\u0131yla \u00e7evresel etkilerimizi azalt\u0131yoruz. Sorumlu sat\u0131n alma politikalar\u0131m\u0131zla sadece kendimiz de\u011fil tedarik\u00e7ilerimizin de \u00e7evre standartlar\u0131na uyumuna \u00f6nem veriyoruz. <strong>\u00c7evresel ve Sosyal Risk Y\u00f6netimi Politikam\u0131z<\/strong> kapsam\u0131nda <strong>\u00e7evre standartlar\u0131<\/strong> ile uyumlu <strong>kredi politikalar\u0131<\/strong> geli\u015ftiriyor ve uyguluyoruz. Proje ve Yap\u0131land\u0131r\u0131lm\u0131\u015f Finansman kapsam\u0131nda ise Birle\u015fmi\u015f Milletler s\u00fcrd\u00fcr\u00fclebilir kalk\u0131nma ama\u00e7lar\u0131 ile uyumlu olarak; <strong>yenilenebilir enerji, temiz ula\u015f\u0131m, enerji verimlili\u011fi, sa\u011fl\u0131k ve ye\u015fil binalara finansman<\/strong> sa\u011fl\u0131yoruz. Yurtd\u0131\u015f\u0131ndan sa\u011flad\u0131\u011f\u0131m\u0131z kaynaklarda s<strong>\u00fcrd\u00fcr\u00fclebilir finansman a\u011f\u0131rl\u0131\u011f\u0131n\u0131<\/strong> art\u0131r\u0131yoruz. <strong>\u0130klim de\u011fi\u015fikli ile m\u00fccadele<\/strong> konusundaki kararl\u0131 tutumumuzu \u00f6n\u00fcm\u00fczdeki d\u00f6nemde de devam ettirece\u011fiz.\u201d<\/em><\/p>","protected":false},"excerpt":{"rendered":"<p>Sorry, this entry is only available in Turkish. For the sake of viewer convenience, the content is shown below in the alternative language. You may click the link to switch the active language. QNB Finansbank, Londra merkezli, d\u00fcnyan\u0131n en b\u00fcy\u00fck \u00e7evresel raporlama platformu olan Karbon Saydaml\u0131k Projesi\u2019ne (CDP) yapt\u0131\u011f\u0131 raporlamayla \u0130klim De\u011fi\u015fikli\u011fi notunu C\u2019den A-&#8216;ye [&hellip;]<\/p>\n","protected":false},"author":1,"featured_media":165227,"comment_status":"open","ping_status":"open","sticky":false,"template":"","format":"standard","meta":[],"categories":[53,52],"tags":[45146,106748,102056,65424,57360],"views":100,"_links":{"self":[{"href":"https:\/\/www.enerjigazetesi.ist\/en\/wp-json\/wp\/v2\/posts\/165225"}],"collection":[{"href":"https:\/\/www.enerjigazetesi.ist\/en\/wp-json\/wp\/v2\/posts"}],"about":[{"href":"https:\/\/www.enerjigazetesi.ist\/en\/wp-json\/wp\/v2\/types\/post"}],"author":[{"embeddable":true,"href":"https:\/\/www.enerjigazetesi.ist\/en\/wp-json\/wp\/v2\/users\/1"}],"replies":[{"embeddable":true,"href":"https:\/\/www.enerjigazetesi.ist\/en\/wp-json\/wp\/v2\/comments?post=165225"}],"version-history":[{"count":0,"href":"https:\/\/www.enerjigazetesi.ist\/en\/wp-json\/wp\/v2\/posts\/165225\/revisions"}],"wp:featuredmedia":[{"embeddable":true,"href":"https:\/\/www.enerjigazetesi.ist\/en\/wp-json\/wp\/v2\/media\/165227"}],"wp:attachment":[{"href":"https:\/\/www.enerjigazetesi.ist\/en\/wp-json\/wp\/v2\/media?parent=165225"}],"wp:term":[{"taxonomy":"category","embeddable":true,"href":"https:\/\/www.enerjigazetesi.ist\/en\/wp-json\/wp\/v2\/categories?post=165225"},{"taxonomy":"post_tag","embeddable":true,"href":"https:\/\/www.enerjigazetesi.ist\/en\/wp-json\/wp\/v2\/tags?post=165225"}],"curies":[{"name":"wp","href":"https:\/\/api.w.org\/{rel}","templated":true}]}}