{"id":16521,"date":"2013-10-15T14:32:36","date_gmt":"2013-10-15T11:32:36","guid":{"rendered":"https:\/\/www.enerjigazetesi.ist\/?p=16521"},"modified":"2013-10-15T14:32:36","modified_gmt":"2013-10-15T11:32:36","slug":"avrupanin-en-buyuk-enerji-grubunun-ceolari-abnin-enerji-politikalari-yorumu","status":"publish","type":"post","link":"https:\/\/www.enerjigazetesi.ist\/en\/avrupanin-en-buyuk-enerji-grubunun-ceolari-abnin-enerji-politikalari-yorumu\/","title":{"rendered":"(Turkish) En B\u00fcy\u00fck Enerji Grubu Ceo\u2019lar\u0131ndan AB\u2019nin Enerji Politikas\u0131 Yorumu&#8230;"},"content":{"rendered":"<p class=\"qtranxs-available-languages-message qtranxs-available-languages-message-en\">Sorry, this entry is only available in <a href=\"https:\/\/www.enerjigazetesi.ist\/tr\/wp-json\/wp\/v2\/posts\/16521\" class=\"qtranxs-available-language-link qtranxs-available-language-link-tr\" title=\"Turkish\">Turkish<\/a>. For the sake of viewer convenience, the content is shown below in the alternative language. You may click the link to switch the active language.<\/p><p><strong>Avrupa\u2019n\u0131n en b\u00fcy\u00fck 10 enerji grubunun Ceo\u2019lar\u0131 Avrupa Birli\u011fi\u2019nin konu ile ilgili politikalar\u0131n\u0131n ba\u015far\u0131s\u0131z oldu\u011funu belirtti. Rekabet ve iklim de\u011fi\u015fikli\u011fi sorunlar\u0131na dikkat \u00e7ekildi.<\/strong><\/p>\n<p>\u00c7ek bir grubun CEO\u2019su Daniel Benes \u201cDurum acil. K\u0131\u015f aylar\u0131nda enerji kesintisi ya\u015fanabilir, bu y\u00fczden durum ger\u00e7ekten acil.\u201d \u015feklinde konu\u015ftu.<a href=\"https:\/\/www.enerjigazetesi.ist\/wp-content\/uploads\/2013\/10\/avrupanin-en-buyuk-10-enerji-grubunun-ceolari-abnin-enerji-politikalarini-basarisiz-buluyor.jpg\"><img loading=\"lazy\" class=\"alignright size-medium wp-image-16522\" title=\"avrupanin-en-buyuk-10-enerji-grubunun-ceolari-abnin-enerji-politikalarini-basarisiz-buluyor\" src=\"https:\/\/www.enerjigazetesi.ist\/wp-content\/uploads\/2013\/10\/avrupanin-en-buyuk-10-enerji-grubunun-ceolari-abnin-enerji-politikalarini-basarisiz-buluyor-300x204.jpg\" alt=\"\" width=\"300\" height=\"204\" srcset=\"https:\/\/www.enerjigazetesi.ist\/wp-content\/uploads\/2013\/10\/avrupanin-en-buyuk-10-enerji-grubunun-ceolari-abnin-enerji-politikalarini-basarisiz-buluyor-300x204.jpg 300w, https:\/\/www.enerjigazetesi.ist\/wp-content\/uploads\/2013\/10\/avrupanin-en-buyuk-10-enerji-grubunun-ceolari-abnin-enerji-politikalarini-basarisiz-buluyor-73x50.jpg 73w, https:\/\/www.enerjigazetesi.ist\/wp-content\/uploads\/2013\/10\/avrupanin-en-buyuk-10-enerji-grubunun-ceolari-abnin-enerji-politikalarini-basarisiz-buluyor.jpg 444w\" sizes=\"(max-width: 300px) 100vw, 300px\" \/><\/a><\/p>\n<p>Y\u00f6neticiler enerji \u00fccretlerinin son 4 y\u0131l i\u00e7inde t\u00fcketiciler i\u00e7in y\u00fczde 17 oran\u0131nda sanayiciler i\u00e7in ise y\u00fczde 21 oran\u0131nda artt\u0131\u011f\u0131n\u0131 belirtti.<\/p>\n<p>GDF- Suez\u2019in CEO\u2019su Gerard Mestrallet ise \u201cAvrupa Komisyonu\u2019nun hatas\u0131 de\u011fil. \u00dcye \u00fclkelerin kendi ba\u015flar\u0131na karar almalar\u0131ndan kaynaklan\u0131yor.\u201d dedi.<\/p>\n<p>Y\u00f6neticilerin amac\u0131 r\u00fczgar ve g\u00fcne\u015f enerjilerine y\u00f6nelik s\u00fcbvansiyonlar\u0131n kald\u0131r\u0131lmas\u0131. B\u00f6ylece enerji fiyatlar\u0131n\u0131n daha uygun hale getirilmesi hedefleniyor.<\/p>\n<p>On grubunun CEO\u2019su Johannes Teyssen \u201cYenilenebilir enerjiye y\u00f6nelik s\u00fcbvansiyonlar inan\u0131lmaz bir boyuta ula\u015ft\u0131. Bu sanayiciler risk alan k\u00fc\u00e7\u00fck \u015firketlerden olu\u015fmuyor. Doyurulmas\u0131 gereken \u00e7ocuklar konumunda de\u011filler. Y\u00fcksek d\u00fczeyde olan pazara ayak uydurmal\u0131lar.\u201d dedi<\/p>\n<p>Enerji sekt\u00f6r\u00fcnde \u00e7al\u0131\u015fan y\u00f6neticiler 2014 y\u0131l\u0131nda konu ile ilgili ger\u00e7ekle\u015fecek zirvede s\u00f6z sahibi olmay\u0131 ama\u00e7l\u0131yor.<\/p>\n<p>Kaynak: <a href=\"http:\/\/enerjienstitusu.com\/2013\/10\/14\/avrupanin-en-buyuk-10-enerji-grubunun-ceolari-abnin-enerji-politikalarini-basarisiz-buluyor\/\" target=\"_blank\">Enerji Enstit\u00fcs\u00fc<\/a><\/p>","protected":false},"excerpt":{"rendered":"<p>Sorry, this entry is only available in Turkish. For the sake of viewer convenience, the content is shown below in the alternative language. You may click the link to switch the active language.Avrupa\u2019n\u0131n en b\u00fcy\u00fck 10 enerji grubunun Ceo\u2019lar\u0131 Avrupa Birli\u011fi\u2019nin konu ile ilgili politikalar\u0131n\u0131n ba\u015far\u0131s\u0131z oldu\u011funu belirtti. Rekabet ve iklim de\u011fi\u015fikli\u011fi sorunlar\u0131na dikkat \u00e7ekildi. [&hellip;]<\/p>\n","protected":false},"author":1,"featured_media":16522,"comment_status":"open","ping_status":"open","sticky":false,"template":"","format":"standard","meta":[],"categories":[53],"tags":[63,67,1009,165,227,9608,9606,69,9607,105],"views":1515,"_links":{"self":[{"href":"https:\/\/www.enerjigazetesi.ist\/en\/wp-json\/wp\/v2\/posts\/16521"}],"collection":[{"href":"https:\/\/www.enerjigazetesi.ist\/en\/wp-json\/wp\/v2\/posts"}],"about":[{"href":"https:\/\/www.enerjigazetesi.ist\/en\/wp-json\/wp\/v2\/types\/post"}],"author":[{"embeddable":true,"href":"https:\/\/www.enerjigazetesi.ist\/en\/wp-json\/wp\/v2\/users\/1"}],"replies":[{"embeddable":true,"href":"https:\/\/www.enerjigazetesi.ist\/en\/wp-json\/wp\/v2\/comments?post=16521"}],"version-history":[{"count":1,"href":"https:\/\/www.enerjigazetesi.ist\/en\/wp-json\/wp\/v2\/posts\/16521\/revisions"}],"predecessor-version":[{"id":16523,"href":"https:\/\/www.enerjigazetesi.ist\/en\/wp-json\/wp\/v2\/posts\/16521\/revisions\/16523"}],"wp:featuredmedia":[{"embeddable":true,"href":"https:\/\/www.enerjigazetesi.ist\/en\/wp-json\/wp\/v2\/media\/16522"}],"wp:attachment":[{"href":"https:\/\/www.enerjigazetesi.ist\/en\/wp-json\/wp\/v2\/media?parent=16521"}],"wp:term":[{"taxonomy":"category","embeddable":true,"href":"https:\/\/www.enerjigazetesi.ist\/en\/wp-json\/wp\/v2\/categories?post=16521"},{"taxonomy":"post_tag","embeddable":true,"href":"https:\/\/www.enerjigazetesi.ist\/en\/wp-json\/wp\/v2\/tags?post=16521"}],"curies":[{"name":"wp","href":"https:\/\/api.w.org\/{rel}","templated":true}]}}