{"id":1652,"date":"2012-08-23T10:30:04","date_gmt":"2012-08-23T07:30:04","guid":{"rendered":"https:\/\/www.enerjigazetesi.ist\/?p=1652"},"modified":"2012-08-23T10:30:04","modified_gmt":"2012-08-23T07:30:04","slug":"turkiyeye-enerji-kooperatifleri-geliyor","status":"publish","type":"post","link":"https:\/\/www.enerjigazetesi.ist\/en\/turkiyeye-enerji-kooperatifleri-geliyor\/","title":{"rendered":"(Turkish) T\u00fcrkiye&#8217;ye Enerji Kooperatifleri Geliyor"},"content":{"rendered":"<p class=\"qtranxs-available-languages-message qtranxs-available-languages-message-en\">Sorry, this entry is only available in <a href=\"https:\/\/www.enerjigazetesi.ist\/tr\/wp-json\/wp\/v2\/posts\/1652\" class=\"qtranxs-available-language-link qtranxs-available-language-link-tr\" title=\"Turkish\">Turkish<\/a>. For the sake of viewer convenience, the content is shown below in the alternative language. You may click the link to switch the active language.<\/p><p><\/p>\n<div><strong>G\u00fcmr\u00fck ve Ticaret Bakanl\u0131\u011f\u0131, enerji kooperatif\u00e7ili\u011fiyle ilgili gerekli Ar-Ge, \u00f6rnek ana s\u00f6zle\u015fme ve mevzuat \u00e7al\u0131\u015fmalar\u0131n\u0131n yap\u0131ld\u0131\u011f\u0131n\u0131 belirtti.<\/strong><\/div>\n<div><strong><\/strong>\u00a0<\/div>\n<div><strong>Su, r\u00fczgar, g\u00fcne\u015f<\/strong>\u00a0 gibi yerli enerji kaynaklar\u0131n\u0131 ekonomiye kazand\u0131rmak ve \u00fcyelerine <strong>ucuz elektrik<\/strong> sa\u011flamak amac\u0131yla &#8216;enerji kooperatifleri&#8217; kuruluyor.<\/p>\n<p><img loading=\"lazy\" class=\"alignright size-full wp-image-1653\" title=\"turkiye-ye-enerji-kooperatifleri-geliyor\" src=\"https:\/\/www.enerjigazetesi.ist\/wp-content\/uploads\/2012\/08\/turkiye-ye-enerji-kooperatifleri-geliyor.jpg\" alt=\"\" width=\"296\" height=\"218\" srcset=\"https:\/\/www.enerjigazetesi.ist\/wp-content\/uploads\/2012\/08\/turkiye-ye-enerji-kooperatifleri-geliyor.jpg 296w, https:\/\/www.enerjigazetesi.ist\/wp-content\/uploads\/2012\/08\/turkiye-ye-enerji-kooperatifleri-geliyor-67x50.jpg 67w\" sizes=\"(max-width: 296px) 100vw, 296px\" \/>Yeni hayata ge\u00e7ecek kooperatiflerle, enerji giri\u015fimcilerinin bir araya getirilmesi ve \u00fcyelere ucuz elektrik sa\u011flaman\u0131n yan\u0131 s\u0131ra enerji tekelle\u015fmelerinin de \u00f6n\u00fcne ge\u00e7ilmesi hedefleniyor. G\u00fcmr\u00fck ve Ticaret Bakanl\u0131\u011f\u0131&#8217;ndan al\u0131nan bilgiye g\u00f6re kooperatifler yerel ve ulusal alanlarda enerji konusunda faaliyet g\u00f6sterecek giri\u015fimcileri bir araya getirecek.<\/p>\n<p>\u00dcyelerine ucuz enerji imkan\u0131 sunacak sistem sayesinde \u00fcretilen fazla enerji de sat\u0131larak gelir elde edilebilecek. Kooperatiflerin b\u00f6lgesel kalk\u0131nmaya katk\u0131 sa\u011flamas\u0131 ve enerji konusunda ya\u015fanan tekelle\u015fmenin de \u00f6n\u00fcne ge\u00e7mesi hedefleniyor.<br \/>\nEnerji kooperatifleri, \u00f6ncelikle kendi \u00fcyelerine ucuz enerji sa\u011flamak i\u00e7in faaliyet g\u00f6sterecek. Ancak, ihtiya\u00e7 fazlas\u0131 enerji, kamu ve \u00f6zel kurulu\u015flara sat\u0131labilecek.<\/p>\n<p>Zaman&#8217;\u0131n haberine g\u00f6re, G\u00fcmr\u00fck ve Ticaret Bakanl\u0131\u011f\u0131 yetkilileri, yurtd\u0131\u015f\u0131nda ba\u015far\u0131l\u0131 \u00f6rneklerden hareketle T\u00fcrkiye&#8217;de de enerjide tekelle\u015fmeyi \u00f6nlemek, b\u00f6lgesel kalk\u0131nmay\u0131 sa\u011flamak ve enerjiden herkesi e\u015fit d\u00fczeyde ve yeterince faydaland\u0131rmak amac\u0131yla T\u00fcrkiye&#8217;de hen\u00fcz bir \u00f6rne\u011fi bulunmayan enerji kooperatif\u00e7ili\u011fiyle ilgili gerekli Ar-Ge, \u00f6rnek ana s\u00f6zle\u015fme ve mevzuat \u00e7al\u0131\u015fmalar\u0131n\u0131n yap\u0131ld\u0131\u011f\u0131n\u0131 belirtti.<\/p>\n<p>Enerji kooperatif\u00e7ili\u011fi T\u00fcrkiye i\u00e7in yeni bir yap\u0131lanma. Yurtd\u0131\u015f\u0131nda ise \u00e7ok \u00f6rne\u011fi var. Yabanc\u0131 \u00fclkelerde \u00e7o\u011fu kooperatifin dev enerji santralleri mevcut. Bu i\u015fi yapan yat\u0131r\u0131m kooperatifleri de bulunuyor. Ancak d\u00fcnyada enerji konusunda genel e\u011filim bu t\u00fcr kooperatiflerin dolayl\u0131 olarak yat\u0131r\u0131m kooperatifleri arac\u0131l\u0131\u011f\u0131yla de\u011fil, do\u011frudan &#8220;enerji kooperatifi&#8221; ba\u015fl\u0131\u011f\u0131 alt\u0131nda i\u015fletilmesi y\u00f6n\u00fcnde. T\u00fcrkiye&#8217;de de enerji alan\u0131nda yap\u0131lacak olan yat\u0131r\u0131mlar\u0131n enerji kooperatifi \u00e7at\u0131s\u0131 alt\u0131nda ger\u00e7ekle\u015ftirilmesinin daha ba\u015far\u0131l\u0131 kooperatif i\u015fletmeleri olu\u015fmas\u0131n\u0131 sa\u011flayaca\u011f\u0131 belirtiliyor.<\/p><\/div>\n<div>\u00a0<\/div>\n<div>Kaynak: <a href=\"http:\/\/www.timeturk.com\/tr\/2012\/08\/23\/turkiye-ye-enerji-kooperatifleri-geliyor.html\" target=\"_blank\">TimeTurk<br \/>\n<\/a><\/div>\n<p><\/p>","protected":false},"excerpt":{"rendered":"<p>Sorry, this entry is only available in Turkish. For the sake of viewer convenience, the content is shown below in the alternative language. You may click the link to switch the active language. G\u00fcmr\u00fck ve Ticaret Bakanl\u0131\u011f\u0131, enerji kooperatif\u00e7ili\u011fiyle ilgili gerekli Ar-Ge, \u00f6rnek ana s\u00f6zle\u015fme ve mevzuat \u00e7al\u0131\u015fmalar\u0131n\u0131n yap\u0131ld\u0131\u011f\u0131n\u0131 belirtti. \u00a0 Su, r\u00fczgar, g\u00fcne\u015f\u00a0 gibi [&hellip;]<\/p>\n","protected":false},"author":1,"featured_media":1653,"comment_status":"open","ping_status":"open","sticky":false,"template":"","format":"standard","meta":[],"categories":[51,53,49,50],"tags":[403,404,13,16,131],"views":644,"_links":{"self":[{"href":"https:\/\/www.enerjigazetesi.ist\/en\/wp-json\/wp\/v2\/posts\/1652"}],"collection":[{"href":"https:\/\/www.enerjigazetesi.ist\/en\/wp-json\/wp\/v2\/posts"}],"about":[{"href":"https:\/\/www.enerjigazetesi.ist\/en\/wp-json\/wp\/v2\/types\/post"}],"author":[{"embeddable":true,"href":"https:\/\/www.enerjigazetesi.ist\/en\/wp-json\/wp\/v2\/users\/1"}],"replies":[{"embeddable":true,"href":"https:\/\/www.enerjigazetesi.ist\/en\/wp-json\/wp\/v2\/comments?post=1652"}],"version-history":[{"count":1,"href":"https:\/\/www.enerjigazetesi.ist\/en\/wp-json\/wp\/v2\/posts\/1652\/revisions"}],"predecessor-version":[{"id":1654,"href":"https:\/\/www.enerjigazetesi.ist\/en\/wp-json\/wp\/v2\/posts\/1652\/revisions\/1654"}],"wp:featuredmedia":[{"embeddable":true,"href":"https:\/\/www.enerjigazetesi.ist\/en\/wp-json\/wp\/v2\/media\/1653"}],"wp:attachment":[{"href":"https:\/\/www.enerjigazetesi.ist\/en\/wp-json\/wp\/v2\/media?parent=1652"}],"wp:term":[{"taxonomy":"category","embeddable":true,"href":"https:\/\/www.enerjigazetesi.ist\/en\/wp-json\/wp\/v2\/categories?post=1652"},{"taxonomy":"post_tag","embeddable":true,"href":"https:\/\/www.enerjigazetesi.ist\/en\/wp-json\/wp\/v2\/tags?post=1652"}],"curies":[{"name":"wp","href":"https:\/\/api.w.org\/{rel}","templated":true}]}}