{"id":165193,"date":"2022-12-15T11:54:21","date_gmt":"2022-12-15T08:54:21","guid":{"rendered":"https:\/\/www.enerjigazetesi.ist\/?p=165193"},"modified":"2022-12-15T11:56:50","modified_gmt":"2022-12-15T08:56:50","slug":"2023-yilinda-ruzgar-enerjisini-bekleyen-4-kritik-gelisme","status":"publish","type":"post","link":"https:\/\/www.enerjigazetesi.ist\/en\/2023-yilinda-ruzgar-enerjisini-bekleyen-4-kritik-gelisme\/","title":{"rendered":"(Turkish) 2023 Y\u0131l\u0131nda R\u00fczgar Enerjisini Bekleyen 4 Kritik Geli\u015fme"},"content":{"rendered":"<p class=\"qtranxs-available-languages-message qtranxs-available-languages-message-en\">Sorry, this entry is only available in <a href=\"https:\/\/www.enerjigazetesi.ist\/tr\/wp-json\/wp\/v2\/posts\/165193\" class=\"qtranxs-available-language-link qtranxs-available-language-link-tr\" title=\"Turkish\">Turkish<\/a>. For the sake of viewer convenience, the content is shown below in the alternative language. You may click the link to switch the active language.<\/p><p><\/p>\n<h2><strong>K\u00fcresel \u00f6l\u00e7ekte ya\u015fanan enerji krizi, pek \u00e7ok \u00fclkenin yenilenebilir enerji kaynaklar\u0131na y\u00f6nelmesine yol a\u00e7\u0131yor. R\u00fczgar enerjisinin son y\u0131llarda artan pop\u00fclaritesinin mutluluk verici oldu\u011funu ifade eden \u00dclke Enerji Genel M\u00fcd\u00fcr\u00fc Ali Ayd\u0131n, s\u00fcrd\u00fcr\u00fclebilir bir gelecek do\u011frultusunda 2023 y\u0131l\u0131nda r\u00fczgar enerjisini bekleyen 4 kritik geli\u015fmeyi payla\u015f\u0131yor.<\/strong><\/h2>\n<p>Temiz enerji kullan\u0131m\u0131 konusunda artan fark\u0131ndal\u0131k, k\u00fcresel \u0131s\u0131nman\u0131n etkilerini azaltma iste\u011fi ve k\u00fcresel \u00f6l\u00e7ekte ya\u015fanan enerji krizi son birka\u00e7 y\u0131lda r\u00fczgar enerjisine y\u00f6nelimi art\u0131r\u0131yor. 2050 y\u0131l\u0131na <img loading=\"lazy\" class=\"alignright wp-image-165195\" src=\"https:\/\/www.enerjigazetesi.ist\/wp-content\/uploads\/2022\/12\/ulke-enerji-genel-muduru-Ali-Aydin.jpg\" alt=\"\" width=\"320\" height=\"180\" srcset=\"https:\/\/www.enerjigazetesi.ist\/wp-content\/uploads\/2022\/12\/ulke-enerji-genel-muduru-Ali-Aydin.jpg 550w, https:\/\/www.enerjigazetesi.ist\/wp-content\/uploads\/2022\/12\/ulke-enerji-genel-muduru-Ali-Aydin-300x169.jpg 300w, https:\/\/www.enerjigazetesi.ist\/wp-content\/uploads\/2022\/12\/ulke-enerji-genel-muduru-Ali-Aydin-500x281.jpg 500w, https:\/\/www.enerjigazetesi.ist\/wp-content\/uploads\/2022\/12\/ulke-enerji-genel-muduru-Ali-Aydin-80x45.jpg 80w\" sizes=\"(max-width: 320px) 100vw, 320px\" \/>kadar karbon s\u0131f\u0131r hedeflerine ula\u015fmak i\u00e7in r\u00fczgar enerjisi ba\u015fta olmak \u00fczere yenilenebilir enerji kaynaklar\u0131na yap\u0131lacak olan yat\u0131r\u0131mlar kritik \u00f6nem ta\u015f\u0131yor.<\/p>\n<h3><strong>R\u00fczgar, Enerji Politikalar\u0131n\u0131n Ba\u015f\u0131nda Yer Alacak!<\/strong><\/h3>\n<p>R\u00fczgar enerjisinin geli\u015fmesinde ekonomik fakt\u00f6rler, \u00e7evresel fakt\u00f6rler ve gelece\u011fe daha temiz bakma iste\u011fi \u00f6nemli yap\u0131ta\u015flar\u0131n\u0131 olu\u015fturuyor. \u00d6yle ki, fosil yak\u0131tlar\u0131n t\u00fckenmesi ve krizlerde enerji \u00fcretiminin yetersiz kalmas\u0131 durumlar\u0131na ra\u011fmen r\u00fczgar enerjisinin rekor d\u00fczeyde enerji \u00fcretece\u011fini ve bu durumun enerji politikalar\u0131nda r\u00fczgar\u0131n ilk s\u0131ray\u0131 almas\u0131na neden olaca\u011f\u0131n\u0131 ifade eden <strong>\u00dclke Enerji Genel M\u00fcd\u00fcr\u00fc Ali Ayd\u0131n<\/strong>, 2023 y\u0131l\u0131 i\u00e7in r\u00fczgar enerjisinde ya\u015fanacak geli\u015fmeleri 4 maddede aktar\u0131yor.<\/p>\n<p><em><strong>1- Enerji depolanmas\u0131n\u0131 sa\u011flayacak teknolojiler hayat\u0131m\u0131za girecek. <\/strong><\/em>R\u00fczgar enerjisinin b\u00fcy\u00fcmesi i\u00e7in depolama kaynaklar\u0131 b\u00fcy\u00fck \u00f6nem ta\u015f\u0131yor. Bu do\u011frultuda enerji depolamas\u0131n\u0131 sa\u011flayacak pil teknolojilerinin geli\u015ftirilmesi, yat\u0131r\u0131m ve \u00fcretim s\u00fcre\u00e7leri dikkate al\u0131nd\u0131\u011f\u0131nda r\u00fczgar enerjisinin daha ekonomik hale gelmesinin \u00f6n\u00fcn\u00fc a\u00e7acak. Bu konuda h\u0131zl\u0131 bir at\u0131l\u0131m ya\u015fanacak.<\/p>\n<p><em><strong>2- Dijitalle\u015fme enerji sekt\u00f6r\u00fcn\u00fc de etkisi alt\u0131na alacak. <\/strong><\/em>R\u00fczgar t\u00fcrbinlerinin \u00fcretiminden i\u015fletilmesine ve bak\u0131m s\u00fcre\u00e7lerine kadar olan her a\u015famas\u0131nda dijitalle\u015fme, gelecek d\u00f6nemde de kritik bir nokta olacak. \u00d6zellikle bak\u0131m s\u00fcre\u00e7lerinde dronelar gibi daha fazla otomasyona dayal\u0131 teknolojilerde yararlan\u0131lmas\u0131 ve i\u015fletmede makine \u00f6\u011frenmesinin daha aktif kullan\u0131lmas\u0131 sekt\u00f6r i\u00e7in ciddi kazan\u0131mlar sa\u011flayacak.<\/p>\n<p><em><strong>3- R\u00fczgar t\u00fcrbini bak\u0131mlar\u0131 daha sistematik bir \u015fekilde ger\u00e7ekle\u015ftirilecek. <\/strong><\/em>Kontrol ve bak\u0131m\u0131 yap\u0131lamayan r\u00fczgar t\u00fcrbinlerinin enerji \u00fcretmesi beklenemez. Bu do\u011frultuda yat\u0131r\u0131mc\u0131lar\u0131n bilin\u00e7 d\u00fczeyinin art\u0131r\u0131lmas\u0131 gerekiyor. Bu nedenle servis sekt\u00f6r\u00fcnde yap\u0131lacak olan yat\u0131r\u0131mlar sayesinde 2023 y\u0131l\u0131nda r\u00fczgar t\u00fcrbini bak\u0131mlar\u0131n\u0131n daha sistematik bir \u015fekilde ger\u00e7ekle\u015ftirilebilece\u011fi \u00f6ng\u00f6r\u00fcl\u00fcyor.<\/p>\n<p><em><strong>4- Denizden esen r\u00fczgar \u00f6nem kazanacak. <\/strong><\/em>R\u00fczgar enerjisi dendi\u011finde akla ilk olarak karasal r\u00fczgar t\u00fcrbinleri gelse de gelecek d\u00f6nemlerde denizden esen r\u00fczgar\u0131n \u00f6nem kazanaca\u011f\u0131 tahmin ediliyor. T\u00fcketilen elektrik enerjisinin yenilenebilir ve yerli kaynaklardan kar\u015f\u0131lanma oran\u0131n\u0131n art\u0131r\u0131lmas\u0131na y\u00f6nelik yeni ad\u0131mlar, \u00fclkemizde potansiyeli hen\u00fcz de\u011ferlendirilmemi\u015f olan a\u00e7\u0131k deniz r\u00fczgarlar\u0131 ile at\u0131lacak.<\/p>","protected":false},"excerpt":{"rendered":"<p>Sorry, this entry is only available in Turkish. For the sake of viewer convenience, the content is shown below in the alternative language. You may click the link to switch the active language. K\u00fcresel \u00f6l\u00e7ekte ya\u015fanan enerji krizi, pek \u00e7ok \u00fclkenin yenilenebilir enerji kaynaklar\u0131na y\u00f6nelmesine yol a\u00e7\u0131yor. R\u00fczgar enerjisinin son y\u0131llarda artan pop\u00fclaritesinin mutluluk verici [&hellip;]<\/p>\n","protected":false},"author":1,"featured_media":165196,"comment_status":"open","ping_status":"open","sticky":false,"template":"","format":"standard","meta":[],"categories":[51,53,50],"tags":[18,474,4784,842],"views":102,"_links":{"self":[{"href":"https:\/\/www.enerjigazetesi.ist\/en\/wp-json\/wp\/v2\/posts\/165193"}],"collection":[{"href":"https:\/\/www.enerjigazetesi.ist\/en\/wp-json\/wp\/v2\/posts"}],"about":[{"href":"https:\/\/www.enerjigazetesi.ist\/en\/wp-json\/wp\/v2\/types\/post"}],"author":[{"embeddable":true,"href":"https:\/\/www.enerjigazetesi.ist\/en\/wp-json\/wp\/v2\/users\/1"}],"replies":[{"embeddable":true,"href":"https:\/\/www.enerjigazetesi.ist\/en\/wp-json\/wp\/v2\/comments?post=165193"}],"version-history":[{"count":0,"href":"https:\/\/www.enerjigazetesi.ist\/en\/wp-json\/wp\/v2\/posts\/165193\/revisions"}],"wp:featuredmedia":[{"embeddable":true,"href":"https:\/\/www.enerjigazetesi.ist\/en\/wp-json\/wp\/v2\/media\/165196"}],"wp:attachment":[{"href":"https:\/\/www.enerjigazetesi.ist\/en\/wp-json\/wp\/v2\/media?parent=165193"}],"wp:term":[{"taxonomy":"category","embeddable":true,"href":"https:\/\/www.enerjigazetesi.ist\/en\/wp-json\/wp\/v2\/categories?post=165193"},{"taxonomy":"post_tag","embeddable":true,"href":"https:\/\/www.enerjigazetesi.ist\/en\/wp-json\/wp\/v2\/tags?post=165193"}],"curies":[{"name":"wp","href":"https:\/\/api.w.org\/{rel}","templated":true}]}}