{"id":165157,"date":"2022-12-14T14:18:17","date_gmt":"2022-12-14T11:18:17","guid":{"rendered":"https:\/\/www.enerjigazetesi.ist\/?p=165157"},"modified":"2022-12-14T14:18:17","modified_gmt":"2022-12-14T11:18:17","slug":"carrefoursa-cdp-notunu-a-liderlik-seviyesine-yukseltti","status":"publish","type":"post","link":"https:\/\/www.enerjigazetesi.ist\/en\/carrefoursa-cdp-notunu-a-liderlik-seviyesine-yukseltti\/","title":{"rendered":"(Turkish) CarrefourSA CDP notunu A Liderlik Seviyesi\u2019ne Y\u00fckseltti"},"content":{"rendered":"<p class=\"qtranxs-available-languages-message qtranxs-available-languages-message-en\">Sorry, this entry is only available in <a href=\"https:\/\/www.enerjigazetesi.ist\/tr\/wp-json\/wp\/v2\/posts\/165157\" class=\"qtranxs-available-language-link qtranxs-available-language-link-tr\" title=\"Turkish\">Turkish<\/a>. For the sake of viewer convenience, the content is shown below in the alternative language. You may click the link to switch the active language.<\/p><p><\/p>\n<h2><strong>2020 y\u0131l\u0131ndan bu yana, d\u00fcnyan\u0131n en b\u00fcy\u00fck \u00e7evresel raporlama platformu olan Carbon Disclosure Project (CDP) kapsam\u0131nda raporlama yapan CarrefourSA, Su G\u00fcvenli\u011fi notunu 1 y\u0131l i\u00e7inde C seviyesinden A Liderlik Seviyesi\u2019ne y\u00fckseltti. CarrefourSA, 15 bine yak\u0131n \u015firketin de\u011ferlendirildi\u011fi ara\u015ft\u0131rmada sadece 103 \u015firketin yer ald\u0131\u011f\u0131 \u201cSu G\u00fcvenli\u011fi mod\u00fcl\u00fc Global A List\u201de T\u00fcrkiye\u2019den girmeyi ba\u015faran tek organize g\u0131da perakendecisi oldu.<\/strong><\/h2>\n<p>D\u00fcnyan\u0131n en b\u00fcy\u00fck raporlama platformu olan <strong>Carbon Disclosure Project (CDP)<\/strong>, 2021 y\u0131l\u0131 iklim de\u011fi\u015fikli\u011fi raporlar\u0131n\u0131 a\u00e7\u0131klad\u0131. D\u00fcnyadaki en geni\u015f iklim veri taban\u0131na sahip olan CDP b\u00fcnyesinde 15 <img loading=\"lazy\" class=\"alignright wp-image-165159\" src=\"https:\/\/www.enerjigazetesi.ist\/wp-content\/uploads\/2022\/12\/carrefoursa-cdp-notunu-a-liderlik-seviyesine-yukseltti-2.jpg\" alt=\"\" width=\"320\" height=\"320\" srcset=\"https:\/\/www.enerjigazetesi.ist\/wp-content\/uploads\/2022\/12\/carrefoursa-cdp-notunu-a-liderlik-seviyesine-yukseltti-2.jpg 550w, https:\/\/www.enerjigazetesi.ist\/wp-content\/uploads\/2022\/12\/carrefoursa-cdp-notunu-a-liderlik-seviyesine-yukseltti-2-300x300.jpg 300w, https:\/\/www.enerjigazetesi.ist\/wp-content\/uploads\/2022\/12\/carrefoursa-cdp-notunu-a-liderlik-seviyesine-yukseltti-2-150x150.jpg 150w, https:\/\/www.enerjigazetesi.ist\/wp-content\/uploads\/2022\/12\/carrefoursa-cdp-notunu-a-liderlik-seviyesine-yukseltti-2-400x400.jpg 400w, https:\/\/www.enerjigazetesi.ist\/wp-content\/uploads\/2022\/12\/carrefoursa-cdp-notunu-a-liderlik-seviyesine-yukseltti-2-50x50.jpg 50w, https:\/\/www.enerjigazetesi.ist\/wp-content\/uploads\/2022\/12\/carrefoursa-cdp-notunu-a-liderlik-seviyesine-yukseltti-2-100x100.jpg 100w, https:\/\/www.enerjigazetesi.ist\/wp-content\/uploads\/2022\/12\/carrefoursa-cdp-notunu-a-liderlik-seviyesine-yukseltti-2-500x500.jpg 500w\" sizes=\"(max-width: 320px) 100vw, 320px\" \/>bine yak\u0131n \u015firketin <strong>iklim, su g\u00fcvenli\u011fi<\/strong> ve<strong> ormans\u0131zla\u015ft\u0131rma alan\u0131ndaki<\/strong> \u00e7al\u0131\u015fmalar\u0131 de\u011ferlendirildi.<\/p>\n<p>Toplumsal ve \u00e7evresel duyarl\u0131l\u0131kla, do\u011fay\u0131 merkezine alan bir yakla\u015f\u0131m geli\u015ftiren, T\u00fcrkiye\u2019nin \u00f6nc\u00fc organize g\u0131da perakendecisi olan CarrefourSA, <strong>su g\u00fcvenli\u011fi<\/strong> alan\u0131ndaki \u00e7al\u0131\u015fmalar\u0131n\u0131 <strong>C<\/strong> notundan <strong>A Liderlik Seviyesi<\/strong>\u2019ne y\u00fckseltti. Su G\u00fcvenli\u011fi skorunda d\u00fcnyadan<strong> sadece 103 \u015firketin<\/strong> yer ald\u0131\u011f\u0131 <strong>Global A List<\/strong> i\u00e7erisinde T\u00fcrkiye\u2019deki tek organize g\u0131da perakendecisi olan CarrefourSA, ilk kez raporlama yapt\u0131\u011f\u0131 Ormans\u0131zla\u015ft\u0131rma mod\u00fcl\u00fcnde yer alan t\u00fcm \u00e7al\u0131\u015fmalara da cevap vererek B seviyesinde de\u011ferlendirildi.<\/p>\n<h3><strong>Uluslararas\u0131 standartlarda \u015feffaf raporlama<\/strong><\/h3>\n<p>\u0130klim de\u011fi\u015fikli\u011fi mod\u00fcl\u00fcnde de notunu <strong>C\u2019den A- seviyesine<\/strong> y\u00fckselten CarrefourSA, t\u00fcm mod\u00fcllerde de\u011ferlendirme alan <strong>tek g\u0131da perakendecisi<\/strong> olmay\u0131 ba\u015fard\u0131. D\u00fcnyan\u0131n en b\u00fcy\u00fck raporlama platformlar\u0131ndan CDP raporlamas\u0131n\u0131n \u015firketlerin risk ve \u015feffafl\u0131\u011f\u0131 kapsam\u0131nda b\u00fcy\u00fck \u00f6nem ta\u015f\u0131d\u0131\u011f\u0131n\u0131 belirten <strong>CarrefourSA CEO\u2019su Kutay Kartall\u0131o\u011flu,<\/strong> 2021 CDP skoru kapsam\u0131nda \u015funlar\u0131 s\u00f6yledi: <em>\u201cCarrefourSA olarak t\u00fcm i\u015f s\u00fcre\u00e7lerimizde, att\u0131\u011f\u0131m\u0131z her ad\u0131mda do\u011fay\u0131 merkeze alan bir yap\u0131yla \u00e7al\u0131\u015f\u0131yoruz ve \u00e7evresel etkileri en aza indirgemeye \u00f6zen g\u00f6steriyoruz. Bunun bir par\u00e7as\u0131 olarak da &#8216;Do\u011frusu CarrefourSA\u2019da&#8217; s\u00f6ylemimiz \u00e7at\u0131s\u0131 alt\u0131nda \u2018Ya\u015fam \u0130\u00e7in Do\u011frusu\u2019 ad\u0131na yapt\u0131\u011f\u0131m\u0131z \u00e7al\u0131\u015fmalar\u0131 ve \u00e7evresel etkimizi uluslararas\u0131 standartlarda \u015feffaf bir \u015fekilde raporluyoruz. 2020&#8217;den bu yana CDP b\u00fcnyesinde ger\u00e7ekle\u015ftirdi\u011fimiz raporlamalar ile bu kapsamda fark\u0131ndal\u0131\u011f\u0131m\u0131z\u0131 ortaya koyuyoruz. Sadece 1 y\u0131ll\u0131k bir s\u00fcrede<strong> \u201cC\u201d olan<\/strong> skorlar\u0131m\u0131z\u0131 <strong>A seviyelerine<\/strong> ta\u015f\u0131yarak <strong>&#8216;Global A-List&#8217;e<\/strong> giren d\u00fcnyadaki say\u0131l\u0131 firmalardan biri olmak bizim i\u00e7in gurur verici. Sekt\u00f6r\u00fcm\u00fczden bu listeye giren ve Ormans\u0131zla\u015ft\u0131rma mod\u00fcl\u00fcnde raporlama yapan tek g\u0131da perakendecisi olmak bize daha da fazla sorumluluk y\u00fckl\u00fcyor. Bundan sonraki y\u0131llarda da \u00e7al\u0131\u015fmalar\u0131m\u0131z\u0131 t\u00fcm \u015feffafl\u0131\u011f\u0131yla raporlayarak bu ba\u015far\u0131m\u0131z\u0131 devam ettirmeyi \u00e7ok \u00f6nemsiyoruz. \u00a02023 y\u0131l\u0131nda T\u00fcrkiye\u2019de 30. y\u0131l\u0131m\u0131z\u0131 kutlarken s\u00fcrd\u00fcr\u00fclebilirlik vizyonumuz ve hedeflerimiz do\u011frultusunda \u00e7al\u0131\u015fmalar\u0131m\u0131za devam edece\u011fiz.\u201d<\/em><\/p>","protected":false},"excerpt":{"rendered":"<p>Sorry, this entry is only available in Turkish. For the sake of viewer convenience, the content is shown below in the alternative language. You may click the link to switch the active language. 2020 y\u0131l\u0131ndan bu yana, d\u00fcnyan\u0131n en b\u00fcy\u00fck \u00e7evresel raporlama platformu olan Carbon Disclosure Project (CDP) kapsam\u0131nda raporlama yapan CarrefourSA, Su G\u00fcvenli\u011fi notunu [&hellip;]<\/p>\n","protected":false},"author":1,"featured_media":165160,"comment_status":"open","ping_status":"open","sticky":false,"template":"","format":"standard","meta":[],"categories":[53],"tags":[106732,48464,32779,106733,1224,106735,67009,106734,106731],"views":46,"_links":{"self":[{"href":"https:\/\/www.enerjigazetesi.ist\/en\/wp-json\/wp\/v2\/posts\/165157"}],"collection":[{"href":"https:\/\/www.enerjigazetesi.ist\/en\/wp-json\/wp\/v2\/posts"}],"about":[{"href":"https:\/\/www.enerjigazetesi.ist\/en\/wp-json\/wp\/v2\/types\/post"}],"author":[{"embeddable":true,"href":"https:\/\/www.enerjigazetesi.ist\/en\/wp-json\/wp\/v2\/users\/1"}],"replies":[{"embeddable":true,"href":"https:\/\/www.enerjigazetesi.ist\/en\/wp-json\/wp\/v2\/comments?post=165157"}],"version-history":[{"count":0,"href":"https:\/\/www.enerjigazetesi.ist\/en\/wp-json\/wp\/v2\/posts\/165157\/revisions"}],"wp:featuredmedia":[{"embeddable":true,"href":"https:\/\/www.enerjigazetesi.ist\/en\/wp-json\/wp\/v2\/media\/165160"}],"wp:attachment":[{"href":"https:\/\/www.enerjigazetesi.ist\/en\/wp-json\/wp\/v2\/media?parent=165157"}],"wp:term":[{"taxonomy":"category","embeddable":true,"href":"https:\/\/www.enerjigazetesi.ist\/en\/wp-json\/wp\/v2\/categories?post=165157"},{"taxonomy":"post_tag","embeddable":true,"href":"https:\/\/www.enerjigazetesi.ist\/en\/wp-json\/wp\/v2\/tags?post=165157"}],"curies":[{"name":"wp","href":"https:\/\/api.w.org\/{rel}","templated":true}]}}