{"id":165088,"date":"2022-12-13T14:45:26","date_gmt":"2022-12-13T11:45:26","guid":{"rendered":"https:\/\/www.enerjigazetesi.ist\/?p=165088"},"modified":"2022-12-13T14:49:47","modified_gmt":"2022-12-13T11:49:47","slug":"petrol-ofisi-ve-chevron-basarili-is-birliklerinin-1inci-yilini-kutladi","status":"publish","type":"post","link":"https:\/\/www.enerjigazetesi.ist\/en\/petrol-ofisi-ve-chevron-basarili-is-birliklerinin-1inci-yilini-kutladi\/","title":{"rendered":"(Turkish) &#8217;Petrol Ofisi&#8217; ve &#8216;Chevron&#8217; Ba\u015far\u0131l\u0131 \u0130\u015f Birliklerinin 1&#8217;inci Y\u0131l\u0131n\u0131 Kutlad\u0131"},"content":{"rendered":"<p class=\"qtranxs-available-languages-message qtranxs-available-languages-message-en\">Sorry, this entry is only available in <a href=\"https:\/\/www.enerjigazetesi.ist\/tr\/wp-json\/wp\/v2\/posts\/165088\" class=\"qtranxs-available-language-link qtranxs-available-language-link-tr\" title=\"Turkish\">Turkish<\/a>. For the sake of viewer convenience, the content is shown below in the alternative language. You may click the link to switch the active language.<\/p><p><\/p>\n<h2>Petrol Ofisi ile Chevron Brands International aras\u0131nda Texaco markal\u0131 madeni ya\u011flar\u0131n T\u00fcrkiye\u2019de \u00fcretim, sat\u0131\u015f ve pazarlamas\u0131n\u0131 \u00f6ng\u00f6ren i\u015f birli\u011finde bir y\u0131l geride kald\u0131. K\u00fcresel pazarlarda ya\u015fanan s\u0131k\u0131nt\u0131lara ra\u011fmen beklentilerin \u00fcst\u00fcnde bir ba\u015far\u0131ya ula\u015fan bu \u00f6nemli i\u015f birli\u011finin birinci y\u0131l\u0131 \u00f6zel bir bulu\u015fma ile kutland\u0131.<\/h2>\n<p>\u0130stanbul\u2019da Petrol Ofisi Genel M\u00fcd\u00fcrl\u00fc\u011f\u00fc\u2019nde d\u00fczenlenen kutlamaya Petrol Ofisi Grup CEO\u2019su <strong>Mehmet Abbaso\u011flu<\/strong>, Chevron Avrupa Genel M\u00fcd\u00fcr\u00fc ve K\u00fcresel Denizcilik Ya\u011flar\u0131 Genel M\u00fcd\u00fcr\u00fc<strong> Pat McCloud<\/strong>, Petrol Ofisi Madeni Ya\u011flar Direkt\u00f6r\u00fc <strong>Sezgin G\u00fcrsu<\/strong> ile her iki markan\u0131n y\u00f6netici ve <img loading=\"lazy\" class=\"alignright wp-image-165091\" src=\"https:\/\/www.enerjigazetesi.ist\/wp-content\/uploads\/2022\/12\/PO_Texaco_Pat_McCloud_Mehmet_Abbasoglu_Sezgin_Gursu.jpg\" alt=\"\" width=\"320\" height=\"198\" srcset=\"https:\/\/www.enerjigazetesi.ist\/wp-content\/uploads\/2022\/12\/PO_Texaco_Pat_McCloud_Mehmet_Abbasoglu_Sezgin_Gursu.jpg 550w, https:\/\/www.enerjigazetesi.ist\/wp-content\/uploads\/2022\/12\/PO_Texaco_Pat_McCloud_Mehmet_Abbasoglu_Sezgin_Gursu-300x185.jpg 300w, https:\/\/www.enerjigazetesi.ist\/wp-content\/uploads\/2022\/12\/PO_Texaco_Pat_McCloud_Mehmet_Abbasoglu_Sezgin_Gursu-500x309.jpg 500w, https:\/\/www.enerjigazetesi.ist\/wp-content\/uploads\/2022\/12\/PO_Texaco_Pat_McCloud_Mehmet_Abbasoglu_Sezgin_Gursu-80x50.jpg 80w\" sizes=\"(max-width: 320px) 100vw, 320px\" \/>\u00e7al\u0131\u015fanlar\u0131 kat\u0131ld\u0131.<\/p>\n<h3><strong>\u201cChevron Petrol Ofisi\u2019ni bir \u00fcretim \u00fcss\u00fc olarak konumluyor\u201d<\/strong><\/h3>\n<p>Petrol Ofisi Grup CEO\u2019su Mehmet Abbaso\u011flu, Chevron ile y\u0131llardan beri gurur duyduklar\u0131 bir birlikteliklerinin bulundu\u011funu belirterek, \u015funlar\u0131 s\u00f6yledi:<\/p>\n<p><em>\u201cT\u00fcrkiye, Chevron\u2019un Texaco markas\u0131 \u00e7at\u0131s\u0131ndaki farkl\u0131 \u00fcr\u00fcnler i\u00e7in kendi pazar\u0131 d\u0131\u015f\u0131nda \u00fcretim yat\u0131r\u0131m\u0131 yapt\u0131\u011f\u0131 ilk pazar. Bu \u00e7ok de\u011ferli bir do\u011frudan yabanc\u0131 yat\u0131r\u0131m hamlesidir. Chevron bu i\u015fbirli\u011fi ile Petrol Ofisi\u2019ni bir \u00fcs olarak konumlayarak yak\u0131n co\u011frafyaya yay\u0131lma merkezi olarak g\u00f6r\u00fcyor. Bu g\u00fcvenin tesisinde hem Chevron\u2019la 70 y\u0131l\u0131 bulan dostlu\u011fumuz, hem de Petrol Ofisi Grubu\u2019nun b\u00f6lgesel g\u00fcc\u00fc kritik role sahip. Birinci y\u0131l\u0131n\u0131 keyifle kutlad\u0131\u011f\u0131m\u0131z i\u015f birli\u011fimizin k\u00f6klenerek devam edece\u011fine inan\u0131yoruz.\u201d<\/em><\/p>\n<h3><strong>\u201cChevron-Petrol Ofisi dostlu\u011fu 70 y\u0131ll\u0131k bir ge\u00e7mi\u015fe sahip\u201d<\/strong><\/h3>\n<p>Chevron Avrupa Genel M\u00fcd\u00fcr\u00fc ve K\u00fcresel Denizcilik Ya\u011flar\u0131 Genel M\u00fcd\u00fcr\u00fc Pat McCloud da Chevron-Petrol Ofisi dostlu\u011funun 70 y\u0131ll\u0131k bir ge\u00e7mi\u015fe sahip oldu\u011funu vurgulayarak, \u015funlar\u0131 kaydetti:<\/p>\n<p>\u201cPetrol Ofisi ile aram\u0131zdaki bu derin dostluk bizim i\u00e7in \u00e7ok k\u0131ymetli. Biz \u00fcr\u00fcnlerimizi \u00fc\u00e7 marka alt\u0131nda pazarl\u0131yoruz: Chevron, Texaco ve Caltex. Kurumsal renklerimiz olan siyah, k\u0131rm\u0131z\u0131 ve beyaz\u0131n yan\u0131nda, Petrol Ofisi\u2019nin k\u0131rm\u0131z\u0131 ve beyaz\u0131n\u0131 birlikte g\u00f6rmek gurur verici\u2026 Petrol Ofisi\u2019nin pazar lideri konumunu s\u00fcrd\u00fcrmesini diliyor ve di\u011fer pazarlarda rakiplerimizi ge\u00e7meyi ve bunu birlikte yapmay\u0131 arzu ediyoruz.\u201d<\/p>\n<h3><strong>\u201cChevron gibi bir partner ile \u00e7al\u0131\u015fmaktan \u00e7ok mutluyuz\u201d<\/strong><\/h3>\n<p>Petrol Ofisi Madeni Ya\u011flar Direkt\u00f6r\u00fc Sezgin G\u00fcrsu ise, Chevron ile y\u0131llara dayanan i\u015f birliklerine yeni bir halka daha eklediklerini ifade ederek, <span style=\"text-decoration: underline;\">\u015f\u00f6yle devam etti:<\/span><\/p>\n<p><em>\u201c<strong>Petrol Ofisi, 1960\u2019larda<\/strong> lisans anla\u015fmas\u0131yla<strong> Texaco<\/strong> ile \u00e7al\u0131\u015fmaya ba\u015flad\u0131. 2015 y\u0131l\u0131nda ise, <strong>denizcilik ya\u011flar\u0131<\/strong> ile ilgili bir<strong> anla\u015fma<\/strong> yap\u0131ld\u0131. Halen ba\u015far\u0131 ile devam eden bu anla\u015fma sayesinde denizcilik pazar\u0131nda, <strong>madeni ya\u011flarda<\/strong> \u00e7ok ba\u015far\u0131l\u0131 olduk. Deniz ya\u011flar\u0131ndaki liderli\u011fimizi <strong>Chevron<\/strong> ve <strong>Petrol Ofisi \u00fcr\u00fcnleri<\/strong> ile ald\u0131k. En sonunda 2020 y\u0131l\u0131nda yeni bir anla\u015fmaya daha imza atarak, ba\u015far\u0131l\u0131 i\u015f birliklerimizi bir ad\u0131m daha ileri ta\u015f\u0131d\u0131k. Bu anla\u015fma ile <strong>Texaco markal\u0131 madeni ya\u011flar\u0131n<\/strong> <strong>T\u00fcrkiye\u2019de<\/strong> <strong>\u00fcretim<\/strong> ve <strong>sat\u0131\u015f\u0131n\u0131<\/strong> \u00fcstlendik. Bu i\u015f birli\u011fi anla\u015fmas\u0131 her iki \u015firket i\u00e7in de hem de\u011fer yaratan hem de bu de\u011feri art\u0131ran bir anla\u015fma oldu. Bu g\u00fczel i\u015f birli\u011fimizden ve <strong>Chevron<\/strong> gibi bir partner ile \u00e7al\u0131\u015fmaktan \u00e7ok mutluyuz.\u00a0<strong>Bu uzun s\u00fcreli bir anla\u015fma<\/strong>. <strong>1&#8217;inci y\u0131l\u0131n\u0131<\/strong> tamamlad\u0131k ama eminim ki, <strong>daha uzun y\u0131llar ba\u015far\u0131<\/strong> ile devam edecektir.\u201d<\/em><\/p>\n<p><strong>Petrol Ofisi Madeni Ya\u011flar\u0131<\/strong>\u2019n\u0131n Derince\u2019deki fabrikas\u0131nda <strong>Kas\u0131m<\/strong> 2021 tarihinde ba\u015flayan ilk \u00fcretim s\u00fcreci ile \u00f6nce Texaco markas\u0131n\u0131n d\u00fcnyaca \u00fcnl\u00fc <strong>Havoline\u00ae<\/strong> ve <strong>Delo\u00ae motor ya\u011flar\u0131<\/strong> \u00fcretilmeye ba\u015fland\u0131.<\/p>\n<p>Bu \u00f6nemli i\u015f birli\u011fi ile bir d\u00fcnya devinin T\u00fcrkiye pazar\u0131na girmesine \u00f6nc\u00fcl\u00fck eden Petrol Ofisi, sahip oldu\u011fu geni\u015f da\u011f\u0131t\u0131m ve bayi a\u011f\u0131 ile k\u0131sa s\u00fcrede <strong>Texaco markal\u0131 \u00fcr\u00fcnlerin<\/strong>, T\u00fcrkiye\u2019nin d\u00f6rt bir yan\u0131na ula\u015fmas\u0131n\u0131 sa\u011flad\u0131. Bununla birlikte e\u015fzamanl\u0131 pazarlama ve tan\u0131t\u0131m \u00e7al\u0131\u015fmalar\u0131na h\u0131z vererek hem etkili fuarlarda hem de sahada Texaco \u00fcr\u00fcnlerini daha fazla kullan\u0131c\u0131ya ula\u015ft\u0131rd\u0131. Bu kapsamda, \u00fcr\u00fcnleri sahada bizzat ustalara anlatmak amac\u0131yla ba\u015flat\u0131lan<strong> Texaco Roadshow<\/strong> ile k\u0131sa s\u00fcre i\u00e7inde T\u00fcrkiye genelinde 25 ilde, 62 sanayi sitesi ziyaret edildi. 52 g\u00fcn s\u00fcren ve b\u00fcy\u00fck ilgi g\u00f6ren roadshow ile T\u00fcrkiye\u2019nin farkl\u0131 noktalar\u0131nda 20.000\u2019in \u00fczerinde ustaya ula\u015f\u0131larak, <strong>Texaco \u00fcr\u00fcnlerinin<\/strong> \u00fcst\u00fcn nitelikli \u00fcr\u00fcnleri ve sundu\u011fu ayr\u0131cal\u0131klar<strong> y\u00fcz y\u00fcze<\/strong> anlat\u0131ld\u0131.<\/p>","protected":false},"excerpt":{"rendered":"<p>Sorry, this entry is only available in Turkish. For the sake of viewer convenience, the content is shown below in the alternative language. You may click the link to switch the active language. Petrol Ofisi ile Chevron Brands International aras\u0131nda Texaco markal\u0131 madeni ya\u011flar\u0131n T\u00fcrkiye\u2019de \u00fcretim, sat\u0131\u015f ve pazarlamas\u0131n\u0131 \u00f6ng\u00f6ren i\u015f birli\u011finde bir y\u0131l geride [&hellip;]<\/p>\n","protected":false},"author":1,"featured_media":165093,"comment_status":"open","ping_status":"open","sticky":false,"template":"","format":"standard","meta":[],"categories":[53,44],"tags":[35344,1542,106712,37517,38340,10059,106711,106713],"views":58,"_links":{"self":[{"href":"https:\/\/www.enerjigazetesi.ist\/en\/wp-json\/wp\/v2\/posts\/165088"}],"collection":[{"href":"https:\/\/www.enerjigazetesi.ist\/en\/wp-json\/wp\/v2\/posts"}],"about":[{"href":"https:\/\/www.enerjigazetesi.ist\/en\/wp-json\/wp\/v2\/types\/post"}],"author":[{"embeddable":true,"href":"https:\/\/www.enerjigazetesi.ist\/en\/wp-json\/wp\/v2\/users\/1"}],"replies":[{"embeddable":true,"href":"https:\/\/www.enerjigazetesi.ist\/en\/wp-json\/wp\/v2\/comments?post=165088"}],"version-history":[{"count":0,"href":"https:\/\/www.enerjigazetesi.ist\/en\/wp-json\/wp\/v2\/posts\/165088\/revisions"}],"wp:featuredmedia":[{"embeddable":true,"href":"https:\/\/www.enerjigazetesi.ist\/en\/wp-json\/wp\/v2\/media\/165093"}],"wp:attachment":[{"href":"https:\/\/www.enerjigazetesi.ist\/en\/wp-json\/wp\/v2\/media?parent=165088"}],"wp:term":[{"taxonomy":"category","embeddable":true,"href":"https:\/\/www.enerjigazetesi.ist\/en\/wp-json\/wp\/v2\/categories?post=165088"},{"taxonomy":"post_tag","embeddable":true,"href":"https:\/\/www.enerjigazetesi.ist\/en\/wp-json\/wp\/v2\/tags?post=165088"}],"curies":[{"name":"wp","href":"https:\/\/api.w.org\/{rel}","templated":true}]}}