{"id":165030,"date":"2022-12-12T14:52:39","date_gmt":"2022-12-12T11:52:39","guid":{"rendered":"https:\/\/www.enerjigazetesi.ist\/?p=165030"},"modified":"2022-12-12T14:52:39","modified_gmt":"2022-12-12T11:52:39","slug":"cemal-tosun-a-schneider-electric-turkiyede-yeni-gorev","status":"publish","type":"post","link":"https:\/\/www.enerjigazetesi.ist\/en\/cemal-tosun-a-schneider-electric-turkiyede-yeni-gorev\/","title":{"rendered":"(Turkish) Cemal Tosun&#8217;a Schneider Electric T\u00fcrkiye&#8217;de Yeni G\u00f6rev"},"content":{"rendered":"<p class=\"qtranxs-available-languages-message qtranxs-available-languages-message-en\">Sorry, this entry is only available in <a href=\"https:\/\/www.enerjigazetesi.ist\/tr\/wp-json\/wp\/v2\/posts\/165030\" class=\"qtranxs-available-language-link qtranxs-available-language-link-tr\" title=\"Turkish\">Turkish<\/a>. For the sake of viewer convenience, the content is shown below in the alternative language. You may click the link to switch the active language.<\/p><p><\/p>\n<h2>Schneider Electric; T\u00fcrkiye, Orta Asya ve Pakistan B\u00f6lgesi CFO ve Strateji Genel M\u00fcd\u00fcr Yard\u0131mc\u0131l\u0131\u011f\u0131 g\u00f6revine Cemal Tosun&#8217;un atand\u0131\u011f\u0131n\u0131 duyurdu.<\/h2>\n<p><img loading=\"lazy\" class=\"alignright wp-image-165032\" src=\"https:\/\/www.enerjigazetesi.ist\/wp-content\/uploads\/2022\/12\/cemal-tosun-a-schneider-electric-turkiyede-yeni-gorev-01.jpg\" alt=\"\" width=\"320\" height=\"151\" srcset=\"https:\/\/www.enerjigazetesi.ist\/wp-content\/uploads\/2022\/12\/cemal-tosun-a-schneider-electric-turkiyede-yeni-gorev-01.jpg 550w, https:\/\/www.enerjigazetesi.ist\/wp-content\/uploads\/2022\/12\/cemal-tosun-a-schneider-electric-turkiyede-yeni-gorev-01-300x141.jpg 300w, https:\/\/www.enerjigazetesi.ist\/wp-content\/uploads\/2022\/12\/cemal-tosun-a-schneider-electric-turkiyede-yeni-gorev-01-500x235.jpg 500w, https:\/\/www.enerjigazetesi.ist\/wp-content\/uploads\/2022\/12\/cemal-tosun-a-schneider-electric-turkiyede-yeni-gorev-01-80x38.jpg 80w\" sizes=\"(max-width: 320px) 100vw, 320px\" \/>Tosun, 2007 y\u0131l\u0131nda uluslararas\u0131 finansal denetim \u015firketi Deloitte\u2019de kariyerine ba\u015flad\u0131. <strong>2011 y\u0131l\u0131nda Finans Y\u00f6neticisi<\/strong> olarak <strong>Schneider Electric<\/strong>\u2019e kat\u0131lan Tosun, 2014 y\u0131l\u0131nda \u015firket i\u015ftiraklerinden <strong>G\u00fcnsan Elektrik<\/strong> ve<strong> Himel Elektrik<\/strong>\u2019in CFO\u2019su olarak g\u00f6rev ald\u0131. 2019 y\u0131l\u0131nda Schneider Electric\u2019te <strong>De\u011fer Markalar\u0131 \u0130\u015f Biriminde Finans Direkt\u00f6r\u00fc<\/strong> olarak <strong>60 \u00fclkenin sorumlulu\u011funu \u00fcstlenen<\/strong> Cemal Tosun, <strong>2020 y\u0131l\u0131<\/strong>nda <strong>Schneider Electric Strateji ve Dijital D\u00f6n\u00fc\u015f\u00fcm Direkt\u00f6r\u00fc<\/strong> olarak atanm\u0131\u015ft\u0131. Yeni g\u00f6revi do\u011frultusunda ise Tosun; \u015firketin<strong> finans liderli\u011finin<\/strong> yan\u0131 s\u0131ra <strong>s\u00fcrd\u00fcr\u00fclebilirlik, veri mimarisi ve d\u00f6n\u00fc\u015f\u00fcm<\/strong> konular\u0131n\u0131 da <strong>kapsayan stratejisine liderlik ederek<\/strong> b\u00f6lgesel hedeflere ula\u015f\u0131lmas\u0131nda rol alacak.<\/p>\n<p><em>Cemal Tosun, 2006 y\u0131l\u0131nda Marmara \u00dcniversitesi \u0130dari ve \u0130ktisadi Bilimler Fak\u00fcltesi \u0130ngilizce \u0130\u015fletme b\u00f6l\u00fcm\u00fcnden mezun olduktan sonra Finlandiya\u2019da Haaga-Helia University of Applied Science\u2019ta Uluslararas\u0131 Pazarlama ve \u0130\u015fletme b\u00f6l\u00fcm\u00fcnde lisans e\u011fitimi ald\u0131.<\/em><\/p>","protected":false},"excerpt":{"rendered":"<p>Sorry, this entry is only available in Turkish. For the sake of viewer convenience, the content is shown below in the alternative language. You may click the link to switch the active language. Schneider Electric; T\u00fcrkiye, Orta Asya ve Pakistan B\u00f6lgesi CFO ve Strateji Genel M\u00fcd\u00fcr Yard\u0131mc\u0131l\u0131\u011f\u0131 g\u00f6revine Cemal Tosun&#8217;un atand\u0131\u011f\u0131n\u0131 duyurdu. Tosun, 2007 y\u0131l\u0131nda [&hellip;]<\/p>\n","protected":false},"author":1,"featured_media":165033,"comment_status":"open","ping_status":"open","sticky":false,"template":"","format":"standard","meta":[],"categories":[51,53],"tags":[4781,106696,92279,4157],"views":65,"_links":{"self":[{"href":"https:\/\/www.enerjigazetesi.ist\/en\/wp-json\/wp\/v2\/posts\/165030"}],"collection":[{"href":"https:\/\/www.enerjigazetesi.ist\/en\/wp-json\/wp\/v2\/posts"}],"about":[{"href":"https:\/\/www.enerjigazetesi.ist\/en\/wp-json\/wp\/v2\/types\/post"}],"author":[{"embeddable":true,"href":"https:\/\/www.enerjigazetesi.ist\/en\/wp-json\/wp\/v2\/users\/1"}],"replies":[{"embeddable":true,"href":"https:\/\/www.enerjigazetesi.ist\/en\/wp-json\/wp\/v2\/comments?post=165030"}],"version-history":[{"count":0,"href":"https:\/\/www.enerjigazetesi.ist\/en\/wp-json\/wp\/v2\/posts\/165030\/revisions"}],"wp:featuredmedia":[{"embeddable":true,"href":"https:\/\/www.enerjigazetesi.ist\/en\/wp-json\/wp\/v2\/media\/165033"}],"wp:attachment":[{"href":"https:\/\/www.enerjigazetesi.ist\/en\/wp-json\/wp\/v2\/media?parent=165030"}],"wp:term":[{"taxonomy":"category","embeddable":true,"href":"https:\/\/www.enerjigazetesi.ist\/en\/wp-json\/wp\/v2\/categories?post=165030"},{"taxonomy":"post_tag","embeddable":true,"href":"https:\/\/www.enerjigazetesi.ist\/en\/wp-json\/wp\/v2\/tags?post=165030"}],"curies":[{"name":"wp","href":"https:\/\/api.w.org\/{rel}","templated":true}]}}