{"id":16502,"date":"2013-10-14T14:48:02","date_gmt":"2013-10-14T11:48:02","guid":{"rendered":"https:\/\/www.enerjigazetesi.ist\/?p=16502"},"modified":"2013-10-14T14:48:02","modified_gmt":"2013-10-14T11:48:02","slug":"taner-yildiz-turkiyenin-ikinci-en-buyuk-komur-sahasini-biz-kesfettik","status":"publish","type":"post","link":"https:\/\/www.enerjigazetesi.ist\/en\/taner-yildiz-turkiyenin-ikinci-en-buyuk-komur-sahasini-biz-kesfettik\/","title":{"rendered":"(Turkish) Taner Y\u0131ld\u0131z: T\u00fcrkiye\u2019nin \u0130kinci En B\u00fcy\u00fck K\u00f6m\u00fcr Sahas\u0131n\u0131 Biz Ke\u015ffettik!"},"content":{"rendered":"<p class=\"qtranxs-available-languages-message qtranxs-available-languages-message-en\">Sorry, this entry is only available in <a href=\"https:\/\/www.enerjigazetesi.ist\/tr\/wp-json\/wp\/v2\/posts\/16502\" class=\"qtranxs-available-language-link qtranxs-available-language-link-tr\" title=\"Turkish\">Turkish<\/a>. For the sake of viewer convenience, the content is shown below in the alternative language. You may click the link to switch the active language.<\/p><p><strong>Enerji ve Tabii Kaynaklar Bakan\u0131 Taner Y\u0131ld\u0131z, T\u00fcrkiye\u2019nin Af\u015fin Elbistan\u2019dan sonraki, 1.8 milyar tonluk en b\u00fcy\u00fck k\u00f6m\u00fcr rezervinin, kendi iktidarlar\u0131 d\u00f6neminde Konya\u2019n\u0131n Karap\u0131nar il\u00e7esinde tespit edildi\u011fini s\u00f6yledi.<\/strong><\/p>\n<p>Y\u0131ld\u0131z, bir dizi gezi ve ziyaretlerde bulunmak \u00fczere geldi\u011fi Karap\u0131nar il\u00e7esinde, G\u00fcne\u015f Enerjisi Sekt\u00f6r\u00fcndeki Geli\u015fmeler ve Karap\u0131nar Enerji \u0130htisas End\u00fcstrisi B\u00f6lgesi Yat\u0131r\u0131m F\u0131rsatlar\u0131 konulu panele kat\u0131ld\u0131. Bakan Y\u0131ld\u0131z, burada yapt\u0131\u011f\u0131 konu\u015fmada, \u015fu ana kadar T\u00fcrkiye\u2019nin de\u011fi\u015fmesini, b\u00fcy\u00fcmesi ve geli\u015fmesinin devam etti\u011fini belirtti.<\/p>\n<p>T\u00fcrkiye\u2019nin geli\u015fimini h\u0131zla s\u00fcrd\u00fcrd\u00fc\u011f\u00fcn\u00fc ifade eden Y\u0131ld\u0131z, \u201dSon 10 y\u0131l i\u00e7inde gayri safi yurt i\u00e7i has\u0131las\u0131n\u0131 3 kat\u0131na, enerjide t\u00fcm kurulu g\u00fcc\u00fcn\u00fc 2 kat\u0131na \u00e7\u0131kard\u0131k. Her y\u0131l Bulgaristan, Romanya, Macaristan gibi bir \u00fclke kadar b\u00fcy\u00fcyor, bu \u00e7ok \u00f6nemli\u201d dedi.<\/p>\n<p>G\u00fcne\u015f enerjisi konusunda ge\u00e7 kal\u0131nd\u0131\u011f\u0131 y\u00f6n\u00fcnde baz\u0131 yorumlar yap\u0131ld\u0131\u011f\u0131n\u0131 ancak bunun do\u011fru olmad\u0131\u011f\u0131n\u0131 ifade eden Y\u0131ld\u0131z, \u015funlar\u0131 kaydetti: \u201dTeknoloji geli\u015fiyor, malzeme verimi geli\u015fiyor ama bunlar, belli bir para de\u011feri kar\u015f\u0131l\u0131\u011f\u0131yla geli\u015fiyor. Bundan 3 y\u0131l kadar \u00f6nce g\u00fcne\u015f enerjisinin arz\u0131yla alakal\u0131 fiyat mekanizmalar\u0131 \u00e7ok y\u00fcksekti. Biz enerji giderimizi azaltal\u0131m ist<a href=\"https:\/\/www.enerjigazetesi.ist\/wp-content\/uploads\/2013\/04\/TANER-YiLDiZ-HI-799673.jpg\"><img loading=\"lazy\" class=\"alignright size-medium wp-image-10035\" title=\"taner-yildiz-bakan-yildiz\" src=\"https:\/\/www.enerjigazetesi.ist\/wp-content\/uploads\/2013\/04\/TANER-YiLDiZ-HI-799673-300x216.jpg\" alt=\"\" width=\"300\" height=\"216\" srcset=\"https:\/\/www.enerjigazetesi.ist\/wp-content\/uploads\/2013\/04\/TANER-YiLDiZ-HI-799673-300x216.jpg 300w, https:\/\/www.enerjigazetesi.ist\/wp-content\/uploads\/2013\/04\/TANER-YiLDiZ-HI-799673-69x50.jpg 69w, https:\/\/www.enerjigazetesi.ist\/wp-content\/uploads\/2013\/04\/TANER-YiLDiZ-HI-799673.jpg 408w\" sizes=\"(max-width: 300px) 100vw, 300px\" \/><\/a>iyoruz ama bu sefer de yat\u0131r\u0131mla alakal\u0131 maliyetleri art\u0131rm\u0131\u015f oluyoruz. Bu \u00e7ok do\u011fru bir \u015fey de\u011fil. \u0130thal etti\u011fimiz enerji kaynaklar\u0131yla ithal edebildi\u011fimiz teknoloji aras\u0131nda birbiriyle m\u00fctenasip bir ahenk var. Bu ahengi bozmam\u0131z laz\u0131m. G\u00fcne\u015f enerjisi bundan 4-5 y\u0131l \u00f6nce \u00e7ok pahal\u0131yd\u0131. \u00c7\u00fcnk\u00fc biz daima \u00fcreticinin ucuz, t\u00fcketicinin pahal\u0131 buldu\u011fu bir elektrik kalemini y\u00f6netmeye \u00e7al\u0131\u015f\u0131yoruz. O y\u00fczden bunun zamanlama a\u00e7\u0131s\u0131ndan do\u011fru bir zamanlama i\u00e7erisinde oldu\u011fumuzu s\u00f6ylememiz laz\u0131m. Hem d\u00fcnyada hem AB \u00fclkelerinde hem de \u00fclkemzde \u00f6zellikle yenlebilir enerji kaynaklar\u0131yla alakal\u0131 yat\u0131r\u0131mlar\u0131n daha da h\u0131zland\u0131\u011f\u0131 bir d\u00f6neme girmi\u015f oluyoruz.\u201d<\/p>\n<h2>Yerli k\u00f6m\u00fcr ve g\u00fcne\u015f<\/h2>\n<p>Karap\u0131nar\u2019a 2 \u00f6nemli enerji kayna\u011f\u0131n\u0131 konu\u015fmaya geldiklerini, bunlar\u0131n yerli k\u00f6m\u00fcr ve g\u00fcne\u015f oldu\u011funu anlatan Y\u0131ld\u0131z, \u201dYo\u011funluk olarak T\u00fcrkiye\u2019nin en \u00f6nemli kaynak noktalar\u0131ndan bir tanesindeyiz. \u00d6zellikle bu \u0130htisas End\u00fcstri B\u00f6lgesi\u2019ndeki gerek g\u00fcne\u015f gerek k\u00f6m\u00fcr yat\u0131r\u0131mlar\u0131n\u0131n \u00f6n\u00fcn\u00fc a\u00e7m\u0131\u015f bulunuyoruz. 1.8 milyar tonluk, T\u00fcrkiye\u2019nin Af\u015fin Elbistan\u2019dan sonraki en b\u00fcy\u00fck rezervi, iktidar\u0131m\u0131z d\u00f6neminde son 10 y\u0131l i\u00e7inde burada tespit edildi. Tabii Konya sanayisinin ve sivi ltoplum \u00f6rg\u00fctlerinin hassas oldu\u011fu bir konu\u2026 Bu konudaki haz\u0131rlanan raporlar\u0131 uzun b\u0131r s\u00fcreden beri de\u011ferlendiriyoruz. K\u00f6m\u00fcrle m\u00fctenasip ve buraya kuraca\u011f\u0131m\u0131z trafo merkezlerini Karap\u0131nar\u2019a has yap\u0131p g\u00fcne\u015f kapasitesini art\u0131raca\u011f\u0131z. Karap\u0131nar b\u00f6lgesine has bir g\u00fcne\u015f planlamas\u0131n\u0131 ilgili t\u00fcm kurulu\u015flar\u0131m\u0131zla yapaca\u011f\u0131z.\u201d<\/p>\n<p>Y\u0131ld\u0131z, \u00e7\u0131k\u0131\u015fta gazetecilerin, Karap\u0131nar\u2019a yap\u0131lacak termik santralin ihalesiyle ilgili bir geli\u015fme olup olmad\u0131\u011f\u0131 y\u00f6n\u00fcndeki sorusu \u00fczerine, bu konuda t\u00fcm rezervlerin, fizibilitelerin netle\u015fmesi gerekti\u011fini anlatt\u0131.<\/p>\n<p>Bununla ilgili \u00e7al\u0131\u015fmalar\u0131n devam etti\u011fini anlatan Y\u0131ld\u0131z, \u201dAf\u015fin Elbistan ile yeni havzalar\u0131n d\u00fczenlenmesiyle alakal\u0131 g\u00f6r\u00fc\u015fmelerimizde ciddi bir mesafe kaydetmi\u015ftik. Firmayla yapt\u0131\u011f\u0131m\u0131z \u00e7al\u0131\u015fmada kendilerinin sundu\u011fu gerek\u00e7eyle onu durdurdular ama biz art\u0131k ba\u015fka firmalarla ba\u015fka \u00fclkelerle buna devam edece\u011fiz. Hemen akabinde de Karap\u0131nar ile alakal\u0131 \u00e7al\u0131\u015fmalar\u0131 yapaca\u011f\u0131z. Burada s\u0131hhatli iyi bir zemin olu\u015fturulaca\u011f\u0131 kanaatindeyim. Ekibimize daha da h\u0131zlanmalar\u0131n\u0131 s\u00f6yledim\u201d dedi.<\/p>\n<p>Y\u0131ld\u0131z, daha sonra Karap\u0131nar\u2019daki G\u00fcne\u015f Enerjisi End\u00fcstri \u0130htisas B\u00f6lgesi\u2019nde incelemelerde bulundu. Bakan Y\u0131ld\u0131z, burada Karap\u0131nar Belediye Ba\u015fkan\u0131 Mehmet Mugay\u0131to\u011flu\u2019ndan bilgi ald\u0131.<\/p>\n<p>Kaynak: <a href=\"http:\/\/enerjienstitusu.com\/2013\/10\/14\/taner-yildiz-turkiyenin-ikinci-en-buyuk-komur-sahasini-biz-kesfettik\/\" target=\"_blank\">Enerji Enstit\u00fcs\u00fc<\/a><\/p>","protected":false},"excerpt":{"rendered":"<p>Sorry, this entry is only available in Turkish. For the sake of viewer convenience, the content is shown below in the alternative language. You may click the link to switch the active language.Enerji ve Tabii Kaynaklar Bakan\u0131 Taner Y\u0131ld\u0131z, T\u00fcrkiye\u2019nin Af\u015fin Elbistan\u2019dan sonraki, 1.8 milyar tonluk en b\u00fcy\u00fck k\u00f6m\u00fcr rezervinin, kendi iktidarlar\u0131 d\u00f6neminde Konya\u2019n\u0131n Karap\u0131nar [&hellip;]<\/p>\n","protected":false},"author":1,"featured_media":10035,"comment_status":"open","ping_status":"open","sticky":false,"template":"","format":"standard","meta":[],"categories":[53],"tags":[710,63,67,1009,165,227,13,5283,1443,2441,667,438,6719,1375],"views":657,"_links":{"self":[{"href":"https:\/\/www.enerjigazetesi.ist\/en\/wp-json\/wp\/v2\/posts\/16502"}],"collection":[{"href":"https:\/\/www.enerjigazetesi.ist\/en\/wp-json\/wp\/v2\/posts"}],"about":[{"href":"https:\/\/www.enerjigazetesi.ist\/en\/wp-json\/wp\/v2\/types\/post"}],"author":[{"embeddable":true,"href":"https:\/\/www.enerjigazetesi.ist\/en\/wp-json\/wp\/v2\/users\/1"}],"replies":[{"embeddable":true,"href":"https:\/\/www.enerjigazetesi.ist\/en\/wp-json\/wp\/v2\/comments?post=16502"}],"version-history":[{"count":2,"href":"https:\/\/www.enerjigazetesi.ist\/en\/wp-json\/wp\/v2\/posts\/16502\/revisions"}],"predecessor-version":[{"id":16504,"href":"https:\/\/www.enerjigazetesi.ist\/en\/wp-json\/wp\/v2\/posts\/16502\/revisions\/16504"}],"wp:featuredmedia":[{"embeddable":true,"href":"https:\/\/www.enerjigazetesi.ist\/en\/wp-json\/wp\/v2\/media\/10035"}],"wp:attachment":[{"href":"https:\/\/www.enerjigazetesi.ist\/en\/wp-json\/wp\/v2\/media?parent=16502"}],"wp:term":[{"taxonomy":"category","embeddable":true,"href":"https:\/\/www.enerjigazetesi.ist\/en\/wp-json\/wp\/v2\/categories?post=16502"},{"taxonomy":"post_tag","embeddable":true,"href":"https:\/\/www.enerjigazetesi.ist\/en\/wp-json\/wp\/v2\/tags?post=16502"}],"curies":[{"name":"wp","href":"https:\/\/api.w.org\/{rel}","templated":true}]}}