{"id":165007,"date":"2022-12-12T12:18:48","date_gmt":"2022-12-12T09:18:48","guid":{"rendered":"https:\/\/www.enerjigazetesi.ist\/?p=165007"},"modified":"2022-12-12T12:20:29","modified_gmt":"2022-12-12T09:20:29","slug":"icci-enerji-odulleri-sahipleriyle-bulustu","status":"publish","type":"post","link":"https:\/\/www.enerjigazetesi.ist\/en\/icci-enerji-odulleri-sahipleriyle-bulustu\/","title":{"rendered":"(Turkish) &#8217;ICCI Enerji \u00d6d\u00fclleri&#8217; Sahipleriyle Bulu\u015ftu"},"content":{"rendered":"<p class=\"qtranxs-available-languages-message qtranxs-available-languages-message-en\">Sorry, this entry is only available in <a href=\"https:\/\/www.enerjigazetesi.ist\/tr\/wp-json\/wp\/v2\/posts\/165007\" class=\"qtranxs-available-language-link qtranxs-available-language-link-tr\" title=\"Turkish\">Turkish<\/a>. For the sake of viewer convenience, the content is shown below in the alternative language. You may click the link to switch the active language.<\/p><p><\/p>\n<h2><strong>Enerji ve Tabii Kaynaklar Bakanl\u0131\u011f\u0131 ve EPDK taraf\u0131ndan desteklenen ICCI Uluslararas\u0131 Enerji ve \u00c7evre Fuar ve Konferans\u0131 kapsam\u0131nda, 2011 y\u0131l\u0131ndan itibaren d\u00fczenlenen ICCI Enerji \u00d6d\u00fclleri T\u00f6reni\u2019nde enerji sekt\u00f6r\u00fc bir araya geldi. ICCI Enerji \u00d6d\u00fclleri bu sene Konvansiyonel Santraller, Yenilenebilir Enerji Santralleri, Kojeerasyon Teknolojisi \u00d6zel \u00d6d\u00fcl\u00fc, Teknoloji, Dijitalle\u015fme ve Yenilik\u00e7ilik \u00d6zel \u00d6d\u00fcl\u00fc, Enerjide Yerli Teknoloji Liderleri olmak \u00fczere toplam 5 ana ba\u015fl\u0131k alt\u0131nda verildi.<\/strong><\/h2>\n<p>T\u00fcrkiye&#8217;nin ve b\u00f6lgenin en b\u00fcy\u00fck Enerji ve \u00c7evre platformu olan ICCI \u2013 Uluslararas\u0131 Enerji ve \u00c7evre <img loading=\"lazy\" class=\"alignright wp-image-165010\" src=\"https:\/\/www.enerjigazetesi.ist\/wp-content\/uploads\/2022\/12\/icci-enerji-odulleri-sahipleriyle-bulustu-1.jpg\" alt=\"\" width=\"320\" height=\"214\" srcset=\"https:\/\/www.enerjigazetesi.ist\/wp-content\/uploads\/2022\/12\/icci-enerji-odulleri-sahipleriyle-bulustu-1.jpg 550w, https:\/\/www.enerjigazetesi.ist\/wp-content\/uploads\/2022\/12\/icci-enerji-odulleri-sahipleriyle-bulustu-1-300x200.jpg 300w, https:\/\/www.enerjigazetesi.ist\/wp-content\/uploads\/2022\/12\/icci-enerji-odulleri-sahipleriyle-bulustu-1-500x334.jpg 500w, https:\/\/www.enerjigazetesi.ist\/wp-content\/uploads\/2022\/12\/icci-enerji-odulleri-sahipleriyle-bulustu-1-75x50.jpg 75w, https:\/\/www.enerjigazetesi.ist\/wp-content\/uploads\/2022\/12\/icci-enerji-odulleri-sahipleriyle-bulustu-1-450x300.jpg 450w\" sizes=\"(max-width: 320px) 100vw, 320px\" \/>Fuar\u0131 ve Konferans\u0131\u2019n\u0131n bir uzant\u0131s\u0131 olarak; sekt\u00f6re yap\u0131lan hizmetleri ve katk\u0131lar\u0131 desteklemek ve te\u015fvik etmek amac\u0131yla verilen ICCI Enerji \u00d6d\u00fclleri sahiplerini buldu. D\u00fczenlenen \u00f6d\u00fcl t\u00f6renine TBMM Sanayi, Ticaret, Enerji, Tabii Kaynaklar, Bilgi ve Teknoloji Komisyonu Ba\u015fkan\u0131 Ziya Altunyald\u0131z, TG Expo Genel M\u00fcd\u00fcr\u00fc Cem \u015eenel, T\u00fcrkiye Kojenerasyon Derne\u011fi Ba\u015fkan\u0131 Yavuz Ayd\u0131n ve Elektrik \u00dcretim Anonim \u015eirketi Genel M\u00fcd\u00fcr\u00fc \u0130zzet Alag\u00f6z ile \u00e7ok say\u0131da davetli kat\u0131ld\u0131. ICCI Enerji \u00d6d\u00fclleri, bu sene Konvansiyonel Santraller, Yenilenebilir Enerji Santralleri, Kojenerasyon Teknolojisi \u00d6zel \u00d6d\u00fcl\u00fc, Teknoloji, Dijitalle\u015fme ve Yenilik\u00e7ilik \u00d6zel \u00d6d\u00fcl\u00fc, Enerjide Yerli Teknoloji Liderleri olmak \u00fczere 5 ana ba\u015fl\u0131k alt\u0131nda verildi.<\/p>\n<h3><strong>D\u00dcNYA ARTIK D\u00d6N\u00dc\u015e\u00dcM\u00dc ZORUNLU KILIYOR<\/strong><\/h3>\n<p>\u0130klim de\u011fi\u015fikli\u011finin, k\u00fcresel \u0131s\u0131nman\u0131n her \u015feyi tehdit etti\u011fini dile getiren TBMM Sanayi, Ticaret, Enerji, Tabii Kaynaklar, Bilgi ve Teknoloji Komisyonu Ba\u015fkan\u0131 Ziya Altunyald\u0131z, \u201cD\u00fcnya art\u0131k d\u00f6n\u00fc\u015f\u00fcm\u00fc zorunlu k\u0131l\u0131yor. Bu d\u00f6n\u00fc\u015f\u00fcmde as\u0131l unsur enerjideki d\u00f6n\u00fc\u015f\u00fcm olacak. \u00c7\u00fcnk\u00fc sera gaz\u0131 emisyonlar\u0131n\u0131n y\u00fczde 70\u2019i enerji \u00fcretiminden kaynaklan\u0131yor. E\u011fer enerjide d\u00f6n\u00fc\u015f\u00fcm sa\u011flanmazsa olumsuzluklar\u0131 bertaraf edemeyiz. Bu kapsamda e\u011fer hep beraber sanayi \u00f6ncesi d\u00f6nemin \u015fartlar\u0131n\u0131 tesis etmek istiyorsak, d\u00fcnyan\u0131n kaynaklar\u0131n\u0131 h\u0131zl\u0131ca t\u00fcketen \u00fclkelerin geli\u015fmekte olan ve az geli\u015fen \u00fclkelere destek vermesi gerekiyor.\u201d dedi. Enerjide k\u00fcresel tedarik zincirinin bozuldu\u011funu belirten Altunyald\u0131z, \u201cAB ba\u015fta olmak \u00fczere k\u0131\u015f nas\u0131l ge\u00e7ecek korkusu var. Bu kapsamda T\u00fcrkiye olarak \u00f6ncelikle enerji akt\u00f6rlerimizin katk\u0131lar\u0131yla \u00fclke olarak Paris \u0130klim Anla\u015fmas\u0131\u2019n\u0131n ard\u0131ndan Cumhurba\u015fkan\u0131m\u0131z\u0131n koydu\u011fu ye\u015fil kalk\u0131nma devrimiyle yenilenebilir enerjide lider \u00fclke olma konusunda \u00f6nemli ad\u0131mlar atmaya devam ediyoruz. Ayr\u0131ca buradaki organizasyonu d\u00fczenleyenleri de tebrik etmek istiyorum. \u00dclke olarak kurulu g\u00fcc\u00fcn y\u00fczde 54\u2019\u00fcn\u00fc yenilenebilir enerji kaynaklar\u0131na d\u00f6n\u00fc\u015ft\u00fcrmenin yan\u0131nda, ba\u015fta r\u00fczgar olmak \u00fczere g\u00fcne\u015fte ve di\u011fer alanlarda santrallarda kullan\u0131lan te\u00e7hizat\u0131n y\u00fczde 70\u2019ini yapma yetkinli\u011fine geldik.\u201d<\/p>\n<h3><strong>PROJELER\u0130 VE H\u0130ZMETLER\u0130 TE\u015eV\u0130K ETME AMACI TA\u015eIYOR <\/strong><\/h3>\n<p>2008 y\u0131l\u0131nda \u2018Think Global &#8211; K\u00fcresel D\u00fc\u015f\u00fcn\u2019 mottosuyla kurulan TG Expo\u2019nun; enerji, g\u0131da, kozmetik, tekstil, mermer, seramik, yap\u0131, restorasyon, m\u00fczecilik, otel ekipmanlar\u0131 sekt\u00f6rlerinde gerek kendi fuarlar\u0131n\u0131 gerekse d\u00fcnyan\u0131n en \u00f6nemli fuarlar\u0131n\u0131n T\u00fcrkiye kat\u0131l\u0131mlar\u0131n\u0131 ger\u00e7ekle\u015ftirdi\u011fini ifade eden TG Expo Genel M\u00fcd\u00fcr\u00fc Cem \u015eenel, \u201cTG Expo, Sekt\u00f6rel Fuarc\u0131l\u0131k A.\u015e.&#8217;nin 2 orta\u011f\u0131 olan Hannover Fairs Turkiye ve PennWell International ile Ekim 2020&#8217;de yap\u0131lan anla\u015fmayla, Sekt\u00f6rel Fuarc\u0131l\u0131k A.\u015e.&#8217;yi ve Uluslararas\u0131 Enerji ve \u00c7evre Fuar ve Konferans\u0131&#8217;n\u0131 (ICCI) b\u00fcnyesine katarak, enerji sekt\u00f6r\u00fcndeki yerini peki\u015ftirdi. 26 y\u0131ld\u0131r yap\u0131lan ve \u00fcretim-iletim-da\u011f\u0131t\u0131m olmak \u00fczere, sekt\u00f6r\u00fcn t\u00fcm bile\u015fenlerini bir araya getiren ICCI 2022 Fuar\u0131m\u0131z ge\u00e7ti\u011fimiz mart ay\u0131nda \u0130FM&#8217;de ger\u00e7ekle\u015ftirildi. TG Expo olarak, \u00fclkemizin b\u00f6lgesel enerji kaynaklar\u0131n\u0131 b\u00fcy\u00fctmesi, enerjinin verimli y\u00f6netilerek, sanayi \u00fcretim maliyetlerinin rekabet\u00e7i seviyelere \u00e7ekilmesi, enerji d\u00f6n\u00fc\u015f\u00fcm\u00fcn\u00fcn piyasaya entegre edilmesi ama\u00e7lar\u0131na hizmet etmek \u00fczere d\u00fczenledi\u011fimiz ICCI Fuar\u0131\u2019m\u0131z\u0131n bir par\u00e7as\u0131 olarak, 2011 y\u0131l\u0131ndan bu yana ICCI Enerji \u00d6d\u00fclleri&#8217;ni de s\u00fcrd\u00fcr\u00fcyoruz. Enerji sekt\u00f6r\u00fcne yap\u0131lan hizmetleri ve katk\u0131lar\u0131 desteklemek amac\u0131yla verilen enerji \u00f6d\u00fclleri, ileri vadede de yap\u0131lacak projeleri ve hizmetleri te\u015fvik etme amac\u0131 ta\u015f\u0131yor.\u201d diye konu\u015ftu.<\/p>\n<h3><strong>YERL\u0130 TEKNOLOJ\u0130 L\u0130DERLER\u0130 KATEGOR\u0130S\u0130 <\/strong><\/h3>\n<p>2021 y\u0131l\u0131n\u0131n d\u00fcnya ve T\u00fcrkiye a\u00e7\u0131s\u0131ndan pandemi s\u00fcrecinin kontrol alt\u0131na al\u0131nma ve bu ko\u015fullarda ekonomilerin y\u00fczd\u00fcr\u00fclmesi \u00e7abalar\u0131 i\u00e7inde ge\u00e7ti\u011fini ifade eden T\u00fcrkiye Kojenerasyon Derne\u011fi Ba\u015fkan\u0131 Yavuz Ayd\u0131n, Rusya-Ukrayna sava\u015f\u0131n\u0131n ba\u015flamas\u0131n\u0131n da enerji piyasalar\u0131n\u0131 etkiledi\u011fini kaydetti. Yavuz Ayd\u0131n, \u201c2023 y\u0131l\u0131nda k\u0131\u015f ko\u015fullar\u0131n\u0131n sertle\u015fmesi halinde Avrupa\u2019da ciddi enerji s\u0131k\u0131nt\u0131lar\u0131 ya\u015fanmas\u0131 bekleniyor. T\u00fcrkiye olarak ge\u00e7en y\u0131l oldu\u011fu gibi beklenmedik bir do\u011falgaz tedarik kesintisi olmazsa mevcut gaz anla\u015fmalar\u0131m\u0131z ve yenilenebilir enerji kurulu g\u00fcc\u00fcm\u00fczle 2023 k\u0131\u015f d\u00f6nemini \u00f6nemli bir s\u0131k\u0131nt\u0131 olmadan a\u015fabilece\u011fimiz tahmin ediliyor. Yaln\u0131z 2023 Haziran ay\u0131ndan itibaren yaz d\u00f6nemi i\u00e7in ilave tedbirlere ihtiya\u00e7 olacakt\u0131r.\u201d diye konu\u015ftu. 2023 <strong>y\u0131l\u0131ndaki ICCI Enerji ve \u00c7evre Fuar ve Konferans\u0131\u2019n\u0131n 24-26 May\u0131s 2023<\/strong> tarihlerinde \u0130stanbul Fuar Merkezi\u2019nde yap\u0131laca\u011f\u0131n\u0131 kaydeden Ayd\u0131n, \u201c\u015eunu gururla ifade ediyoruz ki ICCI Enerji \u00d6d\u00fclleri sekt\u00f6r\u00fcm\u00fczde daha iyiye, daha verimli ve ba\u015far\u0131l\u0131 projelere y\u00f6nelimi art\u0131rm\u0131\u015ft\u0131r. Ge\u00e7ti\u011fimiz y\u0131llardan farkl\u0131 olarak bu y\u0131l \u00f6d\u00fcllere \u2018Yerli Teknoloji Liderleri\u2019 ba\u015fl\u0131kl\u0131 yeni bir kategori ekledik ve bu kategoride \u00fclkemizin enerji sekt\u00f6r\u00fc \u015firketlerinin ne kadar ilerlemi\u015f oldu\u011funu g\u00f6rerek \u00e7ok mutlu olduk. \u00d6d\u00fcl ba\u015fvurular\u0131nda en fazla say\u0131da proje, \u00fcr\u00fcn ve hizmet ba\u015fvurusu bu alanda oldu ve bu kategoriyi ba\u015flatmakla ne kadar do\u011fru bir i\u015f yapt\u0131\u011f\u0131m\u0131z\u0131 g\u00f6rd\u00fck.\u201d ifadelerini kulland\u0131.<\/p>\n<h3><strong><u>\u00d6d\u00fcl Listesi<\/u><\/strong><\/h3>\n<p><strong>Konvansiyonel Santraller <\/strong><\/p>\n<p><strong>Do\u011falgaz Kategorisi:<\/strong><\/p>\n<p>-Band\u0131rma 2 projesiyle Enerjisa \u00dcretim<\/p>\n<p><strong>Yenilenebilir Enerji R\u00fczgar Kategorisi:<\/strong><\/p>\n<p>-Ulur\u00fczgar Santrali ile G\u00fcri\u015f, Ana Ekipman Sa\u011flay\u0131c\u0131 \u00d6d\u00fcl\u00fc Enercon<\/p>\n<p><strong>G\u00fcne\u015f Kategorisi: \u00a0<\/strong><\/p>\n<p>Mardin projesiyle Consus Enerji, Ana Ekipman Sa\u011flay\u0131c\u0131 \u00d6d\u00fcl\u00fc Smart G\u00fcne\u015f<\/p>\n<p><strong>Biyok\u00fctle Kategorisi:<\/strong><\/p>\n<p>-Seymen Projesi ile \u0130stanbul Enerji, Ana Ekipman Sa\u011flay\u0131c\u0131 \u00d6d\u00fcl\u00fc Topkap\u0131 End\u00fcstri&amp;Jenbacher<\/p>\n<p>-Eber Projesi ile Oltan ve K\u00f6leo\u011flu Elektrik ve Enerji, En \u0130yi Ana E Ana Ekipman Sa\u011flay\u0131c\u0131 \u00d6d\u00fcl\u00fc Mimsan Enerji<\/p>\n<p><strong>Jeotermal Kategorisi:<\/strong><\/p>\n<p>-Menderes Projesiyle MB Holding, Ana Ekipman Sa\u011flay\u0131c\u0131 \u00d6d\u00fcl\u00fc Konyal\u0131lar -Metal ve Sera Teknolojileri<\/p>\n<p><strong>Kojenerasyon Teknolojisi \u00d6zel \u00d6d\u00fclleri: <\/strong><\/p>\n<p><strong>&#8211;<\/strong>Kazan Soda ve Kazan Soda Elektrik, Ana Ekipman Sa\u011flay\u0131c\u0131 \u00d6d\u00fcl\u00fc Siemens<\/p>\n<p>-Petkim Santral\u0131 ile Socar<\/p>\n<p><strong>&#8211;<\/strong>Teverpan Kojenerasyon Santrali ile Tres Enerji, Ana Ekipman Sa\u011flay\u0131c\u0131 \u00d6d\u00fcl\u00fc Topkap\u0131 End\u00fcstri&amp;Jenbacher<\/p>\n<p><strong>Hibrit Kategorisi: <\/strong><\/p>\n<p><strong>&#8211;<\/strong>U\u015fak Hibrit Ges Projesi ile Aydem Yat\u0131r\u0131m, Ana Ekipman Sa\u011flay\u0131c\u0131 \u00d6d\u00fcl\u00fc Parla Solar<\/p>\n<p><strong>Enerjide Yerli Teknoloji Lideri Biyok\u00fctle Kategorisi <\/strong><\/p>\n<p>-300 kWe G\u00fcc\u00fcnde Kojenerasyon \u00dcnitesi ile Teksan<\/p>\n<p><strong>Enerjide Yerli Teknoloji Lideri R\u00fczgar Kategorisi<\/strong><\/p>\n<p>-R\u00fczgar T\u00fcrbin Ba\u011flant\u0131 Elemanlar\u0131 Projesi ile Berdan C\u0131vata<\/p>\n<p><strong>Yerli Teknoloji Lideri G\u00fcne\u015f Kategorisi<\/strong><\/p>\n<p>-PV G\u00fcne\u015f Paneli Projesi ile Schmid Pekinta\u015f<\/p>\n<p><strong>Enerjide Yerli Teknoloji Lideri Biyok\u00fctle Kategorisi<\/strong><\/p>\n<p>-Biyok\u00fctle Kazan Projesi ile Teta Kazan<\/p>\n<p><strong>Enerjide Yerli Teknoloji Lideri Hidro Kategorisi<\/strong><\/p>\n<p>-Mikro HES Projesi ile TTC Otomotiv.<\/p>\n<p><strong>Enerjide Yerli Teknoloji Lideri Elektriksel \u00dcniteler Kategorisi <\/strong><\/p>\n<p>-Best Transformer Projesi ile Best Transformer<\/p>\n<p>-Orta Gerilim Primer Gaz \u0130zoleli Anahtarlama Ekipman \u00d6d\u00fcl\u00fc ile Ekosinerji<\/p>\n<p><strong>Teknoloji, Dijitalle\u015fme ve Yenilik\u00e7ilik Kategorisi <\/strong><\/p>\n<p>-Su \u0130sale Hatt\u0131 HES Projesi ile \u0130ZSU<\/p>\n<p>-Vind T\u00fcrbin Projesi ile Vind Yenilenebilir Enerji, Ana Ekipman Sa\u011flay\u0131c\u0131 \u00d6d\u00fcl\u00fc\u00a0 Ar\u00e7el End\u00fcstriyel Sistemler Tic. Ltd. \u015eti.<\/p>\n<p>-Merkezi Kontrol Projesi ile Enerjisa \u00dcretim<\/p>","protected":false},"excerpt":{"rendered":"<p>Sorry, this entry is only available in Turkish. For the sake of viewer convenience, the content is shown below in the alternative language. You may click the link to switch the active language. Enerji ve Tabii Kaynaklar Bakanl\u0131\u011f\u0131 ve EPDK taraf\u0131ndan desteklenen ICCI Uluslararas\u0131 Enerji ve \u00c7evre Fuar ve Konferans\u0131 kapsam\u0131nda, 2011 y\u0131l\u0131ndan itibaren d\u00fczenlenen [&hellip;]<\/p>\n","protected":false},"author":1,"featured_media":165010,"comment_status":"open","ping_status":"open","sticky":false,"template":"","format":"standard","meta":[],"categories":[22893,46,51,53,52,49,47,48,50,157],"tags":[34504,2035,33861,106682,106570,106684,3176,6532,106683],"views":47,"_links":{"self":[{"href":"https:\/\/www.enerjigazetesi.ist\/en\/wp-json\/wp\/v2\/posts\/165007"}],"collection":[{"href":"https:\/\/www.enerjigazetesi.ist\/en\/wp-json\/wp\/v2\/posts"}],"about":[{"href":"https:\/\/www.enerjigazetesi.ist\/en\/wp-json\/wp\/v2\/types\/post"}],"author":[{"embeddable":true,"href":"https:\/\/www.enerjigazetesi.ist\/en\/wp-json\/wp\/v2\/users\/1"}],"replies":[{"embeddable":true,"href":"https:\/\/www.enerjigazetesi.ist\/en\/wp-json\/wp\/v2\/comments?post=165007"}],"version-history":[{"count":0,"href":"https:\/\/www.enerjigazetesi.ist\/en\/wp-json\/wp\/v2\/posts\/165007\/revisions"}],"wp:featuredmedia":[{"embeddable":true,"href":"https:\/\/www.enerjigazetesi.ist\/en\/wp-json\/wp\/v2\/media\/165010"}],"wp:attachment":[{"href":"https:\/\/www.enerjigazetesi.ist\/en\/wp-json\/wp\/v2\/media?parent=165007"}],"wp:term":[{"taxonomy":"category","embeddable":true,"href":"https:\/\/www.enerjigazetesi.ist\/en\/wp-json\/wp\/v2\/categories?post=165007"},{"taxonomy":"post_tag","embeddable":true,"href":"https:\/\/www.enerjigazetesi.ist\/en\/wp-json\/wp\/v2\/tags?post=165007"}],"curies":[{"name":"wp","href":"https:\/\/api.w.org\/{rel}","templated":true}]}}