{"id":165001,"date":"2022-12-12T11:36:45","date_gmt":"2022-12-12T08:36:45","guid":{"rendered":"https:\/\/www.enerjigazetesi.ist\/?p=165001"},"modified":"2022-12-12T11:37:43","modified_gmt":"2022-12-12T08:37:43","slug":"siemens-turkiye-nin-toplum-ve-cevreye-yonelik-projelerine-tiskten-2-odul","status":"publish","type":"post","link":"https:\/\/www.enerjigazetesi.ist\/en\/siemens-turkiye-nin-toplum-ve-cevreye-yonelik-projelerine-tiskten-2-odul\/","title":{"rendered":"(Turkish) Siemens T\u00fcrkiye\u2019nin Toplum ve \u00c7evreye Y\u00f6nelik Projelerine T\u0130SK\u2019ten 2 \u00d6d\u00fcl"},"content":{"rendered":"<p class=\"qtranxs-available-languages-message qtranxs-available-languages-message-en\">Sorry, this entry is only available in <a href=\"https:\/\/www.enerjigazetesi.ist\/tr\/wp-json\/wp\/v2\/posts\/165001\" class=\"qtranxs-available-language-link qtranxs-available-language-link-tr\" title=\"Turkish\">Turkish<\/a>. For the sake of viewer convenience, the content is shown below in the alternative language. You may click the link to switch the active language.<\/p><p><\/p>\n<h2><strong>Siemens T\u00fcrkiye, T\u00fcrkiye \u0130\u015fveren Sendikalar\u0131 Konfederasyonu (T\u0130SK) taraf\u0131ndan d\u00fczenlenen Ortak Yar\u0131nlar \u00d6d\u00fcl Program\u0131\u2019ndan iki \u00f6d\u00fclle birden d\u00f6nd\u00fc. Kurumsal sosyal sorumluluk alan\u0131nda fark\u0131ndal\u0131\u011f\u0131 art\u0131rmak amac\u0131yla ger\u00e7ekle\u015ftirilen \u00f6d\u00fcl program\u0131nda Siemens T\u00fcrkiye, <\/strong><strong><em>\u201cDijital D\u00f6n\u00fc\u015f\u00fcm Kamp\u0131\u201d<\/em> projesiyle \u201c\u00c7e\u015fitlilik ve Kapsay\u0131c\u0131l\u0131k \u2013 Di\u011fer\u201d kategorisinde, <em>\u201cKarbon N\u00f6tr\u201d projesiyle<\/em> de \u201cYe\u015fil D\u00f6n\u00fc\u015f\u00fcm\u201d kategorisinde \u00f6d\u00fcle lay\u0131k g\u00f6r\u00fcld\u00fc.<\/strong><\/h2>\n<p>Siemens T\u00fcrkiye\u2019nin sorumlu b\u00fcy\u00fcme oda\u011f\u0131nda insana ve \u00e7evreye duyarl\u0131, s\u00fcrd\u00fcr\u00fclebilir bir d\u00fcnya i\u00e7in ger\u00e7ekle\u015ftirdi\u011fi \u00e7al\u0131\u015fmalar takdir edilmeye devam ediyor. \u015eirket son olarak T\u00fcrkiye \u0130\u015fveren Sendikalar\u0131 Konfederasyonu\u2019nun (T\u0130SK) Ortak Yar\u0131nlar \u00d6d\u00fcl Program\u0131\u2019nda hem topluma hem de \u00e7evreye y\u00f6nelik <img loading=\"lazy\" class=\"alignright wp-image-165004\" src=\"https:\/\/www.enerjigazetesi.ist\/wp-content\/uploads\/2022\/12\/DDK.jpg\" alt=\"\" width=\"320\" height=\"256\" srcset=\"https:\/\/www.enerjigazetesi.ist\/wp-content\/uploads\/2022\/12\/DDK.jpg 550w, https:\/\/www.enerjigazetesi.ist\/wp-content\/uploads\/2022\/12\/DDK-300x240.jpg 300w, https:\/\/www.enerjigazetesi.ist\/wp-content\/uploads\/2022\/12\/DDK-500x400.jpg 500w, https:\/\/www.enerjigazetesi.ist\/wp-content\/uploads\/2022\/12\/DDK-63x50.jpg 63w\" sizes=\"(max-width: 320px) 100vw, 320px\" \/>uygulad\u0131\u011f\u0131 projeleriyle iki \u00f6d\u00fcle birden lay\u0131k g\u00f6r\u00fcld\u00fc. Programda projeler, yakla\u015f\u0131k 30 bin halk oyunun katk\u0131 sundu\u011fu; aralar\u0131nda <strong>i\u015f, sanat, spor, bas\u0131n ve akademi<\/strong> d\u00fcnyas\u0131ndan \u00f6nemli isimlerin bulundu\u011fu j\u00fcri \u00fcyelerinin de\u011ferlendirmesi sonucunda \u00f6d\u00fcllendirildi.<\/p>\n<p>\u00d6d\u00fcller hakk\u0131nda a\u00e7\u0131klamalarda bulunan <strong>Siemens T\u00fcrkiye Kurumsal \u0130leti\u015fim ve Kamu \u0130li\u015fkileri Direkt\u00f6r\u00fc \u00d6zlem \u00d6zkaya<\/strong>, <em>\u201cOrtak bir anlay\u0131\u015f\u0131 payla\u015ft\u0131\u011f\u0131m\u0131z <strong>T\u0130SK imzal\u0131 bu organizasyonda<\/strong> yer almak ve i\u015f d\u00fcnyas\u0131nda daha iyi yar\u0131nlara hep birlikte ilham kayna\u011f\u0131 olmak, bizim i\u00e7in mutluluk verici. Siemens T\u00fcrkiye olarak 166 y\u0131l\u0131 a\u015fk\u0131n bir s\u00fcredir \u00fclkemize hizmet ediyoruz. Ticari faaliyetlerimizin yan\u0131 s\u0131ra <strong>s\u00fcrd\u00fcr\u00fclebilirlik \u00e7al\u0131\u015fmalar\u0131m\u0131zla da<\/strong> \u00fclkemizin ve gezegenimizin gelece\u011fine yat\u0131r\u0131m yapmay\u0131 s\u00fcrd\u00fcr\u00fcyoruz. Bug\u00fcn de bu anlay\u0131\u015f\u0131m\u0131zla hayata ge\u00e7en <strong>\u201cDijital D\u00f6n\u00fc\u015f\u00fcm Kamp\u0131\u201d<\/strong> projemizin \u2018\u00c7e\u015fitlilik ve Kapsay\u0131c\u0131l\u0131k \u2013 Di\u011fer\u2019 kategorisinde, <strong>\u201cKarbon N\u00f6tr\u201d<\/strong> projemizin de<strong> \u2018Ye\u015fil D\u00f6n\u00fc\u015f\u00fcm\u2019<\/strong> kategorisinde \u00f6d\u00fcllendirilmesinin gururunu ya\u015f\u0131yoruz\u201d<\/em> dedi.<\/p>\n<h3><strong>Engelli gen\u00e7lere kariyer f\u0131rsat\u0131<\/strong><\/h3>\n<p>\u00d6zel olarak korunmas\u0131 gereken sosyal payda\u015flar aras\u0131nda \u00e7ocuklar, ya\u015fl\u0131lar, engelliler gibi bireylerin g\u00fc\u00e7lendirilmesine ve desteklenmesine y\u00f6nelik hayata ge\u00e7irilen s\u00fcrd\u00fcr\u00fclebilir projeleri kapsayan \u2018\u00c7e\u015fitlilik ve Kapsay\u0131c\u0131l\u0131k \u2013 Di\u011fer\u2019 kategorisinde Siemens T\u00fcrkiye\u2019nin \u201cDijital D\u00f6n\u00fc\u015f\u00fcm Kamp\u0131\u201d projesi \u00f6d\u00fcl kazand\u0131. Proje ile \u00fclkemizdeki engelli bireylerin yaz\u0131l\u0131m alan\u0131nda kariyer yapmalar\u0131na ve dijitalizasyon d\u00fcnyas\u0131na nitelikli i\u015fg\u00fcc\u00fc kazand\u0131rmaya katk\u0131da bulunmaktan mutluluk duyduklar\u0131n\u0131 belirten \u00d6zkaya, \u201cYaz\u0131l\u0131m alan\u0131nda e\u011fitim ve kariyer olana\u011f\u0131 sunarak hem gen\u00e7lerin gelece\u011fin d\u00fcnyas\u0131na donan\u0131ml\u0131 bir \u015fekilde haz\u0131rlanmas\u0131na hem de onlar\u0131n yetenekleriyle teknoloji d\u00fcnyas\u0131n\u0131n zenginle\u015fmesine katk\u0131da bulunuyoruz. 3 ayl\u0131k s\u0131n\u0131f e\u011fitimlerinin ard\u0131ndan \u00f6\u011frenciler Ar-Ge ekibimizde uygun olabilecek alanlarda 6 ay i\u015fba\u015f\u0131 e\u011fitimi g\u00f6r\u00fcyor. E\u011fitimlerini ba\u015far\u0131yla tamamlayan adaylar\u0131m\u0131za \u00e7e\u015fitli de\u011ferlendirmelerin sonunda Siemens T\u00fcrkiye\u2019de \u00e7al\u0131\u015fma olana\u011f\u0131 sa\u011fl\u0131yoruz\u201d diye konu\u015ftu.<\/p>\n<p>Bug\u00fcne kadar<strong> 5 d\u00f6nemde<\/strong> toplam<strong> 39 \u00f6\u011frencinin mezun<\/strong> oldu\u011fu projede ilk 4 d\u00f6nemde ba\u015far\u0131l\u0131 olan 15 aday\u0131n i\u015fba\u015f\u0131 e\u011fitimleri tamamland\u0131; aralar\u0131ndan 8 ki\u015fi Siemens T\u00fcrkiye\u2019de \u00e7al\u0131\u015fmaya ba\u015flad\u0131. Adaylar\u0131n baz\u0131lar\u0131 ise sekt\u00f6rdeki farkl\u0131 kurumlara yerle\u015fti, program sekt\u00f6re istihdam sa\u011flama konusunda da \u00f6rnek oldu.<\/p>\n<h3><strong>Karbon N\u00f6tr i\u00e7in kararl\u0131 ad\u0131mlar <\/strong><\/h3>\n<p>Siemens T\u00fcrkiye, Ortak Yar\u0131nlar \u00d6d\u00fcl Program\u0131\u2019nda s\u00fcrd\u00fcr\u00fclebilir bir d\u00fcnya i\u00e7in \u00e7evreye y\u00f6nelik etki yaratan, ekosistemin korunmas\u0131 ve iyile\u015ftirilmesi i\u00e7in hayata ge\u00e7irilen projeleri \u00f6d\u00fcllendiren <strong>\u2018Ye\u015fil D\u00f6n\u00fc\u015f\u00fcm\u2019<\/strong> kategorisinde ise <strong>\u201cKarbon N\u00f6tr\u201d projesiyle<\/strong> \u00f6d\u00fcle lay\u0131k g\u00f6r\u00fcld\u00fc.<\/p>\n<p><em>\u201c2015 y\u0131l\u0131nda 19 bin ton olan karbon sal\u0131m\u0131m\u0131z\u0131n, \u015fu an 5 bin 600 tona d\u00fc\u015fm\u00fc\u015f olmas\u0131, karbon-n\u00f6tr olma kararl\u0131l\u0131\u011f\u0131m\u0131z\u0131n g\u00fc\u00e7l\u00fc bir g\u00f6stergesi\u201d<\/em> diyen \u00d6zlem \u00d6zkaya \u015funlar\u0131 s\u00f6yledi,<em> \u201c<strong>2015\u2019ten bu yana<\/strong> karbon sal\u0131m\u0131n\u0131 <strong>y\u00fczde 70<\/strong> azaltt\u0131k. \u015eu an kamp\u00fcslerimizde t\u00fcketilen elektrik enerjisini tamamen ye\u015fil enerji kaynaklar\u0131ndan temin ediyoruz.<strong> Ak\u0131ll\u0131 bina uygulamalar\u0131m\u0131z<\/strong> sayesinde binalar\u0131m\u0131zda kaynaklar\u0131n daha verimli kullan\u0131lmas\u0131n\u0131 sa\u011fl\u0131yoruz. <strong>T\u00fcrkiye\u2019nin ilk LEED Gold sertifikal\u0131 \u00fcretim tesisi<\/strong>ne sahibiz. 2036\u2019ya kadar <strong>t\u00fcm ara\u00e7 filomuzu elektrikli ara\u00e7larla de\u011fi\u015ftirmeyi<\/strong> ve yak\u0131t t\u00fcketimimizi s\u0131f\u0131rlamay\u0131 hedefliyoruz. <strong>Ak\u0131ll\u0131 bina d\u00f6n\u00fc\u015f\u00fcmlerini<\/strong> hayata ge\u00e7irip dijital ekranlardan <strong>karbon ayak izini<\/strong> g\u00f6zlemleyebiliyoruz. Do\u011falgaz kullan\u0131m\u0131m\u0131z\u0131 azaltma y\u00f6n\u00fcnde projelerimiz var. \u00c7al\u0131\u015fma arkada\u015flar\u0131m\u0131za i\u015fe giri\u015f ve k\u0131demleri i\u00e7in plaketler vermek yerine hediye etti\u011fimiz fidanlarla ormanlar\u0131m\u0131z\u0131 b\u00fcy\u00fctmeye devam ediyoruz.\u201d<\/em><\/p>","protected":false},"excerpt":{"rendered":"<p>Sorry, this entry is only available in Turkish. For the sake of viewer convenience, the content is shown below in the alternative language. You may click the link to switch the active language. Siemens T\u00fcrkiye, T\u00fcrkiye \u0130\u015fveren Sendikalar\u0131 Konfederasyonu (T\u0130SK) taraf\u0131ndan d\u00fczenlenen Ortak Yar\u0131nlar \u00d6d\u00fcl Program\u0131\u2019ndan iki \u00f6d\u00fclle birden d\u00f6nd\u00fc. Kurumsal sosyal sorumluluk alan\u0131nda fark\u0131ndal\u0131\u011f\u0131 [&hellip;]<\/p>\n","protected":false},"author":1,"featured_media":165005,"comment_status":"open","ping_status":"open","sticky":false,"template":"","format":"standard","meta":[],"categories":[53,52,157],"tags":[106681,1426,1247,8268,1296,91471,99555,2482],"views":45,"_links":{"self":[{"href":"https:\/\/www.enerjigazetesi.ist\/en\/wp-json\/wp\/v2\/posts\/165001"}],"collection":[{"href":"https:\/\/www.enerjigazetesi.ist\/en\/wp-json\/wp\/v2\/posts"}],"about":[{"href":"https:\/\/www.enerjigazetesi.ist\/en\/wp-json\/wp\/v2\/types\/post"}],"author":[{"embeddable":true,"href":"https:\/\/www.enerjigazetesi.ist\/en\/wp-json\/wp\/v2\/users\/1"}],"replies":[{"embeddable":true,"href":"https:\/\/www.enerjigazetesi.ist\/en\/wp-json\/wp\/v2\/comments?post=165001"}],"version-history":[{"count":0,"href":"https:\/\/www.enerjigazetesi.ist\/en\/wp-json\/wp\/v2\/posts\/165001\/revisions"}],"wp:featuredmedia":[{"embeddable":true,"href":"https:\/\/www.enerjigazetesi.ist\/en\/wp-json\/wp\/v2\/media\/165005"}],"wp:attachment":[{"href":"https:\/\/www.enerjigazetesi.ist\/en\/wp-json\/wp\/v2\/media?parent=165001"}],"wp:term":[{"taxonomy":"category","embeddable":true,"href":"https:\/\/www.enerjigazetesi.ist\/en\/wp-json\/wp\/v2\/categories?post=165001"},{"taxonomy":"post_tag","embeddable":true,"href":"https:\/\/www.enerjigazetesi.ist\/en\/wp-json\/wp\/v2\/tags?post=165001"}],"curies":[{"name":"wp","href":"https:\/\/api.w.org\/{rel}","templated":true}]}}