{"id":164871,"date":"2022-12-09T13:53:50","date_gmt":"2022-12-09T10:53:50","guid":{"rendered":"https:\/\/www.enerjigazetesi.ist\/?p=164871"},"modified":"2022-12-09T14:15:51","modified_gmt":"2022-12-09T11:15:51","slug":"kimpur-gebze-fabrikasi-nda-gunes-enerji-santraliyle-temiz-enerji-uretiyor","status":"publish","type":"post","link":"https:\/\/www.enerjigazetesi.ist\/en\/kimpur-gebze-fabrikasi-nda-gunes-enerji-santraliyle-temiz-enerji-uretiyor\/","title":{"rendered":"(Turkish) &#8217;Kimpur&#8217; Gebze Fabrikas\u0131nda G\u00fcne\u015f Enerji Santraliyle Temiz Enerji \u00dcretiyor"},"content":{"rendered":"<p class=\"qtranxs-available-languages-message qtranxs-available-languages-message-en\">Sorry, this entry is only available in <a href=\"https:\/\/www.enerjigazetesi.ist\/tr\/wp-json\/wp\/v2\/posts\/164871\" class=\"qtranxs-available-language-link qtranxs-available-language-link-tr\" title=\"Turkish\">Turkish<\/a>. For the sake of viewer convenience, the content is shown below in the alternative language. You may click the link to switch the active language.<\/p><p><\/p>\n<h2>AB Ye\u015fil Mutabakat\u0131\u2019na uyum s\u00fcreci ile ilgili gerekli d\u00f6n\u00fc\u015f\u00fcmleri sa\u011flamak amac\u0131yla \u00f6nc\u00fc yat\u0131r\u0131m yapan \u015firketlerden biri olan Kimpur, devreye ald\u0131\u011f\u0131 g\u00fcne\u015f enerjisi paneliyle \u00fcretece\u011fi elektrik giderlerinden tasarruf sa\u011flarken, mevcut kapasite ve \u00fcretim ko\u015fullar\u0131nda toplam elektrik t\u00fcketimini yakla\u015f\u0131k %20 oran\u0131nda kar\u015f\u0131layacak. Ayn\u0131 zamanda y\u0131ll\u0131k olarak da yakla\u015f\u0131k 250-300 ton karbon sal\u0131n\u0131m\u0131 engellenmi\u015f olacak.<\/h2>\n<p>&nbsp;<\/p>\n<h3><strong>\u201c\u00d6nc\u00fc bir ad\u0131m atm\u0131\u015f olmaktan mutluluk duyuyoruz\u201d<\/strong><\/h3>\n<p>Kimpur CEO\u2019su Cavidan Karaca, devreye al\u0131nan g\u00fcne\u015f enerjisi paneliyle ilgili \u015funlar\u0131 s\u00f6yledi:\u00a0 <img loading=\"lazy\" class=\"alignleft wp-image-164874\" src=\"https:\/\/www.enerjigazetesi.ist\/wp-content\/uploads\/2022\/12\/kimpur-gebze-fabrikasi-nda-gunes-enerji-santraliyle-temiz-enerji-uretiyor-2.jpg\" alt=\"\" width=\"320\" height=\"214\" srcset=\"https:\/\/www.enerjigazetesi.ist\/wp-content\/uploads\/2022\/12\/kimpur-gebze-fabrikasi-nda-gunes-enerji-santraliyle-temiz-enerji-uretiyor-2.jpg 550w, https:\/\/www.enerjigazetesi.ist\/wp-content\/uploads\/2022\/12\/kimpur-gebze-fabrikasi-nda-gunes-enerji-santraliyle-temiz-enerji-uretiyor-2-300x200.jpg 300w, https:\/\/www.enerjigazetesi.ist\/wp-content\/uploads\/2022\/12\/kimpur-gebze-fabrikasi-nda-gunes-enerji-santraliyle-temiz-enerji-uretiyor-2-500x334.jpg 500w, https:\/\/www.enerjigazetesi.ist\/wp-content\/uploads\/2022\/12\/kimpur-gebze-fabrikasi-nda-gunes-enerji-santraliyle-temiz-enerji-uretiyor-2-75x50.jpg 75w, https:\/\/www.enerjigazetesi.ist\/wp-content\/uploads\/2022\/12\/kimpur-gebze-fabrikasi-nda-gunes-enerji-santraliyle-temiz-enerji-uretiyor-2-450x300.jpg 450w\" sizes=\"(max-width: 320px) 100vw, 320px\" \/><em>\u201cT\u00fcrkiye\u2019nin <strong>% 100 yerli poli\u00fcretan sistemleri \u00fcreticisi olarak<\/strong>, devreye ald\u0131\u011f\u0131m\u0131z g\u00fcne\u015f enerjisi santraliyle, AB Ye\u015fil Mutabakat\u0131\u2019n\u0131n ve Ticaret Bakanl\u0131\u011f\u0131m\u0131z\u0131n haz\u0131rlad\u0131\u011f\u0131 eylem planlar\u0131 do\u011frultusunda \u00f6nc\u00fc bir ad\u0131m atm\u0131\u015f olmaktan mutluluk duyuyoruz. \u015eirketimizin temel de\u011ferleri i\u00e7inde olan sosyal sorumluluk bilinci kapsam\u0131nda<strong> yenilenebilir ve temiz enerji kayna\u011f\u0131<\/strong> olan g\u00fcne\u015f enerjisinden \u00fcretimde yararlanmak, bu sayede <strong>sanayide \u00e7evre dostu \u00e7\u00f6z\u00fcmler<\/strong> \u00fcretmek, bunun yan\u0131nda \u00fclke ekonomimizin enerjide d\u0131\u015fa ba\u011f\u0131ml\u0131l\u0131\u011f\u0131n\u0131n azaltmas\u0131 y\u00f6n\u00fcndeki politikalar\u0131na katk\u0131da bulunmak ve \u015firketimizin \u00fcretimde enerji maliyetlerini azalt\u0131lmas\u0131 yoluyla <strong>ihracat<\/strong> ve <strong>i\u00e7 pazarlarda<\/strong> rekabet\u00e7i yap\u0131s\u0131n\u0131 g\u00fc\u00e7lendirmeyi ama\u00e7l\u0131yoruz. Bu \u00e7er\u00e7evede yat\u0131r\u0131mlar\u0131m\u0131z\u0131 g\u00fc\u00e7lendirecek, sanayi ve ekonominin <strong>s\u00fcrd\u00fcr\u00fclebilir d\u00f6n\u00fc\u015f\u00fcm\u00fcne<\/strong> katk\u0131da bulunmaya devam edece\u011fiz.\u201d<\/em><\/p>\n<h3><strong>Y\u0131ll\u0131k 250-300 ton karbon sal\u0131n\u0131m\u0131 ve 100 tona e\u015fde\u011fer fosil yak\u0131t kullan\u0131m\u0131 engellenecek<\/strong><\/h3>\n<p>Biri Avrupa\u2019da ikisi <strong>Gebze ve D\u00fczce\u2019de<\/strong> olmak \u00fczere toplam<strong> 3 farkl\u0131 yerle\u015fkede<\/strong> faaliyetlerine devam eden Kimpur\u2019un \u0130\u015fletme Direkt\u00f6r\u00fc <strong>Mustafa \u00d6zy\u0131lmaz<\/strong> ise \u015fu a\u00e7\u0131klamalarda bulundu: <em>\u201c\u00dclkemiz co\u011frafi konumu nedeniyle olduk\u00e7a \u00f6nemli bir g\u00fcne\u015f enerjisi potansiyeline sahip. Bu potansiyeli<img loading=\"lazy\" class=\"alignright wp-image-164875\" src=\"https:\/\/www.enerjigazetesi.ist\/wp-content\/uploads\/2022\/12\/kimpur-gebze-fabrikasi-nda-gunes-enerji-santraliyle-temiz-enerji-uretiyor-1.jpg\" alt=\"\" width=\"320\" height=\"224\" srcset=\"https:\/\/www.enerjigazetesi.ist\/wp-content\/uploads\/2022\/12\/kimpur-gebze-fabrikasi-nda-gunes-enerji-santraliyle-temiz-enerji-uretiyor-1.jpg 550w, https:\/\/www.enerjigazetesi.ist\/wp-content\/uploads\/2022\/12\/kimpur-gebze-fabrikasi-nda-gunes-enerji-santraliyle-temiz-enerji-uretiyor-1-300x210.jpg 300w, https:\/\/www.enerjigazetesi.ist\/wp-content\/uploads\/2022\/12\/kimpur-gebze-fabrikasi-nda-gunes-enerji-santraliyle-temiz-enerji-uretiyor-1-500x350.jpg 500w, https:\/\/www.enerjigazetesi.ist\/wp-content\/uploads\/2022\/12\/kimpur-gebze-fabrikasi-nda-gunes-enerji-santraliyle-temiz-enerji-uretiyor-1-71x50.jpg 71w\" sizes=\"(max-width: 320px) 100vw, 320px\" \/> de\u011ferlendirebilmek ad\u0131na<strong> Gebze\u2019de<\/strong> yer alan fabrikam\u0131z\u0131n \u00e7at\u0131s\u0131n\u0131 <strong>445,5 kWp<\/strong>\u2019lik G\u00fcne\u015f Enerjisi Sistemini <strong>Schmid Pekinta\u015f<\/strong> G\u00fcne\u015f Enerji Sistemleri ile donatt\u0131k. Kurulumu tamamlanarak devreye al\u0131nan<strong> GES<\/strong> ile y\u0131ll\u0131k<strong> 522 MWh<\/strong> elektrik \u00fcretmeyi hedefliyoruz. Projemizde <strong>900 adet<\/strong> <strong>Multi Busbar Half Cut Schmid Pekinta\u015f G\u00fcne\u015f Paneli<\/strong> ve<strong> 3 adet inverter<\/strong> kulland\u0131k. \u00dcretilen elektrikle birlikte <strong>yaz aylar\u0131nda<\/strong> g\u00fcn i\u00e7erisindeki elektrik ihtiyac\u0131m\u0131z\u0131n <strong>%40<\/strong>\u2019\u0131n\u0131, k\u0131\u015f aylar\u0131nda ise <strong>%10<\/strong>\u2019unu kar\u015f\u0131layarak, y\u0131ll\u0131k ihtiyac\u0131m\u0131z\u0131n yakla\u015f\u0131k <strong>%20<\/strong>\u2019sini <strong>GES\u2019ten kullanmay<\/strong>\u0131 planl\u0131yoruz.\u201d GES yat\u0131r\u0131mlar\u0131yla y\u0131ll\u0131k <strong>250-300 ton<\/strong> karbon sal\u0131n\u0131m\u0131 ve<strong> 100 tona e\u015fde\u011fer<\/strong> fosil yak\u0131t kullan\u0131m\u0131n\u0131n engellenmesine katk\u0131da bulunduklar\u0131na dikkat \u00e7eken \u00d6zy\u0131lmaz, \u201cBu ad\u0131mla \u00e7evreye olan duyarl\u0131l\u0131\u011f\u0131m\u0131z\u0131 net bir \u015fekilde g\u00f6sterdi\u011fimize inan\u0131yorum.\u201d<\/em> dedi.<\/p>\n<p>Kimpur, ge\u00e7ti\u011fimiz may\u0131s ay\u0131nda temelini att\u0131\u011f\u0131 ve y\u0131ll\u0131k kapasitesi toplam <strong>65 bin ton<\/strong> olacak D\u00fczce <strong>G\u00fcm\u00fc\u015fova OSB<\/strong>\u2019deki tesisinin <strong>GES yat\u0131r\u0131m\u0131yla da<\/strong> \u00fcretimde enerji maliyetlerini azaltarak ihracat ve i\u00e7 pazarlarda rekabet\u00e7i yap\u0131s\u0131n\u0131 g\u00fc\u00e7lendirmeyi planl\u0131yor. S\u00fcrd\u00fcr\u00fclebilirlik hedefleri kapsam\u0131nda D\u00fczce\u2019deki yeni \u00fcretim tesisinde geri d\u00f6n\u00fc\u015f\u00fcme odaklanan firma, bu yat\u0131r\u0131mla toplam elektrik t\u00fcketiminin yakla\u015f\u0131k <strong>% 55<\/strong>\u2019inin kar\u015f\u0131lamas\u0131n\u0131n yan\u0131 s\u0131ra y\u0131lda yakla\u015f\u0131k <strong>679 ton karbondioksit sal\u0131n\u0131m\u0131n\u0131 azaltmay\u0131<\/strong> hedefliyor.<\/p>","protected":false},"excerpt":{"rendered":"<p>Sorry, this entry is only available in Turkish. For the sake of viewer convenience, the content is shown below in the alternative language. You may click the link to switch the active language. AB Ye\u015fil Mutabakat\u0131\u2019na uyum s\u00fcreci ile ilgili gerekli d\u00f6n\u00fc\u015f\u00fcmleri sa\u011flamak amac\u0131yla \u00f6nc\u00fc yat\u0131r\u0131m yapan \u015firketlerden biri olan Kimpur, devreye ald\u0131\u011f\u0131 g\u00fcne\u015f enerjisi [&hellip;]<\/p>\n","protected":false},"author":1,"featured_media":164874,"comment_status":"open","ping_status":"open","sticky":false,"template":"","format":"standard","meta":[],"categories":[51,53,49],"tags":[86756,29013,106638,2206,35273],"views":73,"_links":{"self":[{"href":"https:\/\/www.enerjigazetesi.ist\/en\/wp-json\/wp\/v2\/posts\/164871"}],"collection":[{"href":"https:\/\/www.enerjigazetesi.ist\/en\/wp-json\/wp\/v2\/posts"}],"about":[{"href":"https:\/\/www.enerjigazetesi.ist\/en\/wp-json\/wp\/v2\/types\/post"}],"author":[{"embeddable":true,"href":"https:\/\/www.enerjigazetesi.ist\/en\/wp-json\/wp\/v2\/users\/1"}],"replies":[{"embeddable":true,"href":"https:\/\/www.enerjigazetesi.ist\/en\/wp-json\/wp\/v2\/comments?post=164871"}],"version-history":[{"count":0,"href":"https:\/\/www.enerjigazetesi.ist\/en\/wp-json\/wp\/v2\/posts\/164871\/revisions"}],"wp:featuredmedia":[{"embeddable":true,"href":"https:\/\/www.enerjigazetesi.ist\/en\/wp-json\/wp\/v2\/media\/164874"}],"wp:attachment":[{"href":"https:\/\/www.enerjigazetesi.ist\/en\/wp-json\/wp\/v2\/media?parent=164871"}],"wp:term":[{"taxonomy":"category","embeddable":true,"href":"https:\/\/www.enerjigazetesi.ist\/en\/wp-json\/wp\/v2\/categories?post=164871"},{"taxonomy":"post_tag","embeddable":true,"href":"https:\/\/www.enerjigazetesi.ist\/en\/wp-json\/wp\/v2\/tags?post=164871"}],"curies":[{"name":"wp","href":"https:\/\/api.w.org\/{rel}","templated":true}]}}