{"id":16483,"date":"2013-10-14T14:12:10","date_gmt":"2013-10-14T11:12:10","guid":{"rendered":"https:\/\/www.enerjigazetesi.ist\/?p=16483"},"modified":"2013-10-14T14:13:29","modified_gmt":"2013-10-14T11:13:29","slug":"japonya-yenilenebilir-enerji-gucunu-3-7-gw-artirdi","status":"publish","type":"post","link":"https:\/\/www.enerjigazetesi.ist\/en\/japonya-yenilenebilir-enerji-gucunu-3-7-gw-artirdi\/","title":{"rendered":"(Turkish) Japonya Yenilenebilir Enerji G\u00fcc\u00fcn\u00fc 3.7 GW Art\u0131rd\u0131&#8230;"},"content":{"rendered":"<p class=\"qtranxs-available-languages-message qtranxs-available-languages-message-en\">Sorry, this entry is only available in <a href=\"https:\/\/www.enerjigazetesi.ist\/tr\/wp-json\/wp\/v2\/posts\/16483\" class=\"qtranxs-available-language-link qtranxs-available-language-link-tr\" title=\"Turkish\">Turkish<\/a>. For the sake of viewer convenience, the content is shown below in the alternative language. You may click the link to switch the active language.<\/p><p><strong>Japonya&#8217;n\u0131n elektrik \u00fcretim kapasitesinde g\u00fcne\u015f enerjisinin a\u011f\u0131rl\u0131\u011f\u0131 artmaya\u00a0 devam ediyor. Japonya&#8217;n\u0131n yenilenebilir enerji alan\u0131ndaki kurulu g\u00fcc\u00fcn\u00fcn, a\u011f\u0131rl\u0131\u011f\u0131 g\u00fcne\u015f\u00a0 elektri\u011fi alan\u0131nda olmak \u00fczere, bir y\u0131l i\u00e7inde 3,666 MW artt\u0131\u011f\u0131 a\u00e7\u0131kland\u0131<\/strong>.<\/p>\n<p>Japonya Ekonomi, Ticaret ve Sanayi Bakanl\u0131\u011f\u0131 taraf\u0131ndan yap\u0131lan yaz\u0131l\u0131 a\u00e7\u0131klamaya g\u00f6re 1 Temmuz 2012 ile 30 <a href=\"https:\/\/www.enerjigazetesi.ist\/wp-content\/uploads\/2013\/10\/japonya-yenilenebilir-enerji-gucunu-3.7-gw-artirdi.jpg\"><img loading=\"lazy\" class=\"alignright size-medium wp-image-16484\" title=\"japonya-yenilenebilir-enerji-gucunu-3.7-gw-artirdi\" src=\"https:\/\/www.enerjigazetesi.ist\/wp-content\/uploads\/2013\/10\/japonya-yenilenebilir-enerji-gucunu-3.7-gw-artirdi-300x187.jpg\" alt=\"\" width=\"300\" height=\"187\" srcset=\"https:\/\/www.enerjigazetesi.ist\/wp-content\/uploads\/2013\/10\/japonya-yenilenebilir-enerji-gucunu-3.7-gw-artirdi-300x187.jpg 300w, https:\/\/www.enerjigazetesi.ist\/wp-content\/uploads\/2013\/10\/japonya-yenilenebilir-enerji-gucunu-3.7-gw-artirdi-80x50.jpg 80w, https:\/\/www.enerjigazetesi.ist\/wp-content\/uploads\/2013\/10\/japonya-yenilenebilir-enerji-gucunu-3.7-gw-artirdi.jpg 400w\" sizes=\"(max-width: 300px) 100vw, 300px\" \/><\/a>Haziran 2013\u00a0 aras\u0131nda \u00fclkede 3,499 MW kurulu g\u00fcc\u00fcnde g\u00fcne\u015f elektri\u011fi yat\u0131r\u0131m\u0131 devreye al\u0131nd\u0131.\u00a0 Bakanl\u0131\u011f\u0131n verilerine g\u00f6re bu g\u00fc\u00e7 i\u00e7inde konut tipi uygulamalar\u0131n pay\u0131 1,379 MW\u00a0 d\u00fczeyinde olurken, 2,120 MW d\u00fczeyinde de b\u00fcy\u00fck \u00f6l\u00e7ekli proje elektrik \u00fcretmeye\u00a0 ba\u015flad\u0131.<\/p>\n<p>Yine bakanl\u0131\u011f\u0131n verilerine g\u00f6re bu d\u00f6nemde 22,914 MW&#8217;l\u0131k toplam kurulu g\u00fc\u00e7\u00a0 hedefleyen yenilenebilir enerji yat\u0131r\u0131m\u0131 projesine de onay sa\u011fland\u0131.<\/p>\n<p>Japonya 2011 y\u0131l\u0131ndakin Fuku\u015fima n\u00fckleer felaketinin ard\u0131ndan \u00fclkenin 20,600\u00a0 MW d\u00fczeyinde olan yenilenebilir enerji alan\u0131ndaki kurulu g\u00fcc\u00fcn\u00fc art\u0131rma hedefi\u00a0 ile 1 Temmuz 2012&#8217;den itibaren ge\u00e7erli olmak \u00fczere yeni bir te\u015fvik program\u0131n\u0131\u00a0 devreye sokmu\u015ftu. Bu program\u0131n ard\u0131ndan \u00f6zellikle g\u00fcne\u015f enerjisi alan\u0131ndaki\u00a0 yat\u0131r\u0131mlar \u00e7ok b\u00fcy\u00fck bir h\u0131z kazanm\u0131\u015f ve \u00fclke g\u00fcne\u015f elektri\u011fi alan\u0131nda 10 GW&#8217;l\u0131k\u00a0 kurulu g\u00fcc\u00fc a\u015fan be\u015finci \u00fclke olmu\u015ftu.<\/p>\n<p>Kaynak: <a href=\"http:\/\/www.yesilekonomi.com\/finans\/japonya-yenilenebilir-enerji-gucunu-3.7-gw-artirdi\" target=\"_blank\">Ye\u015fil Ekonomi<\/a><\/p>","protected":false},"excerpt":{"rendered":"<p>Sorry, this entry is only available in Turkish. For the sake of viewer convenience, the content is shown below in the alternative language. You may click the link to switch the active language.Japonya&#8217;n\u0131n elektrik \u00fcretim kapasitesinde g\u00fcne\u015f enerjisinin a\u011f\u0131rl\u0131\u011f\u0131 artmaya\u00a0 devam ediyor. Japonya&#8217;n\u0131n yenilenebilir enerji alan\u0131ndaki kurulu g\u00fcc\u00fcn\u00fcn, a\u011f\u0131rl\u0131\u011f\u0131 g\u00fcne\u015f\u00a0 elektri\u011fi alan\u0131nda olmak \u00fczere, bir [&hellip;]<\/p>\n","protected":false},"author":1,"featured_media":16484,"comment_status":"open","ping_status":"open","sticky":false,"template":"","format":"standard","meta":[],"categories":[53,49,50],"tags":[19,63,67,1009,165,227,1169,13,1547,69,16,105],"views":576,"_links":{"self":[{"href":"https:\/\/www.enerjigazetesi.ist\/en\/wp-json\/wp\/v2\/posts\/16483"}],"collection":[{"href":"https:\/\/www.enerjigazetesi.ist\/en\/wp-json\/wp\/v2\/posts"}],"about":[{"href":"https:\/\/www.enerjigazetesi.ist\/en\/wp-json\/wp\/v2\/types\/post"}],"author":[{"embeddable":true,"href":"https:\/\/www.enerjigazetesi.ist\/en\/wp-json\/wp\/v2\/users\/1"}],"replies":[{"embeddable":true,"href":"https:\/\/www.enerjigazetesi.ist\/en\/wp-json\/wp\/v2\/comments?post=16483"}],"version-history":[{"count":6,"href":"https:\/\/www.enerjigazetesi.ist\/en\/wp-json\/wp\/v2\/posts\/16483\/revisions"}],"predecessor-version":[{"id":16490,"href":"https:\/\/www.enerjigazetesi.ist\/en\/wp-json\/wp\/v2\/posts\/16483\/revisions\/16490"}],"wp:featuredmedia":[{"embeddable":true,"href":"https:\/\/www.enerjigazetesi.ist\/en\/wp-json\/wp\/v2\/media\/16484"}],"wp:attachment":[{"href":"https:\/\/www.enerjigazetesi.ist\/en\/wp-json\/wp\/v2\/media?parent=16483"}],"wp:term":[{"taxonomy":"category","embeddable":true,"href":"https:\/\/www.enerjigazetesi.ist\/en\/wp-json\/wp\/v2\/categories?post=16483"},{"taxonomy":"post_tag","embeddable":true,"href":"https:\/\/www.enerjigazetesi.ist\/en\/wp-json\/wp\/v2\/tags?post=16483"}],"curies":[{"name":"wp","href":"https:\/\/api.w.org\/{rel}","templated":true}]}}