{"id":164791,"date":"2022-12-08T15:40:46","date_gmt":"2022-12-08T12:40:46","guid":{"rendered":"https:\/\/www.enerjigazetesi.ist\/?p=164791"},"modified":"2022-12-08T15:45:52","modified_gmt":"2022-12-08T12:45:52","slug":"dogalgaz-faturasindan-tasarruf-etmenin-yollari","status":"publish","type":"post","link":"https:\/\/www.enerjigazetesi.ist\/en\/dogalgaz-faturasindan-tasarruf-etmenin-yollari\/","title":{"rendered":"(Turkish) Do\u011falgaz Faturas\u0131ndan Tasarruf Etmenin Yollar\u0131"},"content":{"rendered":"<p class=\"qtranxs-available-languages-message qtranxs-available-languages-message-en\">Sorry, this entry is only available in <a href=\"https:\/\/www.enerjigazetesi.ist\/tr\/wp-json\/wp\/v2\/posts\/164791\" class=\"qtranxs-available-language-link qtranxs-available-language-link-tr\" title=\"Turkish\">Turkish<\/a>. For the sake of viewer convenience, the content is shown below in the alternative language. You may click the link to switch the active language.<\/p><p><\/p>\n<h2><strong>K\u0131\u015f mevsiminin ilk ay\u0131 Aral\u0131\u011fa girmemizle birlikte havalar mevsim normallerinde seyretmeye ba\u015flad\u0131. Do\u011fal gaza gelen zamlardan sonra kombiyi a\u00e7makta direnen vatanda\u015flar, bu ayla birlikte kombileri a\u00e7arken yeni zamlar\u0131n faturalara nas\u0131l yans\u0131yaca\u011f\u0131 merak konusu oldu.<\/strong><\/h2>\n<p>Aral\u0131k ay\u0131na girilmesiyle birlikte k\u0131\u015f mevsimine de ge\u00e7i\u015f yap\u0131ld\u0131. Sonbaharda havalar\u0131n \u0131l\u0131k ge\u00e7mesiyle kombiyi a\u00e7maya direnen vatanda\u015flar, aral\u0131k ay\u0131yla birlikte \u0131s\u0131nma gereksinimleri i\u00e7in kombileri a\u00e7maya ba\u015flad\u0131. <strong>Havalar\u0131n so\u011fumas\u0131<\/strong> ve<strong> \u0131s\u0131nma ihtiyac\u0131n\u0131n artmas\u0131yla<\/strong> birlikte do\u011fal gaz faturalar\u0131 meskenlerin \u00f6nemli giderleri aras\u0131nda yerini alacak.\u00a0<strong>Kar\u015f\u0131la\u015ft\u0131rma sitesi <\/strong><a href=\"https:\/\/www.encazip.com\" target=\"_blank\" rel=\"noopener\">EnCazip.com<\/a> basit ancak <img loading=\"lazy\" class=\"alignright wp-image-164794\" src=\"https:\/\/www.enerjigazetesi.ist\/wp-content\/uploads\/2022\/12\/1670487488_dogal_gaz_tasarruf_bb_1.jpg\" alt=\"\" width=\"320\" height=\"197\" srcset=\"https:\/\/www.enerjigazetesi.ist\/wp-content\/uploads\/2022\/12\/1670487488_dogal_gaz_tasarruf_bb_1.jpg 550w, https:\/\/www.enerjigazetesi.ist\/wp-content\/uploads\/2022\/12\/1670487488_dogal_gaz_tasarruf_bb_1-300x185.jpg 300w, https:\/\/www.enerjigazetesi.ist\/wp-content\/uploads\/2022\/12\/1670487488_dogal_gaz_tasarruf_bb_1-500x308.jpg 500w, https:\/\/www.enerjigazetesi.ist\/wp-content\/uploads\/2022\/12\/1670487488_dogal_gaz_tasarruf_bb_1-80x50.jpg 80w\" sizes=\"(max-width: 320px) 100vw, 320px\" \/>\u00f6nemli miktarda tasarruf yapman\u0131z\u0131 sa\u011flayacak \u00f6nerileri ara\u015ft\u0131rd\u0131. \u0130\u015fte <strong>do\u011fal gaz faturalar\u0131n\u0131z\u0131<\/strong> biraz olsun rahatlatacak <span style=\"text-decoration: underline;\">o \u00f6neriler:<\/span><\/p>\n<p>&#8211; En basit \u00f6nerilerin ba\u015f\u0131nda perdelerin a\u00e7\u0131k tutulmas\u0131 ile g\u00fcn \u0131\u015f\u0131ndan yararlanmak geliyor. Perdelerinizi a\u00e7arak g\u00fcne\u015fin do\u011fu\u015fundan bat\u0131\u015f\u0131na kadar yayd\u0131\u011f\u0131 \u0131s\u0131dan faydalanabilirsiniz.<\/p>\n<p>&#8211; Kanepenizi ve sandalyelerinizi radyat\u00f6r\u00fc kapatmayacak \u015fekilde ve aral\u0131k b\u0131rakarak konumland\u0131rabilir bu sayede s\u0131cak havan\u0131n kesilmesini \u00f6nleyebilirsiniz.<\/p>\n<p>&#8211; T\u00fcm g\u00fcn kombinin derecesini ayn\u0131 ayarda tutmak yerine, g\u00fcnd\u00fcz g\u00fcne\u015f \u0131\u015f\u0131nlar\u0131 evinizi geceye g\u00f6re daha fazla \u0131s\u0131taca\u011f\u0131 i\u00e7in kombiyi birka\u00e7 derece k\u0131sabilirsiniz.<\/p>\n<p>&#8211; Ayn\u0131 zamanda ak\u015famlar\u0131 yata\u011f\u0131 \u0131s\u0131tmak i\u00e7in elektrikli battaniye kullanmak, kombiyi birka\u00e7 derece k\u0131smaya imk\u00e2n tan\u0131yabilir. Bu da <strong>do\u011fal gazdan\u00a0tasarruf<\/strong>\u00a0yapman\u0131za olanak sa\u011flar.<\/p>\n<p>&#8211; Kombinizin bak\u0131m\u0131n\u0131 y\u0131lda bir kez, \u00f6zellikle k\u0131\u015f aylar\u0131na girmeden \u00f6nce yapt\u0131rman\u0131zda da yarar var.<\/p>\n<p>&#8211; Bir ba\u015fka dikkat etmeniz gereken nokta ise s\u0131cak havay\u0131, odaya geri yans\u0131tarak enerji tasarrufuna yard\u0131mc\u0131 olmak i\u00e7in radyat\u00f6r\u00fcn\u00fcz\u00fcn arkas\u0131na metalize radyat\u00f6r reflekt\u00f6r\u00fc (radyat\u00f6r arkal\u0131\u011f\u0131) koyabilirsiniz.<\/p>\n<p>&#8211; Evi havaland\u0131r\u0131rken pencereleri minimum s\u00fcre a\u00e7\u0131k tutarak\u00a0do\u011fal gaz sarfiyat\u0131n\u0131 \u00f6nleyebilirsiniz.<\/p>\n<p>&#8211; Enerji tasarrufunda en \u00f6nemli destek\u00e7ilerden biri de yal\u0131t\u0131m. Yal\u0131t\u0131m\u0131 k\u00f6t\u00fc \u00e7at\u0131 ve duvarlar, \u00f6nemli bir enerji israf\u0131na nedeni olabilir. Bu nedenle yal\u0131t\u0131ma dikkat edilmeli.<\/p>\n<p>&#8211; Yal\u0131t\u0131m band\u0131 da tasarrufa \u00f6nemli katk\u0131 sa\u011flayan t\u00fcyolardan. Is\u0131nman\u0131n en etkili yollar\u0131ndan biri kap\u0131 aral\u0131klar\u0131na yal\u0131t\u0131m band\u0131 \u00e7ekmek.<\/p>\n<p>&#8211; Ayn\u0131 \u015fekilde yal\u0131t\u0131m band\u0131n\u0131 pencereler i\u00e7in de kullanabilirsiniz. Pencerelerin etraf\u0131na kolayca yap\u0131\u015ft\u0131r\u0131lan hava ge\u00e7irmez \u015feritler, \u00f6nemli \u00f6l\u00e7\u00fcde tasarruf etmenizi sa\u011flayabilir.<\/p>\n<p>&#8211; Pencerelerin \u00e7ift cam olmas\u0131 s\u0131cak so\u011fuk hava dengesini sa\u011flar ve uzun vadede tasarrufa katk\u0131 sunar.<\/p>\n<p>&#8211; A\u011f\u0131rl\u0131kl\u0131 olarak bulundu\u011funuz bir odadaki \u0131s\u0131tmayla g\u00fcn i\u00e7inde pek de girmedi\u011finiz ya da kullanmad\u0131\u011f\u0131n\u0131z bir odan\u0131n \u0131s\u0131s\u0131n\u0131 farkl\u0131 ayarlayarak tasarruf sa\u011flayabilirsiniz. Is\u0131y\u0131 kontrol etmek i\u00e7in bir termostat kullanabilir ve s\u0131k s\u0131k kullanmad\u0131\u011f\u0131n\u0131z odalarda \u0131s\u0131tmay\u0131 azaltmak i\u00e7in <strong>termostatik radyat\u00f6r<\/strong> valfleri kullanabilirsiniz.<\/p>\n<p>&#8211; Is\u0131tmad\u0131\u011f\u0131n\u0131z odalar\u0131n kap\u0131lar\u0131n\u0131 kapal\u0131 tutabilirsiniz. Kap\u0131lar\u0131 kapatmak, s\u0131cak havan\u0131n belirlenen alanda kalmas\u0131n\u0131 sa\u011flar ve so\u011fuk havan\u0131n eve yay\u0131lmas\u0131n\u0131 durdurur.<\/p>\n<p>Evde de\u011filseniz kombiyi kapatabilirsiniz. Is\u0131tmay\u0131 b\u00fct\u00fcn g\u00fcn d\u00fc\u015f\u00fck \u0131s\u0131da b\u0131rakman\u0131n daha ucuz oldu\u011fu fikri yayg\u0131n olsa da bu do\u011fru de\u011fil. Is\u0131tmay\u0131 sadece<strong> ihtiya\u00e7 oldu\u011funda kullanmak<\/strong> tasarruf etmenin <strong>en iyi yolu.<\/strong><\/p>","protected":false},"excerpt":{"rendered":"<p>Sorry, this entry is only available in Turkish. For the sake of viewer convenience, the content is shown below in the alternative language. You may click the link to switch the active language. K\u0131\u015f mevsiminin ilk ay\u0131 Aral\u0131\u011fa girmemizle birlikte havalar mevsim normallerinde seyretmeye ba\u015flad\u0131. Do\u011fal gaza gelen zamlardan sonra kombiyi a\u00e7makta direnen vatanda\u015flar, bu [&hellip;]<\/p>\n","protected":false},"author":1,"featured_media":164793,"comment_status":"open","ping_status":"open","sticky":false,"template":"","format":"standard","meta":[],"categories":[46,53],"tags":[106613,4387,103,106614,106615],"views":56,"_links":{"self":[{"href":"https:\/\/www.enerjigazetesi.ist\/en\/wp-json\/wp\/v2\/posts\/164791"}],"collection":[{"href":"https:\/\/www.enerjigazetesi.ist\/en\/wp-json\/wp\/v2\/posts"}],"about":[{"href":"https:\/\/www.enerjigazetesi.ist\/en\/wp-json\/wp\/v2\/types\/post"}],"author":[{"embeddable":true,"href":"https:\/\/www.enerjigazetesi.ist\/en\/wp-json\/wp\/v2\/users\/1"}],"replies":[{"embeddable":true,"href":"https:\/\/www.enerjigazetesi.ist\/en\/wp-json\/wp\/v2\/comments?post=164791"}],"version-history":[{"count":0,"href":"https:\/\/www.enerjigazetesi.ist\/en\/wp-json\/wp\/v2\/posts\/164791\/revisions"}],"wp:featuredmedia":[{"embeddable":true,"href":"https:\/\/www.enerjigazetesi.ist\/en\/wp-json\/wp\/v2\/media\/164793"}],"wp:attachment":[{"href":"https:\/\/www.enerjigazetesi.ist\/en\/wp-json\/wp\/v2\/media?parent=164791"}],"wp:term":[{"taxonomy":"category","embeddable":true,"href":"https:\/\/www.enerjigazetesi.ist\/en\/wp-json\/wp\/v2\/categories?post=164791"},{"taxonomy":"post_tag","embeddable":true,"href":"https:\/\/www.enerjigazetesi.ist\/en\/wp-json\/wp\/v2\/tags?post=164791"}],"curies":[{"name":"wp","href":"https:\/\/api.w.org\/{rel}","templated":true}]}}