{"id":164777,"date":"2022-12-08T13:57:59","date_gmt":"2022-12-08T10:57:59","guid":{"rendered":"https:\/\/www.enerjigazetesi.ist\/?p=164777"},"modified":"2022-12-08T14:03:01","modified_gmt":"2022-12-08T11:03:01","slug":"atlas-copco-grubundan-calisanlarina-kuresel-iklim-farkindaligi-etkinligi","status":"publish","type":"post","link":"https:\/\/www.enerjigazetesi.ist\/en\/atlas-copco-grubundan-calisanlarina-kuresel-iklim-farkindaligi-etkinligi\/","title":{"rendered":"(Turkish) Atlas Copco Grubu&#8217;ndan \u00c7al\u0131\u015fanlar\u0131na &#8216;K\u00fcresel \u0130klim Fark\u0131ndal\u0131\u011f\u0131 Etkinli\u011fi&#8217;"},"content":{"rendered":"<p class=\"qtranxs-available-languages-message qtranxs-available-languages-message-en\">Sorry, this entry is only available in <a href=\"https:\/\/www.enerjigazetesi.ist\/tr\/wp-json\/wp\/v2\/posts\/164777\" class=\"qtranxs-available-language-link qtranxs-available-language-link-tr\" title=\"Turkish\">Turkish<\/a>. For the sake of viewer convenience, the content is shown below in the alternative language. You may click the link to switch the active language.<\/p><p><\/p>\n<h2>\u201cS\u00fcrd\u00fcr\u00fclebilir verimlilik\u201d mottosuyla ekonomik, \u00e7evresel ve sosyal a\u00e7\u0131dan sorumlu end\u00fcstriyel fikirleriyle kal\u0131c\u0131 sonu\u00e7lar yaratmaya odaklanan <strong>Atlas Copco Grubu<\/strong>, d\u00fcnya genelinde g\u00f6rev yapan 45.000 \u00e7al\u0131\u015fan\u0131na \u00f6zel <strong>\u201cK\u00fcresel \u0130klim Fark\u0131ndal\u0131\u011f\u0131 Etkinli\u011fi\u201d<\/strong> d\u00fczenledi.<\/h2>\n<p><em>Atlas Copco Grup CEO\u2019su <\/em><strong>Mats Rahmstr\u00f6m<\/strong> ba\u015fta olmak \u00fczere firman\u0131n global d\u00fczeyde \u00fcst d\u00fczey y\u00f6neticilerinin sunumlar\u0131 ile ger\u00e7ekle\u015fen etkinlik kapsam\u0131nda; <strong>iklim de\u011fi\u015fikli\u011fi<\/strong> konusuna odaklan\u0131larak <strong>d\u00fc\u015f\u00fck emisyonlu<\/strong> ve <strong>s\u00fcrd\u00fcr\u00fclebilir bir gelecek<\/strong> i\u00e7in nelerin yap\u0131labilece\u011fi somut \u00f6nerilerle aktar\u0131ld\u0131.<\/p>\n<h3><strong>\u0130klim de\u011fi\u015fikli\u011fini yava\u015flatmak i\u00e7in bilime dayal\u0131 2 hedef<\/strong><\/h3>\n<p>Daha iyi bir gelecek i\u00e7in \u00e7\u00f6z\u00fcm\u00fcn bir par\u00e7as\u0131 olmak ad\u0131na Paris Anla\u015fmas\u0131 do\u011frultusunda, sera gaz\u0131 emisyonlar\u0131n\u0131n azalt\u0131lmas\u0131 i\u00e7in <strong>bilime dayal\u0131 iki hedef<\/strong> belirlediklerinin alt\u0131n\u0131 \u00e7izen <strong>Atlas Copco<img loading=\"lazy\" class=\"alignright wp-image-164782\" src=\"https:\/\/www.enerjigazetesi.ist\/wp-content\/uploads\/2022\/12\/Mats-Rahmstrom.jpg\" alt=\"\" width=\"300\" height=\"169\" srcset=\"https:\/\/www.enerjigazetesi.ist\/wp-content\/uploads\/2022\/12\/Mats-Rahmstrom.jpg 550w, https:\/\/www.enerjigazetesi.ist\/wp-content\/uploads\/2022\/12\/Mats-Rahmstrom-300x169.jpg 300w, https:\/\/www.enerjigazetesi.ist\/wp-content\/uploads\/2022\/12\/Mats-Rahmstrom-500x281.jpg 500w, https:\/\/www.enerjigazetesi.ist\/wp-content\/uploads\/2022\/12\/Mats-Rahmstrom-80x45.jpg 80w\" sizes=\"(max-width: 300px) 100vw, 300px\" \/> Grup CEO\u2019su Mats Rahmstr\u00f6m\u00a0<\/strong>\u015funlar\u0131 s\u00f6yledi: <em>\u201cBirinci hedefimiz, <strong>k\u00fcresel s\u0131cakl\u0131k art\u0131\u015f\u0131n\u0131<\/strong> maksimum <strong>1,5\u00b0C<\/strong> seviyesinde tutabilmek i\u00e7in operasyonlar\u0131m\u0131z ve sat\u0131n ald\u0131\u011f\u0131m\u0131z enerji sonucunda olu\u015fan <strong>CO2 emisyonlar\u0131n\u0131 azaltmak.<\/strong> Bu hedef, buradaki emisyonlar\u0131 2030 y\u0131l\u0131na kadar 2019\u2019daki referans \u00e7izgimize k\u0131yasla <strong>y\u00fczde 46<\/strong> oran\u0131nda azaltmak anlam\u0131na geliyor. Bunu da a\u011f\u0131rl\u0131kl\u0131 olarak operasyonlar\u0131m\u0131zda <strong>d\u00fc\u015f\u00fck karbonlu enerjiye ge\u00e7erek<\/strong> ve <strong>d\u00fc\u015f\u00fck emisyonlu \u015firket ara\u00e7lar\u0131<\/strong> kullanarak ba\u015faraca\u011f\u0131z. \u0130kinci hedefimiz ise k\u00fcresel s\u0131cakl\u0131k art\u0131\u015f\u0131n\u0131 2\u00b0C\u2019nin alt\u0131nda tutmak i\u00e7in, <strong>de\u011fer zincirinin<\/strong> direkt <strong>kontrol\u00fcm\u00fcz d\u0131\u015f\u0131ndaki di\u011fer b\u00f6l\u00fcmlerinden<\/strong> <strong>kaynaklanan CO2 emisyonlar\u0131n\u0131<\/strong> azaltmak. Bu da emisyonlar\u0131 2030 y\u0131l\u0131na kadar 2019 referans \u00e7izgisine k\u0131yasla<strong> % 28<\/strong> oran\u0131nda azaltmak demek. Bunu esas olarak \u00fcr\u00fcnlerimizin <strong>enerji verimlili\u011fini<\/strong> art\u0131rarak ve <strong>elektrikle \u00e7al\u0131\u015facak<\/strong> \u015fekilde tasarlayarak yapaca\u011f\u0131z.\u201d<\/em><\/p>\n<p>Rahmstr\u00f6m, bilime dayal\u0131 hedeflerin grup d\u00fczeyinde raporland\u0131\u011f\u0131n\u0131, her bir i\u015f alan\u0131n\u0131n ve b\u00f6l\u00fcm\u00fcn iklim performans\u0131na dayand\u0131\u011f\u0131n\u0131 belirterek, <strong>t\u00fcm Atlas Copco \u00e7al\u0131\u015fanlar\u0131na<\/strong> bu yolculukta bir rol d\u00fc\u015ft\u00fc\u011f\u00fcn\u00fc s\u00f6yledi.<\/p>\n<h3><strong>Atlas Copco teknolojileri iklim krizi \u00fczerinde olumlu bir fark yaratacak<\/strong><\/h3>\n<p><img loading=\"lazy\" class=\"alignleft wp-image-164783\" src=\"https:\/\/www.enerjigazetesi.ist\/wp-content\/uploads\/2022\/12\/Sara-Hagg-Liljedal.jpg\" alt=\"\" width=\"300\" height=\"169\" srcset=\"https:\/\/www.enerjigazetesi.ist\/wp-content\/uploads\/2022\/12\/Sara-Hagg-Liljedal.jpg 550w, https:\/\/www.enerjigazetesi.ist\/wp-content\/uploads\/2022\/12\/Sara-Hagg-Liljedal-300x169.jpg 300w, https:\/\/www.enerjigazetesi.ist\/wp-content\/uploads\/2022\/12\/Sara-Hagg-Liljedal-500x281.jpg 500w, https:\/\/www.enerjigazetesi.ist\/wp-content\/uploads\/2022\/12\/Sara-Hagg-Liljedal-80x45.jpg 80w\" sizes=\"(max-width: 300px) 100vw, 300px\" \/>Atlas Copco Grubu\u2019nun <strong>\u0130leti\u015fimden Sorumlu K\u0131demli Ba\u015fkan Vekili ve Grup S\u00fcrd\u00fcr\u00fclebilirlik Ba\u015fkan\u0131 Sara Hagg Liljedal\u00a0<\/strong>ve<strong>\u00a0\u0130\u015f Alanlar\u0131 Ba\u015fkanlar\u0131n\u0131n<\/strong> da konu\u015fmalar\u0131yla yer ald\u0131klar\u0131 ve t\u00fcm d\u00fcnyadaki <strong>\u00e7al\u0131\u015fanlar\u0131n e\u015f zamanl\u0131 izledikleri<\/strong> web seminerinde; <strong>k\u00fcresel \u0131s\u0131nman\u0131n dramatik etkilerini \u00f6nlemek i\u00e7in<\/strong> al\u0131nmas\u0131 gereken aksiyonlar\u0131n yan\u0131 s\u0131ra Atlas Copco\u2019nun geli\u015ftirdi\u011fi <strong>teknoloji<\/strong> ve <strong>\u00fcr\u00fcnlerin<\/strong> iklim krizi \u00fczerinde olumlu bir fark yaratabilece\u011fi detayl\u0131 olarak aktar\u0131ld\u0131. Yerel \u00f6rneklerin de tart\u0131\u015f\u0131ld\u0131\u011f\u0131 etkinlikte; \u015firketin \u00fcr\u00fcn ve \u00e7\u00f6z\u00fcmlerinde s\u00fcrd\u00fcr\u00fclebilirlik hedeflerinin hayata ge\u00e7mesi ve gezegenimiz i\u00e7in uzun vadede de\u011fer yaratacak d\u00fczenlemeler g\u00fcndeme geldi.<\/p>","protected":false},"excerpt":{"rendered":"<p>Sorry, this entry is only available in Turkish. For the sake of viewer convenience, the content is shown below in the alternative language. You may click the link to switch the active language. \u201cS\u00fcrd\u00fcr\u00fclebilir verimlilik\u201d mottosuyla ekonomik, \u00e7evresel ve sosyal a\u00e7\u0131dan sorumlu end\u00fcstriyel fikirleriyle kal\u0131c\u0131 sonu\u00e7lar yaratmaya odaklanan Atlas Copco Grubu, d\u00fcnya genelinde g\u00f6rev yapan [&hellip;]<\/p>\n","protected":false},"author":1,"featured_media":164780,"comment_status":"open","ping_status":"open","sticky":false,"template":"","format":"standard","meta":[],"categories":[53,52],"tags":[106610,106612,1999,106611],"views":35,"_links":{"self":[{"href":"https:\/\/www.enerjigazetesi.ist\/en\/wp-json\/wp\/v2\/posts\/164777"}],"collection":[{"href":"https:\/\/www.enerjigazetesi.ist\/en\/wp-json\/wp\/v2\/posts"}],"about":[{"href":"https:\/\/www.enerjigazetesi.ist\/en\/wp-json\/wp\/v2\/types\/post"}],"author":[{"embeddable":true,"href":"https:\/\/www.enerjigazetesi.ist\/en\/wp-json\/wp\/v2\/users\/1"}],"replies":[{"embeddable":true,"href":"https:\/\/www.enerjigazetesi.ist\/en\/wp-json\/wp\/v2\/comments?post=164777"}],"version-history":[{"count":1,"href":"https:\/\/www.enerjigazetesi.ist\/en\/wp-json\/wp\/v2\/posts\/164777\/revisions"}],"predecessor-version":[{"id":164778,"href":"https:\/\/www.enerjigazetesi.ist\/en\/wp-json\/wp\/v2\/posts\/164777\/revisions\/164778"}],"wp:featuredmedia":[{"embeddable":true,"href":"https:\/\/www.enerjigazetesi.ist\/en\/wp-json\/wp\/v2\/media\/164780"}],"wp:attachment":[{"href":"https:\/\/www.enerjigazetesi.ist\/en\/wp-json\/wp\/v2\/media?parent=164777"}],"wp:term":[{"taxonomy":"category","embeddable":true,"href":"https:\/\/www.enerjigazetesi.ist\/en\/wp-json\/wp\/v2\/categories?post=164777"},{"taxonomy":"post_tag","embeddable":true,"href":"https:\/\/www.enerjigazetesi.ist\/en\/wp-json\/wp\/v2\/tags?post=164777"}],"curies":[{"name":"wp","href":"https:\/\/api.w.org\/{rel}","templated":true}]}}