{"id":164741,"date":"2022-12-07T15:21:13","date_gmt":"2022-12-07T12:21:13","guid":{"rendered":"https:\/\/www.enerjigazetesi.ist\/?p=164741"},"modified":"2022-12-07T15:29:35","modified_gmt":"2022-12-07T12:29:35","slug":"dunya-nin-en-pahali-sehirleri","status":"publish","type":"post","link":"https:\/\/www.enerjigazetesi.ist\/en\/dunya-nin-en-pahali-sehirleri\/","title":{"rendered":"(Turkish) D\u00fcnya&#8217;n\u0131n En Pahal\u0131 \u015eehirleri"},"content":{"rendered":"<p class=\"qtranxs-available-languages-message qtranxs-available-languages-message-en\">Sorry, this entry is only available in <a href=\"https:\/\/www.enerjigazetesi.ist\/tr\/wp-json\/wp\/v2\/posts\/164741\" class=\"qtranxs-available-language-link qtranxs-available-language-link-tr\" title=\"Turkish\">Turkish<\/a>. For the sake of viewer convenience, the content is shown below in the alternative language. You may click the link to switch the active language.<\/p><p><\/p>\n<h2>D\u00fcnyada 172 \u015fehir baz al\u0131narak yap\u0131lan ara\u015ft\u0131rmaya g\u00f6re, ya\u015fam maliyetleri raporu belli oldu. \u015eehirlerdeki kira fiyatlar\u0131, yeme-i\u00e7me \u00fccretleri ve enerji \u00fccretleri baz al\u0131narak haz\u0131rlanan raporda d\u00fcnyan\u0131n en pahal\u0131 \u015fehri New York ve Singapur oldu.<\/h2>\n<p>Medya takip kurumu <strong>Ajans Press<\/strong>, <strong>The Economist Intelligence Unit (EIU)<\/strong> kaynaklar\u0131ndan elde <img loading=\"lazy\" class=\"alignright wp-image-164743\" src=\"https:\/\/www.enerjigazetesi.ist\/wp-content\/uploads\/2022\/12\/dunya-nin-en-pahali-sehirleri.jpg\" alt=\"\" width=\"320\" height=\"222\" srcset=\"https:\/\/www.enerjigazetesi.ist\/wp-content\/uploads\/2022\/12\/dunya-nin-en-pahali-sehirleri.jpg 550w, https:\/\/www.enerjigazetesi.ist\/wp-content\/uploads\/2022\/12\/dunya-nin-en-pahali-sehirleri-300x208.jpg 300w, https:\/\/www.enerjigazetesi.ist\/wp-content\/uploads\/2022\/12\/dunya-nin-en-pahali-sehirleri-500x347.jpg 500w, https:\/\/www.enerjigazetesi.ist\/wp-content\/uploads\/2022\/12\/dunya-nin-en-pahali-sehirleri-72x50.jpg 72w\" sizes=\"(max-width: 320px) 100vw, 320px\" \/>edilen verileri inceledi. <strong>Ukrayna-Rusya sava\u015f\u0131<\/strong> ve<strong> \u00c7in\u2019de<\/strong> devam eden <strong>Covid-19 k\u0131s\u0131tlamalar\u0131<\/strong>n\u0131n\u00a0ya\u015fam maliyet endekslerini ciddi derecede etkiledi\u011fi g\u00f6r\u00fcl\u00fcyor. 172 \u015fehirde 200 mal ve hizmette 400\u2019\u00fcn \u00fczerinde bireysel fiyat noktalar\u0131ndaki veriler ara\u015ft\u0131rma kapsam\u0131 i\u00e7erisinde yer ald\u0131. Bu \u00e7er\u00e7evede d\u00fcnyan\u0131n en pahal\u0131 \u015fehri unvan\u0131n\u0131<strong> New York<\/strong> ve <strong>Singapur<\/strong> payla\u015ft\u0131. \u0130lk on i\u00e7erisinde yer alan d\u00fcnyan\u0131n en pahal\u0131 \u015fehirleri s\u0131ras\u0131yla <strong>Tel Aviv, Hong Kong, Los Angeles, Z\u00fcrih, Cenevre, San Francisco, Paris ve Kopenhag<\/strong> oldu. S\u0131ralamada ya\u015fam maliyeti a\u00e7\u0131s\u0131ndan en d\u00fc\u015f\u00fck olan \u015fehirler ise<strong> \u015eam, Trablus, Tahran, Tunus, Ta\u015fkent, Kara\u00e7i, Almat\u0131, Ahmedabad, Chennai <\/strong>ve<strong> Cezayir<\/strong> oldu.<\/p>\n<h3>2022 Y\u0131l\u0131nda Ya\u015fam Maliyetleri ve Enflasyon Konu\u015fuldu<\/h3>\n<p><strong>Ajans Press\u2019in\u00a0<\/strong><em>ya\u015fam maliyetleri<\/em> ile alakal\u0131 ger\u00e7ekle\u015ftirdi\u011fi <strong>medya ara\u015ft\u0131rmas\u0131nda<\/strong> ise \u00e7arp\u0131c\u0131 sonu\u00e7lar ortaya \u00e7\u0131kt\u0131. <strong>Gazete, dergi, TV <\/strong>ve<strong> radyo<\/strong> kanallar\u0131n\u0131n yan\u0131 s\u0131ra<strong> internet haber siteleri olmak<\/strong> \u00fczere<strong> 15 binin \u00fczerinden<\/strong> kayna\u011f\u0131n tarand\u0131\u011f\u0131 ara\u015ft\u0131rmada, <strong>ya\u015fam maliyetleri<\/strong> ve <strong>enflasyon<\/strong> <strong>2022\u2019nin<\/strong> en \u00e7ok konu\u015fulan haber ba\u015fl\u0131\u011f\u0131 oldu\u011fu tespit edildi. Bu ba\u015fl\u0131k alt\u0131nda medyaya <strong>658 bin 742<\/strong> haber yans\u0131d\u0131. Ya\u015fam maliyetleri i\u00e7erisinde en \u00e7ok bahsi ge\u00e7en konular <strong>kira, g\u0131da, d\u00f6viz, enerji, ula\u015f\u0131m, sa\u011fl\u0131k, giyim<\/strong> ve<strong> e\u011fitim<\/strong> olarak s\u0131raland\u0131.<\/p>","protected":false},"excerpt":{"rendered":"<p>Sorry, this entry is only available in Turkish. For the sake of viewer convenience, the content is shown below in the alternative language. You may click the link to switch the active language. D\u00fcnyada 172 \u015fehir baz al\u0131narak yap\u0131lan ara\u015ft\u0131rmaya g\u00f6re, ya\u015fam maliyetleri raporu belli oldu. \u015eehirlerdeki kira fiyatlar\u0131, yeme-i\u00e7me \u00fccretleri ve enerji \u00fccretleri baz [&hellip;]<\/p>\n","protected":false},"author":1,"featured_media":164743,"comment_status":"open","ping_status":"open","sticky":false,"template":"","format":"standard","meta":[],"categories":[53],"tags":[29241,24937,1949,63,106601,2254,36152,106599,3265,106598,998,106308,106600],"views":55,"_links":{"self":[{"href":"https:\/\/www.enerjigazetesi.ist\/en\/wp-json\/wp\/v2\/posts\/164741"}],"collection":[{"href":"https:\/\/www.enerjigazetesi.ist\/en\/wp-json\/wp\/v2\/posts"}],"about":[{"href":"https:\/\/www.enerjigazetesi.ist\/en\/wp-json\/wp\/v2\/types\/post"}],"author":[{"embeddable":true,"href":"https:\/\/www.enerjigazetesi.ist\/en\/wp-json\/wp\/v2\/users\/1"}],"replies":[{"embeddable":true,"href":"https:\/\/www.enerjigazetesi.ist\/en\/wp-json\/wp\/v2\/comments?post=164741"}],"version-history":[{"count":0,"href":"https:\/\/www.enerjigazetesi.ist\/en\/wp-json\/wp\/v2\/posts\/164741\/revisions"}],"wp:featuredmedia":[{"embeddable":true,"href":"https:\/\/www.enerjigazetesi.ist\/en\/wp-json\/wp\/v2\/media\/164743"}],"wp:attachment":[{"href":"https:\/\/www.enerjigazetesi.ist\/en\/wp-json\/wp\/v2\/media?parent=164741"}],"wp:term":[{"taxonomy":"category","embeddable":true,"href":"https:\/\/www.enerjigazetesi.ist\/en\/wp-json\/wp\/v2\/categories?post=164741"},{"taxonomy":"post_tag","embeddable":true,"href":"https:\/\/www.enerjigazetesi.ist\/en\/wp-json\/wp\/v2\/tags?post=164741"}],"curies":[{"name":"wp","href":"https:\/\/api.w.org\/{rel}","templated":true}]}}