{"id":164665,"date":"2022-12-06T13:14:55","date_gmt":"2022-12-06T10:14:55","guid":{"rendered":"https:\/\/www.enerjigazetesi.ist\/?p=164665"},"modified":"2022-12-06T13:14:55","modified_gmt":"2022-12-06T10:14:55","slug":"cekul-vakfinin-92-ormani-30-yasinda","status":"publish","type":"post","link":"https:\/\/www.enerjigazetesi.ist\/en\/cekul-vakfinin-92-ormani-30-yasinda\/","title":{"rendered":"(Turkish) \u00c7EK\u00dcL Vakf\u0131\u2019n\u0131n 92 Orman\u0131, 30 Ya\u015f\u0131nda!"},"content":{"rendered":"<p class=\"qtranxs-available-languages-message qtranxs-available-languages-message-en\">Sorry, this entry is only available in <a href=\"https:\/\/www.enerjigazetesi.ist\/tr\/wp-json\/wp\/v2\/posts\/164665\" class=\"qtranxs-available-language-link qtranxs-available-language-link-tr\" title=\"Turkish\">Turkish<\/a>. For the sake of viewer convenience, the content is shown below in the alternative language. You may click the link to switch the active language.<\/p><p><\/p>\n<h2><strong>\u00c7evre ve K\u00fclt\u00fcr De\u011ferlerini Koruma ve Tan\u0131tma Vakf\u0131\u2019n\u0131n (\u00c7EK\u00dcL) bundan tam 30 y\u0131l \u00f6nce 1992 y\u0131l\u0131nda, 100 bin fidan dikerek hayata ge\u00e7irdi\u011fi<em> \u201892 Orman\u0131\u2019<\/em>, 30 ya\u015f\u0131na bast\u0131.<\/strong><\/h2>\n<p style=\"text-align: center;\"><img loading=\"lazy\" class=\"aligncenter wp-image-164669\" src=\"https:\/\/www.enerjigazetesi.ist\/wp-content\/uploads\/2022\/12\/1670314376_1992_92_orman_____ncesi__2_.jpg\" alt=\"\" width=\"500\" height=\"312\" srcset=\"https:\/\/www.enerjigazetesi.ist\/wp-content\/uploads\/2022\/12\/1670314376_1992_92_orman_____ncesi__2_.jpg 550w, https:\/\/www.enerjigazetesi.ist\/wp-content\/uploads\/2022\/12\/1670314376_1992_92_orman_____ncesi__2_-300x187.jpg 300w, https:\/\/www.enerjigazetesi.ist\/wp-content\/uploads\/2022\/12\/1670314376_1992_92_orman_____ncesi__2_-500x312.jpg 500w, https:\/\/www.enerjigazetesi.ist\/wp-content\/uploads\/2022\/12\/1670314376_1992_92_orman_____ncesi__2_-80x50.jpg 80w\" sizes=\"(max-width: 500px) 100vw, 500px\" \/><\/p>\n<p>\u00c7EK\u00dcL Vakf\u0131\u2019n\u0131n <strong>ilk b\u00fcy\u00fck a\u011fa\u00e7land\u0131rma projesi<\/strong> olan ve<strong> 22 bin \u0130stanbullunun kat\u0131l\u0131m\u0131yla<\/strong> hayata ge\u00e7irilen 92 Orman\u0131, 30 ya\u015f\u0131na bast\u0131. Geni\u015f kitlelere yay\u0131larak T\u00fcrkiye\u2019nin bir\u00e7ok yerinde; <strong>do\u011fay\u0131 korumak<\/strong> ve <strong>gelece\u011fe g\u00fczel bir iz b\u0131rakmak<\/strong> isteyen herkesin takdirini kazanan 92 Orman\u0131, do\u011faseverlerin deste\u011fiyle b\u00fcy\u00fcmeye devam ediyor.<\/p>\n<h3><strong>92 Orman\u0131, umut ve dayan\u0131\u015fman\u0131n ad\u0131 oldu<\/strong><\/h3>\n<p style=\"text-align: center;\"><img loading=\"lazy\" class=\"aligncenter wp-image-164667\" src=\"https:\/\/www.enerjigazetesi.ist\/wp-content\/uploads\/2022\/12\/1670314375_63__178_.jpg\" alt=\"\" width=\"500\" height=\"334\" srcset=\"https:\/\/www.enerjigazetesi.ist\/wp-content\/uploads\/2022\/12\/1670314375_63__178_.jpg 550w, https:\/\/www.enerjigazetesi.ist\/wp-content\/uploads\/2022\/12\/1670314375_63__178_-300x200.jpg 300w, https:\/\/www.enerjigazetesi.ist\/wp-content\/uploads\/2022\/12\/1670314375_63__178_-500x334.jpg 500w, https:\/\/www.enerjigazetesi.ist\/wp-content\/uploads\/2022\/12\/1670314375_63__178_-75x50.jpg 75w, https:\/\/www.enerjigazetesi.ist\/wp-content\/uploads\/2022\/12\/1670314375_63__178_-450x300.jpg 450w\" sizes=\"(max-width: 500px) 100vw, 500px\" \/><\/p>\n<p>\u00c7EK\u00dcL\u2019\u00fcn \u2018Ya\u015fam\u0131 korumak, ya\u015fatarak korumak\u2019 ilkesinden yola \u00e7\u0131karak ba\u015flatt\u0131\u011f\u0131 k\u00fclt\u00fcrel miras\u0131 koruma \u00e7al\u0131\u015fmalar\u0131na h\u0131z kesmeden devam etti\u011fini belirten \u00c7EK\u00dcL Vakf\u0131 Genel Koordinat\u00f6r\u00fc Bet\u00fcl S\u00f6zen, <em>\u201c92 Orman\u0131\u2019n\u0131 hayata ge\u00e7irdi\u011fimiz y\u0131llarda, do\u011fal miras\u0131m\u0131z Kuzey Ormanlar\u0131 tehlike alt\u0131ndayd\u0131. \u0130stanbul\u2019a yap\u0131lacak ikinci k\u00f6pr\u00fcn\u00fcn in\u015faat \u00e7al\u0131\u015fmalar\u0131, ka\u00e7ak yap\u0131la\u015fmay\u0131 tetikliyordu. <strong>Olumsuz etkileri \u00f6nleyebilmek<\/strong> ve <strong>kent i\u00e7inde nefes alabilece\u011fimiz alanlar<\/strong> yaratmak amac\u0131yla, t\u00fcm kentlilerin hakk\u0131n\u0131 g\u00f6zeterek yola \u00e7\u0131kt\u0131k. <strong>Kentsel geli\u015fmenin<\/strong> tehdit edildi\u011fi <strong>Beykoz<\/strong> <strong>Kavac\u0131k\u2019taki<\/strong> bir alan\u0131 ormana d\u00f6n\u00fc\u015ft\u00fcrd\u00fck. Dayan\u0131\u015fman\u0131n b\u00fcy\u00fctt\u00fc\u011f\u00fc, \u00e7abalar\u0131n ye\u015ferdi\u011fi orman\u0131m\u0131z\u0131n 30\u2019uncu ya\u015f\u0131n\u0131 kutlamak i\u00e7in yeniden ziyaret ettik ve herkes i\u00e7in selam g\u00f6t\u00fcrd\u00fck. 92 Orman\u0131\u2019n\u0131n kurulmas\u0131nda b\u00fcy\u00fck emekleri olan <strong>Prof. Dr. Aysel Ek\u015fi<\/strong> an\u0131s\u0131na, <strong>92 Orman\u0131<\/strong>\u2019na dikti\u011fimiz <strong>2 bin fidan<\/strong> da <strong>7\u2019nci ya\u015f\u0131na girdi<\/strong>. Kanl\u0131ca Orman \u0130\u015fletme M\u00fcd\u00fcr\u00fc Erdin\u00e7 Kurt, Kanl\u0131ca Orman A\u011fa\u00e7land\u0131rma \u015eefi Mehmet Ergin Kabalc\u0131, Kanl\u0131ca Orman \u0130\u015fletme \u015eefi Neslihan \u00c7elik, ziyaretimizde bizlere e\u015flik etti; <strong>bak\u0131m<\/strong> ve <strong>koruma \u00e7al\u0131\u015fmalar\u0131<\/strong> hakk\u0131nda bilgi verdi. A\u011fa\u00e7land\u0131rma \u00e7al\u0131\u015fmalar\u0131m\u0131za ilk y\u0131llar\u0131ndan bu yana deste\u011fini esirgemeyen t\u00fcm g\u00f6n\u00fcll\u00fclerimize \u00e7ok te\u015fekk\u00fcr ederiz.\u201d<\/em> dedi.<\/p>\n<p><strong>\u00c7EK\u00dcL 92 Orman\u0131<\/strong>, <em>Orman Bakanl\u0131\u011f\u0131 A\u011fa\u00e7land\u0131rma ve Erozyon Kontrol\u00fc Genel M\u00fcd\u00fcrl\u00fc\u011f\u00fc, Orman Bakanl\u0131\u011f\u0131 Marmara B\u00f6lgesi Genel M\u00fcd\u00fcrl\u00fc\u011f\u00fc ve Alemda\u011f Orman \u0130\u015fletmesi teknik i\u015fbirli\u011fiyle<\/em> hayata ge\u00e7irildi. <strong>1-31 Mart 1992<\/strong> tarihleri aras\u0131nda her g\u00fcn, <strong>binlerce do\u011fasever fidan dikimi<\/strong> i\u00e7in \u00e7al\u0131\u015ft\u0131. Toplamda <strong>170 hektar<\/strong> alana <strong>102 bin 500<\/strong> <em>akasya, me\u015fe, di\u015fbudak, erguvan ve ak\u00e7aa\u011fa\u00e7<\/em> fidan\u0131 dikildi.<\/p>\n<p><strong>\u00c7EK\u00dcL Vakf\u0131\u2019<\/strong>n\u0131n g\u00fcncel a\u011fa\u00e7land\u0131rma \u00e7al\u0131\u015fmalar\u0131, <strong>7 A\u011fa\u00e7 Ormanlar\u0131<\/strong> ile devam ediyor. 7 A\u011fa\u00e7 Ormanlar\u0131na <strong>fidan ba\u011f\u0131\u015f\u0131 yapmak<\/strong> isteyenlerin <a href=\"https:\/\/www.cekuldukkan.org\/Herkese-7-Agac_24.html\" target=\"_blank\" rel=\"noopener\">https:\/\/www.cekuldukkan.org\/Herkese-7-Agac_24.html<\/a><u>\u00a0<\/u>ziyaret etmeleri yeterli oluyor.<\/p>","protected":false},"excerpt":{"rendered":"<p>Sorry, this entry is only available in Turkish. For the sake of viewer convenience, the content is shown below in the alternative language. You may click the link to switch the active language. \u00c7evre ve K\u00fclt\u00fcr De\u011ferlerini Koruma ve Tan\u0131tma Vakf\u0131\u2019n\u0131n (\u00c7EK\u00dcL) bundan tam 30 y\u0131l \u00f6nce 1992 y\u0131l\u0131nda, 100 bin fidan dikerek hayata ge\u00e7irdi\u011fi [&hellip;]<\/p>\n","protected":false},"author":1,"featured_media":164668,"comment_status":"open","ping_status":"open","sticky":false,"template":"","format":"standard","meta":[],"categories":[53],"tags":[106576,106575,103700,106574,48250],"views":64,"_links":{"self":[{"href":"https:\/\/www.enerjigazetesi.ist\/en\/wp-json\/wp\/v2\/posts\/164665"}],"collection":[{"href":"https:\/\/www.enerjigazetesi.ist\/en\/wp-json\/wp\/v2\/posts"}],"about":[{"href":"https:\/\/www.enerjigazetesi.ist\/en\/wp-json\/wp\/v2\/types\/post"}],"author":[{"embeddable":true,"href":"https:\/\/www.enerjigazetesi.ist\/en\/wp-json\/wp\/v2\/users\/1"}],"replies":[{"embeddable":true,"href":"https:\/\/www.enerjigazetesi.ist\/en\/wp-json\/wp\/v2\/comments?post=164665"}],"version-history":[{"count":0,"href":"https:\/\/www.enerjigazetesi.ist\/en\/wp-json\/wp\/v2\/posts\/164665\/revisions"}],"wp:featuredmedia":[{"embeddable":true,"href":"https:\/\/www.enerjigazetesi.ist\/en\/wp-json\/wp\/v2\/media\/164668"}],"wp:attachment":[{"href":"https:\/\/www.enerjigazetesi.ist\/en\/wp-json\/wp\/v2\/media?parent=164665"}],"wp:term":[{"taxonomy":"category","embeddable":true,"href":"https:\/\/www.enerjigazetesi.ist\/en\/wp-json\/wp\/v2\/categories?post=164665"},{"taxonomy":"post_tag","embeddable":true,"href":"https:\/\/www.enerjigazetesi.ist\/en\/wp-json\/wp\/v2\/tags?post=164665"}],"curies":[{"name":"wp","href":"https:\/\/api.w.org\/{rel}","templated":true}]}}