{"id":164585,"date":"2022-12-05T12:19:26","date_gmt":"2022-12-05T09:19:26","guid":{"rendered":"https:\/\/www.enerjigazetesi.ist\/?p=164585"},"modified":"2022-12-05T12:19:58","modified_gmt":"2022-12-05T09:19:58","slug":"4-istanbul-ic-tesisat-bulusmasi-nin-onde-gelen-isimleri-gelecege-isik-tuttu","status":"publish","type":"post","link":"https:\/\/www.enerjigazetesi.ist\/en\/4-istanbul-ic-tesisat-bulusmasi-nin-onde-gelen-isimleri-gelecege-isik-tuttu\/","title":{"rendered":"(Turkish) &#8217;4. \u0130stanbul \u0130\u00e7 Tesisat Bulu\u015fmas\u0131\u2019n\u0131n \u00d6nde Gelen \u0130simleri Gelece\u011fe I\u015f\u0131k Tuttu"},"content":{"rendered":"<p class=\"qtranxs-available-languages-message qtranxs-available-languages-message-en\">Sorry, this entry is only available in <a href=\"https:\/\/www.enerjigazetesi.ist\/tr\/wp-json\/wp\/v2\/posts\/164585\" class=\"qtranxs-available-language-link qtranxs-available-language-link-tr\" title=\"Turkish\">Turkish<\/a>. For the sake of viewer convenience, the content is shown below in the alternative language. You may click the link to switch the active language.<\/p><p><\/p>\n<h2><strong>\u0130<\/strong><strong>klimlendirme sekt\u00f6r\u00fcn\u00fcn en k\u00f6kl\u00fc markalar<\/strong><strong>\u0131<\/strong><strong>ndan olan DemirD\u00f6k\u00fcm, sekt\u00f6r\u00fcn geli<\/strong><strong>\u015f<\/strong><strong>imi i\u00e7in katma de<\/strong><strong>\u011f<\/strong><strong>er yaratan organizasyonlar<\/strong><strong>\u0131<\/strong><strong> desteklemeyi s\u00fcrd\u00fcr\u00fcyor. Do<\/strong><strong>\u011f<\/strong><strong>algaz sekt\u00f6r\u00fcn\u00fcn bug\u00fcn\u00fc ve gelece<\/strong><strong>\u011f<\/strong><strong>i i\u00e7in d\u00fczenlenen, DemirD\u00f6k\u00fcm\u2019\u00fcn oturum sponsoru olarak yer ald<\/strong><strong>\u0131\u011f\u0131<\/strong><strong> 4. <\/strong><strong>\u0130<\/strong><strong>stanbul <\/strong><strong>\u0130<\/strong><strong>\u00e7 Tesisat Bulu<\/strong><strong>\u015f<\/strong><strong>mas<\/strong><strong>\u0131<\/strong><strong>\u2019nda, sekt\u00f6r\u00fcn \u00f6nde gelen isimleri gelece<\/strong><strong>\u011f<\/strong><strong>e <\/strong><strong>\u0131\u015f\u0131<\/strong><strong>k tutacak g\u00fcndemleri kat<\/strong><strong>\u0131<\/strong><strong>l<\/strong><strong>\u0131<\/strong><strong>mc<\/strong><strong>\u0131<\/strong><strong>larla <img loading=\"lazy\" class=\"alignright wp-image-164589\" src=\"https:\/\/www.enerjigazetesi.ist\/wp-content\/uploads\/2022\/12\/1665641028logo-002.jpg\" alt=\"\" width=\"320\" height=\"167\" srcset=\"https:\/\/www.enerjigazetesi.ist\/wp-content\/uploads\/2022\/12\/1665641028logo-002.jpg 470w, https:\/\/www.enerjigazetesi.ist\/wp-content\/uploads\/2022\/12\/1665641028logo-002-300x157.jpg 300w, https:\/\/www.enerjigazetesi.ist\/wp-content\/uploads\/2022\/12\/1665641028logo-002-80x42.jpg 80w\" sizes=\"(max-width: 320px) 100vw, 320px\" \/>payla<\/strong><strong>\u015f<\/strong><strong>t<\/strong><strong>\u0131<\/strong><strong>.<\/strong><\/h2>\n<p><strong>Do\u011falgaz sekt\u00f6r\u00fcn\u00fcn<\/strong> \u00f6nde gelen payda\u015flar\u0131n\u0131n kat\u0131l\u0131m g\u00f6sterdi\u011fi 4. \u0130stanbul \u0130\u00e7 Tesisat Bulu\u015fmas\u0131, <strong>Y\u0131ld\u0131z Teknik \u00dcniversitesi Davutpa\u015fa Kongre ve K\u00fclt\u00fcr Merkezi<\/strong>\u2019nde ger\u00e7ekle\u015fti.<strong> \u201cDo\u011fal Gaz\u0131n G\u00fcvenli ve Verimli Kullan\u0131m\u0131\u201d<\/strong> ana ba\u015fl\u0131\u011f\u0131nda d\u00fczenlenen etkinlikte sekt\u00f6r\u00fcn bug\u00fcn\u00fc konu\u015fulurken gelece\u011fini etkileyecek <strong>yeni trendler<\/strong> de masaya yat\u0131r\u0131ld\u0131.<\/p>\n<p>Ger\u00e7ekle\u015fen bulu\u015fmada DemirD\u00f6k\u00fcm, <strong>\u201cVerimli Do\u011fal Gaz Kullan\u0131m\u0131\u201d<\/strong> ba\u015fl\u0131kl\u0131 ilk oturumun sponsorlu\u011funu ger\u00e7ekle\u015ftirdi. Oturumda<em> TTMD Genel Sekreteri Kemal G\u00f6kay, DOS\u0130DER Y\u00f6netim Kurulu \u00dcyesi Dr. Celalettin \u00c7elik, Makine M\u00fchendisleri Odas\u0131 \u0130stanbul \u015eube Ba\u015fkanvekili Seyfettin Avc\u0131 ve Y\u0131ld\u0131z Teknik \u00dcniversitesi Genel Sekreteri Ahmet Y\u00fcksel Karahan<\/em> konu\u015fmac\u0131 olarak yer ald\u0131. T\u00fcm g\u00fcn s\u00fcren etkinlik <strong>do\u011fal gaz da\u011f\u0131t\u0131m \u015firketleri, sertifikal\u0131 tesisat \u015firketleri, sekt\u00f6r\u00fcn \u00f6nde gelen firmalar\u0131n\u0131n temsilcileri, \u00fcr\u00fcn tedarik\u00e7ileri ve sekt\u00f6r \u00e7al\u0131\u015fanlar\u0131<\/strong> taraf\u0131ndan yo\u011fun ilgi g\u00f6rd\u00fc.<\/p>","protected":false},"excerpt":{"rendered":"<p>Sorry, this entry is only available in Turkish. For the sake of viewer convenience, the content is shown below in the alternative language. You may click the link to switch the active language. \u0130klimlendirme sekt\u00f6r\u00fcn\u00fcn en k\u00f6kl\u00fc markalar\u0131ndan olan DemirD\u00f6k\u00fcm, sekt\u00f6r\u00fcn geli\u015fimi i\u00e7in katma de\u011fer yaratan organizasyonlar\u0131 desteklemeyi s\u00fcrd\u00fcr\u00fcyor. Do\u011falgaz sekt\u00f6r\u00fcn\u00fcn bug\u00fcn\u00fc ve gelece\u011fi i\u00e7in [&hellip;]<\/p>\n","protected":false},"author":1,"featured_media":164591,"comment_status":"open","ping_status":"open","sticky":false,"template":"","format":"standard","meta":[],"categories":[46,53],"tags":[106548,78746,23219],"views":66,"_links":{"self":[{"href":"https:\/\/www.enerjigazetesi.ist\/en\/wp-json\/wp\/v2\/posts\/164585"}],"collection":[{"href":"https:\/\/www.enerjigazetesi.ist\/en\/wp-json\/wp\/v2\/posts"}],"about":[{"href":"https:\/\/www.enerjigazetesi.ist\/en\/wp-json\/wp\/v2\/types\/post"}],"author":[{"embeddable":true,"href":"https:\/\/www.enerjigazetesi.ist\/en\/wp-json\/wp\/v2\/users\/1"}],"replies":[{"embeddable":true,"href":"https:\/\/www.enerjigazetesi.ist\/en\/wp-json\/wp\/v2\/comments?post=164585"}],"version-history":[{"count":0,"href":"https:\/\/www.enerjigazetesi.ist\/en\/wp-json\/wp\/v2\/posts\/164585\/revisions"}],"wp:featuredmedia":[{"embeddable":true,"href":"https:\/\/www.enerjigazetesi.ist\/en\/wp-json\/wp\/v2\/media\/164591"}],"wp:attachment":[{"href":"https:\/\/www.enerjigazetesi.ist\/en\/wp-json\/wp\/v2\/media?parent=164585"}],"wp:term":[{"taxonomy":"category","embeddable":true,"href":"https:\/\/www.enerjigazetesi.ist\/en\/wp-json\/wp\/v2\/categories?post=164585"},{"taxonomy":"post_tag","embeddable":true,"href":"https:\/\/www.enerjigazetesi.ist\/en\/wp-json\/wp\/v2\/tags?post=164585"}],"curies":[{"name":"wp","href":"https:\/\/api.w.org\/{rel}","templated":true}]}}