{"id":164564,"date":"2022-12-05T10:57:42","date_gmt":"2022-12-05T07:57:42","guid":{"rendered":"https:\/\/www.enerjigazetesi.ist\/?p=164564"},"modified":"2022-12-05T11:01:58","modified_gmt":"2022-12-05T08:01:58","slug":"marketcinin-posete-yuzde-300-zam-yapilsin-talebine-itiraz-geldi","status":"publish","type":"post","link":"https:\/\/www.enerjigazetesi.ist\/en\/marketcinin-posete-yuzde-300-zam-yapilsin-talebine-itiraz-geldi\/","title":{"rendered":"(Turkish) Market\u00e7inin Po\u015fete %300 Zam Yap\u0131ls\u0131n Talebine \u0130tiraz Geldi"},"content":{"rendered":"<p class=\"qtranxs-available-languages-message qtranxs-available-languages-message-en\">Sorry, this entry is only available in <a href=\"https:\/\/www.enerjigazetesi.ist\/tr\/wp-json\/wp\/v2\/posts\/164564\" class=\"qtranxs-available-language-link qtranxs-available-language-link-tr\" title=\"Turkish\">Turkish<\/a>. For the sake of viewer convenience, the content is shown below in the alternative language. You may click the link to switch the active language.<\/p><p><\/p>\n<h2 style=\"margin: 0cm 0cm 0.0001pt; vertical-align: baseline; text-align: left;\" align=\"center\"><strong><span style=\"color: black;\">T\u00fcrkiye Perakendeciler Federasyonu Ba\u015fkan\u0131 \u00d6mer D\u00fczg\u00fcn, % 300 zamla po\u015fet fiyat\u0131n\u0131n 75 kuru\u015fa y\u00fckseltilmesini isterken, PAGEV Ba\u015fkan\u0131 Yavuz Ero\u011flu, \u201cpo\u015fet fiyat\u0131 25 kuru\u015fta kals\u0131n; t\u00fcketici, \u00e7evre ve ekonomi kazans\u0131n\u201d diyerek t\u00fcketiciye, ek y\u00fck getirilmemesi gerekti\u011fini savundu.<\/span><\/strong><\/h2>\n<p>\u00c7evre \u015eehircilik ve \u0130klim Bakanl\u0131\u011f\u0131 <strong>Plastik Po\u015fet Alt Komisyonu<\/strong>, 2023 y\u0131l\u0131 plastik po\u015fetlerin sat\u0131\u015f \u00fccretlerinin belirlenmesi ve uygulamaya ili\u015fkin g\u00f6r\u00fc\u015f al\u0131\u015fveri\u015finde bulunulmas\u0131 g\u00fcndemiyle ilgili sekt\u00f6r ve sivil toplum kurulu\u015flar\u0131 temsilcilerinin kat\u0131l\u0131m\u0131yla topland\u0131. 2019 y\u0131l\u0131nda ba\u015flat\u0131lan uygulama d\u00e2hilinde plastik po\u015fetler adet ba\u015f\u0131na ve vergiler d\u00e2hil olmak \u00fczere <strong>25 kuru\u015ftan<\/strong> sat\u0131l\u0131yordu. S\u00f6z konusu tutar <strong>2020, 2021,2022 y\u0131llar\u0131nda da<\/strong> de\u011fi\u015fiklik yap\u0131lmadan<strong> 25 kuru\u015f<\/strong> olarak uygulanmaya devam edildi.<img loading=\"lazy\" class=\"alignright wp-image-164571\" src=\"https:\/\/www.enerjigazetesi.ist\/wp-content\/uploads\/2022\/12\/marketcinin-posete-yuzde-300-zam-yapilsin-talebine-itiraz-geldi-1.jpg\" alt=\"\" width=\"320\" height=\"214\" srcset=\"https:\/\/www.enerjigazetesi.ist\/wp-content\/uploads\/2022\/12\/marketcinin-posete-yuzde-300-zam-yapilsin-talebine-itiraz-geldi-1.jpg 550w, https:\/\/www.enerjigazetesi.ist\/wp-content\/uploads\/2022\/12\/marketcinin-posete-yuzde-300-zam-yapilsin-talebine-itiraz-geldi-1-300x200.jpg 300w, https:\/\/www.enerjigazetesi.ist\/wp-content\/uploads\/2022\/12\/marketcinin-posete-yuzde-300-zam-yapilsin-talebine-itiraz-geldi-1-500x334.jpg 500w, https:\/\/www.enerjigazetesi.ist\/wp-content\/uploads\/2022\/12\/marketcinin-posete-yuzde-300-zam-yapilsin-talebine-itiraz-geldi-1-75x50.jpg 75w, https:\/\/www.enerjigazetesi.ist\/wp-content\/uploads\/2022\/12\/marketcinin-posete-yuzde-300-zam-yapilsin-talebine-itiraz-geldi-1-450x300.jpg 450w\" sizes=\"(max-width: 320px) 100vw, 320px\" \/><\/p>\n<p>Bakanl\u0131k\u2019ta ger\u00e7ekle\u015ftirilen Komisyon toplant\u0131s\u0131na plastik sekt\u00f6r\u00fc ad\u0131na kat\u0131lan PAGEV (T\u00fcrk Plastik Sanayicileri Ara\u015ft\u0131rma Geli\u015ftirme E\u011fitim Vakf\u0131), 25 kuru\u015fluk po\u015fet fiyat\u0131n\u0131n bir sene daha ayn\u0131 \u015fekilde kalmas\u0131n\u0131 talep etti. Konuya ili\u015fkin a\u00e7\u0131klama yapan PAGEV Ba\u015fkan\u0131 Yavuz Ero\u011flu, <em>\u201c\u00dccretli Po\u015fet uygulamas\u0131nda Bakanl\u0131\u011f\u0131m\u0131z amac\u0131na ula\u015f\u0131p, gereksiz po\u015fet kullan\u0131m\u0131n\u0131n \u00f6n\u00fcne ge\u00e7ti. Bu anlamda k\u00fcresel resesyon ve enflasyon ortam\u0131nda po\u015fet fiyat\u0131nda 2023 y\u0131l\u0131nda art\u0131\u015f yap\u0131lmay\u0131p 25 kuru\u015fta kal\u0131nmas\u0131 hem t\u00fcketici hem \u00fcretici hem \u00e7evre i\u00e7in olumlu sonu\u00e7 do\u011furacakt\u0131r. B\u00f6yle olursa yeniden de\u011ferleme oran\u0131 artaca\u011f\u0131ndan hem t\u00fcketici 25 kuru\u015f verecek, hem de perakendeci cebinden ekstra GEKAP \u00f6deyecek. Bu sayede perakendeci de daha az po\u015fet kullan\u0131ls\u0131n diye u\u011fra\u015facak ve kasalarda gerekti\u011fi kadar po\u015fet sat\u0131lacakt\u0131r\u201d<\/em> dedi.<\/p>\n<p>Po\u015fet fiyat\u0131ndaki art\u0131\u015f\u0131n t\u00fcketiciye yans\u0131t\u0131lmamas\u0131 gerekti\u011fini savunan PAGEV Ba\u015fkan\u0131 Ero\u011flu,<strong> \u201cfiyat 25 kuru\u015f olarak devam etsin\u201d<\/strong> derken, perakendeciler ise devletin ba\u015fta geri d\u00f6n\u00fc\u015f\u00fcm olmak \u00fczere, \u00e7evresel faaliyetleri finanse etmek \u00fczere sat\u0131lan po\u015fet ba\u015f\u0131 ald\u0131\u011f\u0131 <strong>GEKAP pay\u0131n\u0131n y\u00fcksekli\u011fi<\/strong>nden \u015fik\u00e2yet ederek, <strong>1 Ocak 2023<\/strong> tarihinden itibaren fiyata <strong>y\u00fczde 300<\/strong> zam yap\u0131larak po\u015fetin, t\u00fcketiciye <strong>75 kuru\u015ftan sat\u0131lmas\u0131n\u0131<\/strong> talep ettiler. Po\u015fet fiyat\u0131nda art\u0131\u015f talep eden T\u00fcrkiye Perakendeciler Federasyonu Ba\u015fkan\u0131 \u00d6mer D\u00fczg\u00fcn, \u201c75 kuru\u015f bizim talebimiz. Po\u015fet paras\u0131 bizim kasam\u0131za y\u00fczde 100 girmiyor\u201d diyerek marketlerin zam taleplerine dair savunma yapt\u0131. Po\u015fet konusunda taraflar g\u00f6r\u00fc\u015flerini kar\u015f\u0131l\u0131kl\u0131 olarak bu \u015fekilde payla\u015fsa da son s\u00f6z\u00fc \u00c7evre \u015eehircilik ve \u0130klim Bakanl\u0131\u011f\u0131 s\u00f6yleyecek.<\/p>\n<h3><strong>3.8 M\u0130LYAR L\u0130RA TASARRUF SA\u011eLADI<\/strong><\/h3>\n<p>Bakanl\u0131k verilerine g\u00f6re, \u00fccretli po\u015fet uygulamas\u0131yla <strong>4 y\u0131lda<\/strong>, plastik po\u015fet kaynakl\u0131 550 bin ton plastik at\u0131\u011f\u0131n olu\u015fumu ve 23 bin ton sera gaz\u0131 sal\u0131m\u0131 engellendi. Plastik po\u015fet kullan\u0131m\u0131ndaki azalma ile T\u00fcrkiye\u2019de plastik <strong>po\u015fet \u00fcretimi i\u00e7in<\/strong> gerekli plastik<strong> ham madde ithali de d\u00fc\u015ft\u00fc<\/strong> ve yakla\u015f\u0131k<strong> 3.8 milyar TL<\/strong> tasarruf sa\u011fland\u0131.<\/p>\n<h3><strong>FEDAKARLIK SIRASI MARKETLERDE\u00a0<\/strong><\/h3>\n<p>\u00c7evresel kirlili\u011fi azaltmak amac\u0131 ta\u015f\u0131yan paral\u0131 po\u015fet uygulamas\u0131nda t\u00fcketicilerin, \u00e7evre i\u00e7in po\u015fete 25 kuru\u015f verip fedak\u00e2rl\u0131k yapt\u0131\u011f\u0131n\u0131 hat\u0131rlatan Ero\u011flu, <em>\u201c\u00f6te yandan po\u015fet \u00fcreticileri de azalan t\u00fcketimle i\u015flerinin %70 oran\u0131nda d\u00fc\u015fmesine ra\u011fmen uygulamaya destek verdiler. \u015eimdi elini ta\u015f\u0131n alt\u0131na koyma s\u0131ras\u0131 marketlere geldi. Marketler de 55 kuru\u015f katk\u0131 yaparak \u00e7evresel kamu yarar\u0131 kapsam\u0131nda adaletli bir uygulamaya imza at\u0131lmas\u0131na olanak sunacaklar. \u00dccretli po\u015fet uygulamas\u0131yla t\u00fcketici, 25 kuru\u015fu vermemek i\u00e7in zaten gereksiz al\u0131m\u0131 azallt\u0131. Ancak marketler, kasada \u201cbir po\u015fet daha al\u0131r m\u0131s\u0131n\u0131z?\u201d diyerek po\u015fet satma gayretindeydi. 2023\u2019te po\u015fet 25 kuru\u015ftan sat\u0131lmaya devam edilirse art\u0131k sat\u0131lan her po\u015fet \u00fczerinden market\u00e7inin de kasas\u0131ndan ekstra para \u00e7\u0131kaca\u011f\u0131ndan kasada po\u015fet verilirken daha dikkatli olunacak. Po\u015fet, sat\u0131lacak mal olarak g\u00f6r\u00fclmekten \u00e7\u0131kacak. B\u00f6ylece \u00e7evresel anlamda daha olumlu sonu\u00e7 elde edilecek. Bakanl\u0131\u011f\u0131m\u0131zdan beklentimiz, \u00fccretli po\u015fet \u00fczerinden toplanan bedellerin geri d\u00f6n\u00fc\u015f\u00fcm, depozito gibi \u00e7evresel faaliyetlerde etkin \u015fekilde kullan\u0131lmas\u0131d\u0131r. Devam eden \u00e7evresel projelerin de ivedilikle tamamlanmas\u0131d\u0131r\u201d<\/em> \u015feklinde konu\u015ftu.<\/p>\n<h3><strong>T\u00dcKET\u0130C\u0130N\u0130N \u00d6DED\u0130\u011e\u0130 BEDEL\u0130N KIRILIMI NE?<\/strong><\/h3>\n<p>2022 i\u00e7in GEKAP i\u00e7in al\u0131nan bedel 25 kuru\u015f dolay\u0131s\u0131yla t\u00fcketicinin \u00f6dedi\u011fi 25 kuru\u015fun t\u00fcm\u00fc devletin ba\u015fta geri d\u00f6n\u00fc\u015f\u00fcm olmak \u00fczere, \u00e7evresel faaliyetleri finanse etmek \u00fczere ald\u0131\u011f\u0131 GEKAP pay\u0131na gidiyor. Perakendeciler, t\u00fcketiciye sunduklar\u0131 po\u015fetin fiyat\u0131n\u0131 ise kendileri kar\u015f\u0131l\u0131yor. 2023 y\u0131l\u0131 i\u00e7in fiyat 25 kuru\u015f olarak kalmaya devam ederse, GEKAP pay\u0131, yeniden de\u011ferleme oran\u0131 y\u00fczde 122 olarak a\u00e7\u0131kland\u0131\u011f\u0131ndan ortaya yakla\u015f\u0131k 55 kuru\u015fluk bedel \u00e7\u0131kacak. Bu durumda t\u00fcketiciler, her po\u015fet i\u00e7in 25 kuru\u015f \u00f6derken, perakendeci de yakla\u015f\u0131k 55 kuru\u015fu GEKAP pay\u0131 \u00f6deyecek.<\/p>\n<h3><strong>\u0130LG\u0130L\u0130 MEVZUAT NE D\u0130YOR?<\/strong><\/h3>\n<p>2872 say\u0131l\u0131 \u00c7evre Kanunu\u2019nun ek 13\u2019\u00fcnc\u00fc maddesinde yer alan <em>\u201cPlastik po\u015fetler sat\u0131\u015f noktalar\u0131nda kullan\u0131c\u0131ya veya t\u00fcketiciye \u00fccret kar\u015f\u0131l\u0131\u011f\u0131 verilir\u201d h\u00fckm\u00fc \u00e7er\u00e7evesinde \u00c7evre, \u015eehircilik ve \u0130klim De\u011fi\u015fikli\u011fi Bakanl\u0131\u011f\u0131 taraf\u0131ndan \u201cPlastik Po\u015fetlerin \u00dccretlendirilmesine \u0130li\u015fkin Usul ve Esaslar\u201d yay\u0131mlanarak,<strong> 1 Ocak 2019<\/strong> tarihinde<strong> plastik po\u015fetlerin \u00fccretlendirilmesi uygulamas\u0131<\/strong> ba\u015flat\u0131lm\u0131\u015ft\u0131. Plastik po\u015fetlerin t\u00fcketicilere sat\u0131\u015f birim \u00fccretlerinin belirlenmesinde, Ambalaj At\u0131klar\u0131n\u0131n Kontrol\u00fc Y\u00f6netmeli\u011fi&#8217;nde yer alan \u201cPlastik torbalara uygulanacak \u00fccret, her y\u0131l piyasa ko\u015fullar\u0131 ve ilgili sekt\u00f6r temsilcilerinden olu\u015fan Ambalaj Komisyonunun \u00f6nerisi dikkate al\u0131narak bakanl\u0131k taraf\u0131ndan belirlenir ve takip eden y\u0131l boyunca ge\u00e7erlili\u011fini korur\u201d<\/em> h\u00fckm\u00fc esas al\u0131n\u0131yor.<\/p>","protected":false},"excerpt":{"rendered":"<p>Sorry, this entry is only available in Turkish. For the sake of viewer convenience, the content is shown below in the alternative language. You may click the link to switch the active language. T\u00fcrkiye Perakendeciler Federasyonu Ba\u015fkan\u0131 \u00d6mer D\u00fczg\u00fcn, % 300 zamla po\u015fet fiyat\u0131n\u0131n 75 kuru\u015fa y\u00fckseltilmesini isterken, PAGEV Ba\u015fkan\u0131 Yavuz Ero\u011flu, \u201cpo\u015fet fiyat\u0131 25 [&hellip;]<\/p>\n","protected":false},"author":1,"featured_media":164569,"comment_status":"open","ping_status":"open","sticky":false,"template":"","format":"standard","meta":[],"categories":[53],"tags":[106544,64135],"views":29,"_links":{"self":[{"href":"https:\/\/www.enerjigazetesi.ist\/en\/wp-json\/wp\/v2\/posts\/164564"}],"collection":[{"href":"https:\/\/www.enerjigazetesi.ist\/en\/wp-json\/wp\/v2\/posts"}],"about":[{"href":"https:\/\/www.enerjigazetesi.ist\/en\/wp-json\/wp\/v2\/types\/post"}],"author":[{"embeddable":true,"href":"https:\/\/www.enerjigazetesi.ist\/en\/wp-json\/wp\/v2\/users\/1"}],"replies":[{"embeddable":true,"href":"https:\/\/www.enerjigazetesi.ist\/en\/wp-json\/wp\/v2\/comments?post=164564"}],"version-history":[{"count":0,"href":"https:\/\/www.enerjigazetesi.ist\/en\/wp-json\/wp\/v2\/posts\/164564\/revisions"}],"wp:featuredmedia":[{"embeddable":true,"href":"https:\/\/www.enerjigazetesi.ist\/en\/wp-json\/wp\/v2\/media\/164569"}],"wp:attachment":[{"href":"https:\/\/www.enerjigazetesi.ist\/en\/wp-json\/wp\/v2\/media?parent=164564"}],"wp:term":[{"taxonomy":"category","embeddable":true,"href":"https:\/\/www.enerjigazetesi.ist\/en\/wp-json\/wp\/v2\/categories?post=164564"},{"taxonomy":"post_tag","embeddable":true,"href":"https:\/\/www.enerjigazetesi.ist\/en\/wp-json\/wp\/v2\/tags?post=164564"}],"curies":[{"name":"wp","href":"https:\/\/api.w.org\/{rel}","templated":true}]}}