{"id":164550,"date":"2022-12-04T22:10:41","date_gmt":"2022-12-04T19:10:41","guid":{"rendered":"https:\/\/www.enerjigazetesi.ist\/?p=164550"},"modified":"2022-12-04T22:10:41","modified_gmt":"2022-12-04T19:10:41","slug":"guyad-temsan-carport-elektrikli-arac-sarj-istasyonunun-acilisi-yapildi","status":"publish","type":"post","link":"https:\/\/www.enerjigazetesi.ist\/en\/guyad-temsan-carport-elektrikli-arac-sarj-istasyonunun-acilisi-yapildi\/","title":{"rendered":"(Turkish) G\u00dcYAD TEMSAN CarPort Elektrikli Ara\u00e7 \u015earj \u0130stasyonu\u2019nun A\u00e7\u0131l\u0131\u015f\u0131 Yap\u0131ld\u0131"},"content":{"rendered":"<p class=\"qtranxs-available-languages-message qtranxs-available-languages-message-en\">Sorry, this entry is only available in <a href=\"https:\/\/www.enerjigazetesi.ist\/tr\/wp-json\/wp\/v2\/posts\/164550\" class=\"qtranxs-available-language-link qtranxs-available-language-link-tr\" title=\"Turkish\">Turkish<\/a>. For the sake of viewer convenience, the content is shown below in the alternative language. You may click the link to switch the active language.<\/p><p><\/p>\n<h2><strong>T\u00fcrkiye\u2019nin ilk CarPort uygulamalar\u0131ndan biri olan ve pandemi d\u00f6nemi k\u0131s\u0131tlamalar\u0131 nedeniyle a\u00e7\u0131l\u0131\u015f\u0131 yap\u0131lamayan TEMSAN G\u00dcYAD CarPort elektrikli ara\u00e7 \u015farj istasyonunun a\u00e7\u0131l\u0131\u015f\u0131 29 Kas\u0131m&#8217;da sade bir t\u00f6renle yap\u0131ld\u0131.<\/strong><\/h2>\n<h2><strong><img loading=\"lazy\" class=\"alignright wp-image-164553\" src=\"https:\/\/www.enerjigazetesi.ist\/wp-content\/uploads\/2022\/12\/guyad-temsan-carport-elektrikli-arac-sarj-istasyonunun-acilisi-yapildi-2.jpg\" alt=\"\" width=\"320\" height=\"240\" srcset=\"https:\/\/www.enerjigazetesi.ist\/wp-content\/uploads\/2022\/12\/guyad-temsan-carport-elektrikli-arac-sarj-istasyonunun-acilisi-yapildi-2.jpg 550w, https:\/\/www.enerjigazetesi.ist\/wp-content\/uploads\/2022\/12\/guyad-temsan-carport-elektrikli-arac-sarj-istasyonunun-acilisi-yapildi-2-300x225.jpg 300w, https:\/\/www.enerjigazetesi.ist\/wp-content\/uploads\/2022\/12\/guyad-temsan-carport-elektrikli-arac-sarj-istasyonunun-acilisi-yapildi-2-500x375.jpg 500w, https:\/\/www.enerjigazetesi.ist\/wp-content\/uploads\/2022\/12\/guyad-temsan-carport-elektrikli-arac-sarj-istasyonunun-acilisi-yapildi-2-67x50.jpg 67w\" sizes=\"(max-width: 320px) 100vw, 320px\" \/><\/strong><\/h2>\n<p>Kurum \u00e7al\u0131\u015fanlar\u0131n\u0131n da yer ald\u0131\u011f\u0131 t\u00f6rene, <em>Enerji \u0130\u015fleri Genel M\u00fcd\u00fcr Yard\u0131mc\u0131s\u0131 ve TEMSAN Y\u00f6netim Kurulu \u00dcyesi Ramazan Usta, TEMSAN Genel M\u00fcd\u00fcr\u00fc Fatih \u00d6zt\u00fcrk, G\u00dcYAD Ba\u015fkan\u0131 Cem \u00d6zk\u00f6k, G\u00dcYAD Y\u00f6netim Kurulu \u00dcyesi K\u00fcr\u015fat Tezkan, G\u00dcYAD Genel Sekreteri Berke Ayg\u00fcn ve TEMSAN Genel M\u00fcd\u00fcr Yard\u0131mc\u0131lar\u0131<\/em> kat\u0131ld\u0131.<\/p>\n<p>T\u00f6rende k\u0131sa bir konu\u015fma yapan ve <strong>istasyonun teknik \u00f6zellikleri hakk\u0131nda<\/strong> bilgi veren<em> TEMSAN Genel M\u00fcd\u00fcr\u00fc<\/em> <strong>Fatih \u00d6zt\u00fcrk<\/strong>, yenilenebilir kaynaklardan beslenen <strong>depolamal\u0131 \u015farj istasyonu<\/strong> ile \u00e7e\u015fitli teknik analizlerin de yap\u0131laca\u011f\u0131n\u0131 belirterek TEMSAN olarak bu t\u00fcr uygulamalarla <strong>iklim de\u011fi\u015fikli\u011fi<\/strong> ve <strong>karbon ayak izinin azalt\u0131lmas\u0131<\/strong> i\u00e7in katk\u0131 sa\u011flamaya devam edeceklerini belirtti.<\/p>\n<p><strong>G\u00dcYAD Ba\u015fkan\u0131 Cem \u00d6zk\u00f6k\u00a0<\/strong>de, \u00fcyelerinin tamam\u0131 <strong>t\u00fczel ki\u015filik stat\u00fcs\u00fcne<\/strong> haiz olan; T\u00fcrkiye yenilenebilir enerji \u00fcretim kapasitesinin <strong>% 90<\/strong>\u2019\u0131ndan fazlas\u0131n\u0131 temsil eden ve g\u00fcne\u015f enerjisi ba\u015fta olmak \u00fczere <strong>yenilenebilir enerjiye<\/strong> y\u00f6n veren grup \u015firketlerinden olu\u015fan <strong>G\u00dcYAD<\/strong>\u2019\u0131n <strong>benzer \u00f6nc\u00fc \u00e7al\u0131\u015fmalar\u0131n\u0131<\/strong> devam ettirece\u011fini kaydetti.<\/p>","protected":false},"excerpt":{"rendered":"<p>Sorry, this entry is only available in Turkish. For the sake of viewer convenience, the content is shown below in the alternative language. You may click the link to switch the active language. T\u00fcrkiye\u2019nin ilk CarPort uygulamalar\u0131ndan biri olan ve pandemi d\u00f6nemi k\u0131s\u0131tlamalar\u0131 nedeniyle a\u00e7\u0131l\u0131\u015f\u0131 yap\u0131lamayan TEMSAN G\u00dcYAD CarPort elektrikli ara\u00e7 \u015farj istasyonunun a\u00e7\u0131l\u0131\u015f\u0131 29 [&hellip;]<\/p>\n","protected":false},"author":1,"featured_media":164554,"comment_status":"open","ping_status":"open","sticky":false,"template":"","format":"standard","meta":[],"categories":[51,53,49],"tags":[106542,13901,2206,32192,5550],"views":65,"_links":{"self":[{"href":"https:\/\/www.enerjigazetesi.ist\/en\/wp-json\/wp\/v2\/posts\/164550"}],"collection":[{"href":"https:\/\/www.enerjigazetesi.ist\/en\/wp-json\/wp\/v2\/posts"}],"about":[{"href":"https:\/\/www.enerjigazetesi.ist\/en\/wp-json\/wp\/v2\/types\/post"}],"author":[{"embeddable":true,"href":"https:\/\/www.enerjigazetesi.ist\/en\/wp-json\/wp\/v2\/users\/1"}],"replies":[{"embeddable":true,"href":"https:\/\/www.enerjigazetesi.ist\/en\/wp-json\/wp\/v2\/comments?post=164550"}],"version-history":[{"count":0,"href":"https:\/\/www.enerjigazetesi.ist\/en\/wp-json\/wp\/v2\/posts\/164550\/revisions"}],"wp:featuredmedia":[{"embeddable":true,"href":"https:\/\/www.enerjigazetesi.ist\/en\/wp-json\/wp\/v2\/media\/164554"}],"wp:attachment":[{"href":"https:\/\/www.enerjigazetesi.ist\/en\/wp-json\/wp\/v2\/media?parent=164550"}],"wp:term":[{"taxonomy":"category","embeddable":true,"href":"https:\/\/www.enerjigazetesi.ist\/en\/wp-json\/wp\/v2\/categories?post=164550"},{"taxonomy":"post_tag","embeddable":true,"href":"https:\/\/www.enerjigazetesi.ist\/en\/wp-json\/wp\/v2\/tags?post=164550"}],"curies":[{"name":"wp","href":"https:\/\/api.w.org\/{rel}","templated":true}]}}