{"id":164521,"date":"2022-12-04T15:36:25","date_gmt":"2022-12-04T12:36:25","guid":{"rendered":"https:\/\/www.enerjigazetesi.ist\/?p=164521"},"modified":"2022-12-04T15:47:25","modified_gmt":"2022-12-04T12:47:25","slug":"yarini-kodlayanlar-projesinde-gencler-cocuk-dostu-sehirler-icin-fikir-uretti","status":"publish","type":"post","link":"https:\/\/www.enerjigazetesi.ist\/en\/yarini-kodlayanlar-projesinde-gencler-cocuk-dostu-sehirler-icin-fikir-uretti\/","title":{"rendered":"(Turkish) &#8217;Yar\u0131n\u0131 Kodlayanlar Projesi&#8217;nde \u00c7ocuk Dostu \u015eehirler \u0130\u00e7in Fikir \u00dcretildi"},"content":{"rendered":"<p class=\"qtranxs-available-languages-message qtranxs-available-languages-message-en\">Sorry, this entry is only available in <a href=\"https:\/\/www.enerjigazetesi.ist\/tr\/wp-json\/wp\/v2\/posts\/164521\" class=\"qtranxs-available-language-link qtranxs-available-language-link-tr\" title=\"Turkish\">Turkish<\/a>. For the sake of viewer convenience, the content is shown below in the alternative language. You may click the link to switch the active language.<\/p><p><\/p>\n<h2><strong>T\u00fcrkiye Vodafone Vakf\u0131<\/strong>\u00a0ve <strong>Habitat Derne\u011fi\u00a0<\/strong>taraf\u0131ndan hayata ge\u00e7irilen <strong>\u201cYar\u0131n\u0131 Kodlayanlar\u201d<\/strong> projesi, \u00e7ocuk ve gen\u00e7leri dijital gelece\u011fe haz\u0131rlamaya devam ediyor. T\u00fcrkiye\u2019nin d\u00f6rt bir yan\u0131nda 290 bini a\u015fk\u0131n \u00e7ocu\u011fa ula\u015fan proje kapsam\u0131nda ortaokul ve lise \u00f6\u011frencilerine y\u00f6nelik e\u015f zamanl\u0131 olarak hackathon ve ideathon d\u00fczenlendi.<\/h2>\n<p style=\"text-align: center;\"><img loading=\"lazy\" class=\"aligncenter wp-image-164523\" src=\"https:\/\/www.enerjigazetesi.ist\/wp-content\/uploads\/2022\/12\/01-2.jpg\" alt=\"\" width=\"500\" height=\"263\" srcset=\"https:\/\/www.enerjigazetesi.ist\/wp-content\/uploads\/2022\/12\/01-2.jpg 812w, https:\/\/www.enerjigazetesi.ist\/wp-content\/uploads\/2022\/12\/01-2-300x158.jpg 300w, https:\/\/www.enerjigazetesi.ist\/wp-content\/uploads\/2022\/12\/01-2-768x404.jpg 768w, https:\/\/www.enerjigazetesi.ist\/wp-content\/uploads\/2022\/12\/01-2-500x263.jpg 500w, https:\/\/www.enerjigazetesi.ist\/wp-content\/uploads\/2022\/12\/01-2-80x42.jpg 80w\" sizes=\"(max-width: 500px) 100vw, 500px\" \/><\/p>\n<p><strong>\u201cBEST4City: \u00c7ocuk Dostu \u015eehirler Hackathonu ve \u0130deathonu\u201d<\/strong> ad\u0131yla <strong>online olarak<\/strong> d\u00fczenlenen ve toplam <strong>10 tak\u0131m<\/strong> halinde <strong>45 \u00f6\u011frencinin<\/strong> yar\u0131\u015ft\u0131\u011f\u0131 etkinlikte, kat\u0131l\u0131mc\u0131lar <strong>ak\u0131ll\u0131<\/strong> ve <strong>\u00e7ocuk dostu \u015fehirler geli\u015ftirmek<\/strong> i\u00e7in fikir \u00fcretti.<\/p>\n<p>Etkinli\u011fin ideathon b\u00f6l\u00fcm\u00fcnde <strong>Rabia Naz Yaz\u0131c\u0131<\/strong> ve <strong>H\u00fcseyin Ayaz Yazc\u0131<\/strong>\u2019dan olu\u015fan <strong>\u201cGreen City\u201d<\/strong> tak\u0131m\u0131 birinci;\u00a0Alya Yan\u0131k ve Zeynep Duru O\u011fuz\u2019dan\u00a0olu\u015fan <strong>\u201cALZEY\u201d<\/strong> tak\u0131m\u0131 ikinci;\u00a0Ali Mert Emil ve Pamir Yal\u00e7\u0131nta\u015f\u2019tan\u00a0olu\u015fan <strong>\u201cF\u0131rt\u0131na Beyinler\u201d<\/strong> tak\u0131m\u0131 ise \u00fc\u00e7\u00fcnc\u00fc oldu. Hackathonda ise Ceylin Naz Tut\u011fa\u00e7 ve \u0130dil Erdo\u011fan\u2019dan olu\u015fan <strong>\u201c\u00c7evre Koruyucular\u0131\u201d<\/strong> tak\u0131m\u0131 birinci; Cafer Berat G\u00fclsoy, Enes Yan\u0131kbay\u0131r, Esma Nur P\u0131nar ve Taha Kardan\u2019dan olu\u015fan <strong>\u201cYe\u015fili Sevenler\u201d\u00a0<\/strong>tak\u0131m\u0131 ikinci; Metin \u00c7oban, Samed Kuru, Bekir \u015eahin ve Arda Kadir Bayar\u2019dan olu\u015fan <strong>\u201cDalton Karde\u015fler\u201d<\/strong> tak\u0131m\u0131 ise \u00fc\u00e7\u00fcnc\u00fc oldu.<\/p>\n<p><strong>T\u00fcrkiye Vodafone Vakf\u0131 Ba\u015fkan\u0131 Hasan S\u00fcel,\u00a0<\/strong><span style=\"text-decoration: underline;\">\u015funlar\u0131 s\u00f6yledi:<\/span><\/p>\n<p><em>\u201cT\u00fcrkiye Vodafone Vakf\u0131 ve Habitat Derne\u011fi olarak,\u00a0dijital gelece\u011fe haz\u0131r nesiller yeti\u015ftirme hedefiyle <img loading=\"lazy\" class=\"alignright wp-image-164525\" src=\"https:\/\/www.enerjigazetesi.ist\/wp-content\/uploads\/2022\/12\/1670135250_sezai_haz_r.jpg\" alt=\"\" width=\"300\" height=\"300\" srcset=\"https:\/\/www.enerjigazetesi.ist\/wp-content\/uploads\/2022\/12\/1670135250_sezai_haz_r.jpg 550w, https:\/\/www.enerjigazetesi.ist\/wp-content\/uploads\/2022\/12\/1670135250_sezai_haz_r-300x300.jpg 300w, https:\/\/www.enerjigazetesi.ist\/wp-content\/uploads\/2022\/12\/1670135250_sezai_haz_r-150x150.jpg 150w, https:\/\/www.enerjigazetesi.ist\/wp-content\/uploads\/2022\/12\/1670135250_sezai_haz_r-400x400.jpg 400w, https:\/\/www.enerjigazetesi.ist\/wp-content\/uploads\/2022\/12\/1670135250_sezai_haz_r-50x50.jpg 50w, https:\/\/www.enerjigazetesi.ist\/wp-content\/uploads\/2022\/12\/1670135250_sezai_haz_r-100x100.jpg 100w, https:\/\/www.enerjigazetesi.ist\/wp-content\/uploads\/2022\/12\/1670135250_sezai_haz_r-500x500.jpg 500w\" sizes=\"(max-width: 300px) 100vw, 300px\" \/>6 y\u0131l \u00f6nce\u00a0ba\u015flatt\u0131\u011f\u0131m\u0131z \u2018Yar\u0131n\u0131 Kodlayanlar\u2019 projesini\u00a0b\u00fcy\u00fck bir kararl\u0131l\u0131kla s\u00fcrd\u00fcr\u00fcyoruz.\u00a0\u2018Yar\u0131n\u0131 Kodlayanlar\u2019 projemizle\u00a0t\u00fcketen de\u011fil, \u00fcreten bir neslin yeti\u015fmesine katk\u0131da bulunmak istiyoruz.\u00a0Bug\u00fcne kadar 81 ilde 290 binin \u00fczerinde \u00e7ocu\u011fumuza kodlama \u00f6\u011frettik. E\u011fitimlerin yan\u0131 s\u0131ra hackathon ve ideathonlarla da \u00e7ocuk ve gen\u00e7lerimizin somut toplumsal sorunlara \u00e7\u00f6z\u00fcm \u00fcretmelerini hedefliyoruz. G\u00fcn\u00fcm\u00fczde s\u00fcrd\u00fcr\u00fclebilir \u015fehir ya\u015fam\u0131n\u0131n \u00f6nemi her ge\u00e7en g\u00fcn art\u0131yor. Buna paralel olarak, ak\u0131ll\u0131 \u015fehir uygulamalar\u0131 h\u0131zla yayg\u0131nla\u015f\u0131yor. Bu uygulamalar\u0131n \u00e7ocuk dostu olmas\u0131 \u00f6nem ta\u015f\u0131yor. Biz de \u2018BEST4City: \u00c7ocuk Dostu \u015eehirler Hackathonu ve \u0130deathonu\u2019 ad\u0131yla d\u00fczenledi\u011fimiz etkinlikte ortaokul ve lise \u00f6\u011frencilerine ak\u0131ll\u0131 ve \u00e7ocuk dostu \u015fehirler geli\u015ftirmek i\u00e7in fikir \u00fcretme imk\u00e2n\u0131 sunduk. Tak\u0131mlar, ortaya koyduklar\u0131 projelerle \u00e7ocuk haklar\u0131na uygun ve daha g\u00fcvenli \u015fehirler tasarlad\u0131. \u00d6d\u00fcle lay\u0131k g\u00f6r\u00fclen t\u00fcm tak\u0131mlar\u0131 kutluyor, ba\u015far\u0131lar\u0131n\u0131n devam\u0131n\u0131 diliyoruz.\u201d<\/em><\/p>\n<p><strong>Habitat Derne\u011fi Y\u00f6netim Kurulu Ba\u015fkan\u0131 Sezai Haz\u0131r<\/strong>\u00a0ise \u015f\u00f6yle konu\u015ftu:<\/p>\n<p><em>\u201cT\u00fcrkiye Vodafone Vakf\u0131 i\u015f birli\u011fiyle ba\u015flatt\u0131\u011f\u0131m\u0131z ve binlerce \u00e7ocu\u011fun hayat\u0131na dokunan \u2018Yar\u0131n\u0131 <img loading=\"lazy\" class=\"alignleft wp-image-164524\" src=\"https:\/\/www.enerjigazetesi.ist\/wp-content\/uploads\/2022\/12\/1670135267_hasan_suel_5721_5229.jpg\" alt=\"\" width=\"300\" height=\"200\" srcset=\"https:\/\/www.enerjigazetesi.ist\/wp-content\/uploads\/2022\/12\/1670135267_hasan_suel_5721_5229.jpg 550w, https:\/\/www.enerjigazetesi.ist\/wp-content\/uploads\/2022\/12\/1670135267_hasan_suel_5721_5229-300x200.jpg 300w, https:\/\/www.enerjigazetesi.ist\/wp-content\/uploads\/2022\/12\/1670135267_hasan_suel_5721_5229-500x334.jpg 500w, https:\/\/www.enerjigazetesi.ist\/wp-content\/uploads\/2022\/12\/1670135267_hasan_suel_5721_5229-75x50.jpg 75w, https:\/\/www.enerjigazetesi.ist\/wp-content\/uploads\/2022\/12\/1670135267_hasan_suel_5721_5229-450x300.jpg 450w\" sizes=\"(max-width: 300px) 100vw, 300px\" \/>Kodlayanlar\u2019 projemizde \u00e7al\u0131\u015fmalar\u0131m\u0131za devam ediyoruz. Ge\u00e7ti\u011fimiz s\u00fcre\u00e7, kodlama bilmenin okuma yazma bilmek kadar \u00f6nemli oldu\u011funu g\u00f6sterdi. Biz de projemizle \u00fclkemizin ya\u015fad\u0131\u011f\u0131 dijital d\u00f6n\u00fc\u015f\u00fcme \u00f6nc\u00fc olan s\u00fcre\u00e7ler geli\u015ftirerek, \u00e7ocuklar\u0131n gelece\u011fin dijital d\u00fcnyas\u0131na haz\u0131rlanmas\u0131na katk\u0131 sa\u011flamaya devam edece\u011fiz. \u00c7ocuklar\u0131m\u0131z\u0131n sadece teknolojiyi t\u00fcketmesini de\u011fil, yeni nesil teknolojileri geli\u015ftirmesini de ama\u00e7l\u0131yoruz. Bu amac\u0131m\u0131za y\u00f6nelik ger\u00e7ekle\u015ftirdi\u011fimiz hackathon ve ideathonlarla \u00e7ocuklar\u0131n i\u00e7indeki yarat\u0131c\u0131 g\u00fcc\u00fc ortaya \u00e7\u0131karmalar\u0131n\u0131 \u00f6nemsiyoruz. \u2018Best4City: \u00c7ocuk Dostu \u015eehirler Hackathon ve \u0130deathonu\u2019 ile \u00e7ocuklar\u0131n kendilerini mutlu, g\u00fcvenli ve huzurlu hissedecekleri \u015fehirler tasarlamalar\u0131n\u0131 sa\u011flad\u0131k. Gelece\u011fin ak\u0131ll\u0131 \u015fehirlerinde ya\u015fayacak \u00e7ocuklar\u0131n bu tasar\u0131mlar\u0131 yapmalar\u0131n\u0131 ve proje geli\u015ftirmelerini \u00f6nemsiyoruz. \u00c7ocuklar\u0131n hayal g\u00fcc\u00fcyle ger\u00e7ekle\u015fecek projeler gelece\u011fin \u015fehirlerini de \u015fekillendirecek. T\u00fcrkiye\u2019nin dijital d\u00f6n\u00fc\u015f\u00fcm\u00fcne katk\u0131 sa\u011flamaya ve gelecek nesilleri yeni teknolojilerle tan\u0131\u015ft\u0131rmaya devam edece\u011fiz.\u201d<\/em><\/p>\n<h3><strong>\u0130ki g\u00fcnl\u00fck yo\u011fun program<\/strong><\/h3>\n<p><strong>\u201cBEST4City: \u00c7ocuk Dostu \u015eehirler Hackathonu ve \u0130deathonu\u201d<\/strong> kapsam\u0131nda \u00f6\u011frencilere 2 g\u00fcn boyunca <strong>\u00e7ocuk haklar\u0131, tasar\u0131m odakl\u0131 d\u00fc\u015f\u00fcnme<\/strong> ve <strong>etkili sunum teknikleri<\/strong> gibi konularda e\u011fitimler verildi. Tak\u0131mlar, bu s\u00fcre\u00e7te e\u011fitim ve mentorluk oturumlar\u0131na kat\u0131larak projelerini geli\u015ftirdi. Mentor oturumlar\u0131yla projelerini geli\u015ftiren tak\u0131mlar, \u00f6n j\u00fcri ve j\u00fcri de\u011ferlendirmesi i\u00e7in sunum haz\u0131rlad\u0131. Hackathon ve ideathon s\u00fcrecinin e\u015f zamanl\u0131 olarak ger\u00e7ekle\u015fti\u011fi oturumlarda lise \u00f6\u011frencileri projelerini olu\u015ftururken, ortaokul \u00f6\u011frencileri de fikirlerini geli\u015ftirdi.<\/p>\n<h3><strong>Yarat\u0131c\u0131 fikirler be\u011feni toplad\u0131<\/strong><\/h3>\n<p>\u0130deathon birincisi\u00a0<strong>\u201cGreen City\u201d<\/strong>\u00a0tak\u0131m\u0131n\u0131n \u00e7ocuk k\u00f6y\u00fc projesinde, \u00e7ocuklar huzurevlerinde kalan ve \u00e7ok fazla deneyime sahip olan ya\u015fl\u0131lardan deneyimleri \u00fczerine bilgi al\u0131yor. \u0130kinci gelen\u00a0<strong>\u201cALZEY\u201d<\/strong>\u00a0tak\u0131m\u0131n\u0131n projesinde, sokak \u00e7ocuklar\u0131n\u0131n beslenme, bar\u0131nma, sa\u011fl\u0131k, e\u011fitim ve psikolojik destek gibi t\u00fcm temel ihtiya\u00e7lar\u0131n\u0131n kar\u015f\u0131lanmas\u0131 ama\u00e7lan\u0131yor. \u00dc\u00e7\u00fcnc\u00fc olan tak\u0131m\u00a0<strong>\u201cF\u0131rt\u0131na Beyinler\u201d<\/strong>in projesi ise \u00e7ocuklara geri d\u00f6n\u00fc\u015f\u00fcm bilincini a\u015f\u0131layarak \u00e7evrede olu\u015fan \u00e7\u00f6pleri ayr\u0131\u015ft\u0131rmay\u0131 ve bunlar\u0131n tekrar kullan\u0131l\u0131p geri d\u00f6n\u00fc\u015f\u00fcm\u00fcn\u00fc sa\u011flamay\u0131 hedefliyor.<\/p>\n<p>Di\u011fer yandan, hackathon birincisi\u00a0<strong>\u201c\u00c7evre Koruyucular\u0131\u201d<\/strong>\u00a0tak\u0131m\u0131n\u0131n projesinde, \u00e7ekirdek ve benzeri yemi\u015flerin yere at\u0131lmas\u0131n\u0131 \u00f6nlemek ve \u00e7evreyi korumak amac\u0131yla banklar\u0131n alt\u0131na g\u00fcne\u015f enerjisiyle \u00e7al\u0131\u015fan sens\u00f6rl\u00fc bir \u00e7\u00f6p kutusu yerle\u015ftiriliyor. \u0130kinci gelen\u00a0<strong>\u201cYe\u015fili Sevenler\u201d<\/strong>\u00a0tak\u0131m\u0131n\u0131n geli\u015ftirdi\u011fi proje, Bluetooth ile kontrol edilen, \u00fczerine yerle\u015ftirilmi\u015f, su verilerini \u00f6l\u00e7en radar ve termal kameralar sayesinde suda y\u00fczerken su de\u011ferlerini ki\u015fiye g\u00f6steren ve belli bir kirlilik seviyesinin \u00fcst\u00fcne \u00e7\u0131k\u0131ld\u0131\u011f\u0131nda haber veren bir gemiden olu\u015fuyor. \u00dc\u00e7\u00fcnc\u00fc tak\u0131m\u00a0<strong>\u201cDalton Karde\u015fler\u201d<\/strong>in projesinde ise \u00e7arp\u0131k kentle\u015fmenin \u00f6nlendi\u011fi, \u00e7ocuklar i\u00e7in daha sa\u011fl\u0131kl\u0131 bir ya\u015fam ortam\u0131n\u0131n sunuldu\u011fu, fosil yak\u0131tlar\u0131n \u00e7ok az kullan\u0131ld\u0131\u011f\u0131, \u00e7evrenin ise daha temiz oldu\u011fu bir ya\u015fam alan\u0131 olu\u015fturulmas\u0131 hedefleniyor.<\/p>\n<h3><strong>Teknoloji \u00e7eki hediye edildi\u00a0<\/strong><\/h3>\n<p>\u201cBEST4City: \u00c7ocuk Dostu \u015eehirler Hackathonu ve \u0130deathonu\u201dnu kazanan \u00f6\u011frencilere fikir ve projelerini geli\u015ftirmeleri i\u00e7in \u00f6d\u00fcl olarak teknoloji \u00e7ekleri verildi. Buna g\u00f6re, birinci olan tak\u0131mlara <strong>15 bin TL,<\/strong> ikinci olan tak\u0131mlara <strong>10 bin TL<\/strong> ve \u00fc\u00e7\u00fcnc\u00fc olan tak\u0131mlara <strong>5 bin TL<\/strong> de\u011ferinde teknoloji hediye \u00e7ekleri sunuldu.<\/p>\n<h3><strong>290 bini a\u015fk\u0131n \u00e7ocu\u011fa ula\u015f\u0131ld\u0131<\/strong><\/h3>\n<p><strong>\u201cYar\u0131n\u0131 Kodlayanlar\u201d projesiyle,<\/strong> T\u00fcrkiye\u2019nin d\u00f6rt bir yan\u0131nda ya\u015flar\u0131 7-14 aras\u0131nda de\u011fi\u015fen \u00e7ocuklara\u00a0g\u00f6n\u00fcll\u00fc e\u011fitmenlerin y\u00f6netiminde programlamaya giri\u015f, algoritma mant\u0131\u011f\u0131, uygulama yapma, hik\u00e2ye olu\u015fturma ve oyun yapma gibi konularda teorik ve uygulamal\u0131 e\u011fitimler veriliyor. Bug\u00fcne kadar <strong>81 ilde 290 bini a\u015fk\u0131n<\/strong> \u00e7ocu\u011fa ula\u015fan proje kapsam\u0131nda son 1 y\u0131lda elde edilen toplam sosyal de\u011fer <strong>14 milyon TL<\/strong> olurken, projeye yap\u0131lan her<strong>\u00a01 TL\u2019lik<\/strong> yat\u0131r\u0131m <strong>7,7 TL<\/strong> de\u011ferinde sosyal fayda yaratt\u0131.\u00a0\u201cYar\u0131n\u0131 Kodlayanlar\u201d e\u011fitimlerine online e\u011fitim platformu <strong>Yarinikodlayanlar.com<\/strong> \u00fczerinden de \u00fccretsiz ula\u015f\u0131labiliyor.<\/p>","protected":false},"excerpt":{"rendered":"<p>Sorry, this entry is only available in Turkish. For the sake of viewer convenience, the content is shown below in the alternative language. You may click the link to switch the active language. T\u00fcrkiye Vodafone Vakf\u0131\u00a0ve Habitat Derne\u011fi\u00a0taraf\u0131ndan hayata ge\u00e7irilen \u201cYar\u0131n\u0131 Kodlayanlar\u201d projesi, \u00e7ocuk ve gen\u00e7leri dijital gelece\u011fe haz\u0131rlamaya devam ediyor. T\u00fcrkiye\u2019nin d\u00f6rt bir yan\u0131nda [&hellip;]<\/p>\n","protected":false},"author":1,"featured_media":164523,"comment_status":"open","ping_status":"open","sticky":false,"template":"","format":"standard","meta":[],"categories":[53,157],"tags":[106533,106532,70794],"views":45,"_links":{"self":[{"href":"https:\/\/www.enerjigazetesi.ist\/en\/wp-json\/wp\/v2\/posts\/164521"}],"collection":[{"href":"https:\/\/www.enerjigazetesi.ist\/en\/wp-json\/wp\/v2\/posts"}],"about":[{"href":"https:\/\/www.enerjigazetesi.ist\/en\/wp-json\/wp\/v2\/types\/post"}],"author":[{"embeddable":true,"href":"https:\/\/www.enerjigazetesi.ist\/en\/wp-json\/wp\/v2\/users\/1"}],"replies":[{"embeddable":true,"href":"https:\/\/www.enerjigazetesi.ist\/en\/wp-json\/wp\/v2\/comments?post=164521"}],"version-history":[{"count":0,"href":"https:\/\/www.enerjigazetesi.ist\/en\/wp-json\/wp\/v2\/posts\/164521\/revisions"}],"wp:featuredmedia":[{"embeddable":true,"href":"https:\/\/www.enerjigazetesi.ist\/en\/wp-json\/wp\/v2\/media\/164523"}],"wp:attachment":[{"href":"https:\/\/www.enerjigazetesi.ist\/en\/wp-json\/wp\/v2\/media?parent=164521"}],"wp:term":[{"taxonomy":"category","embeddable":true,"href":"https:\/\/www.enerjigazetesi.ist\/en\/wp-json\/wp\/v2\/categories?post=164521"},{"taxonomy":"post_tag","embeddable":true,"href":"https:\/\/www.enerjigazetesi.ist\/en\/wp-json\/wp\/v2\/tags?post=164521"}],"curies":[{"name":"wp","href":"https:\/\/api.w.org\/{rel}","templated":true}]}}