{"id":164502,"date":"2022-12-03T16:26:56","date_gmt":"2022-12-03T13:26:56","guid":{"rendered":"https:\/\/www.enerjigazetesi.ist\/?p=164502"},"modified":"2022-12-03T16:39:57","modified_gmt":"2022-12-03T13:39:57","slug":"sirketlerin-deneyim-paylasimi-tusiad-sd2nin-7-araliktaki-step-etkinliginde","status":"publish","type":"post","link":"https:\/\/www.enerjigazetesi.ist\/en\/sirketlerin-deneyim-paylasimi-tusiad-sd2nin-7-araliktaki-step-etkinliginde\/","title":{"rendered":"(Turkish) \u015eirketlerin Deneyim Payla\u015f\u0131m\u0131\u00a0T\u00dcS\u0130AD SD2&#8217;nin 7 Aral\u0131k&#8217;taki STEP Etkinli\u011finde"},"content":{"rendered":"<p class=\"qtranxs-available-languages-message qtranxs-available-languages-message-en\">Sorry, this entry is only available in <a href=\"https:\/\/www.enerjigazetesi.ist\/tr\/wp-json\/wp\/v2\/posts\/164502\" class=\"qtranxs-available-language-link qtranxs-available-language-link-tr\" title=\"Turkish\">Turkish<\/a>. For the sake of viewer convenience, the content is shown below in the alternative language. You may click the link to switch the active language.<\/p><p><\/p>\n<h2><strong>T\u00dcS\u0130AD&#8217;\u0131n T\u00fcrkiye sanayisinin d\u00f6n\u00fc\u015f\u00fcm\u00fcne destek sa\u011flayabilmek amac\u0131yla y\u00fcr\u00fctt\u00fc\u011f\u00fc T\u00dcS\u0130AD Sanayide Dijital D\u00f6n\u00fc\u015f\u00fcm Program\u0131&#8217;n\u0131n (T\u00dcS\u0130AD SD<sup>2<\/sup>) STEP (Sanayi-Teknoloji Entegrasyon Program\u0131) etkinli\u011fi 7 Aral\u0131k \u00c7ar\u015famba g\u00fcn\u00fc, 08:30&#8217;dan itibaren Sabanc\u0131 Center&#8217;da ger\u00e7ekle\u015fecek.<\/strong> <strong>Alan\u0131nda uzman isimlerin konu\u015fmac\u0131 ve panelist olarak kat\u0131laca\u011f\u0131 STEP&#8217;te \u015firketler i\u00e7in \u00f6nemli ba\u015fl\u0131klar ele al\u0131nacak.<\/strong><\/h2>\n<p>T\u00dcS\u0130AD SD<sup>2<\/sup>, <strong>6. d\u00f6neminde de<\/strong> teknolojik aray\u0131\u015f\u0131 olan \u015firketlerle teknoloji \u00fcreten KOB\u0130&#8217;leri ve ekosistemin akt\u00f6rlerini STEP&#8217;te bulu\u015fturuyor. <strong>T\u00dcS\u0130AD SD<sup>2<\/sup><\/strong>&#8216;nin 6. \u00e7a\u011fr\u0131 d\u00f6neminde <strong>11 dijital d\u00f6n\u00fc\u015f\u00fcm<\/strong> \u00e7a\u011fr\u0131s\u0131na<strong> teknoloji \u015firketlerinin ba\u015fvurular\u0131<\/strong> al\u0131nd\u0131 ve yap\u0131lacak g\u00f6r\u00fc\u015fmeler sonucunda<img loading=\"lazy\" class=\"alignright wp-image-164506\" src=\"https:\/\/www.enerjigazetesi.ist\/wp-content\/uploads\/2022\/12\/tusiad_sd2_logo.jpg\" alt=\"\" width=\"300\" height=\"190\" srcset=\"https:\/\/www.enerjigazetesi.ist\/wp-content\/uploads\/2022\/12\/tusiad_sd2_logo.jpg 630w, https:\/\/www.enerjigazetesi.ist\/wp-content\/uploads\/2022\/12\/tusiad_sd2_logo-300x190.jpg 300w, https:\/\/www.enerjigazetesi.ist\/wp-content\/uploads\/2022\/12\/tusiad_sd2_logo-500x317.jpg 500w, https:\/\/www.enerjigazetesi.ist\/wp-content\/uploads\/2022\/12\/tusiad_sd2_logo-80x50.jpg 80w\" sizes=\"(max-width: 300px) 100vw, 300px\" \/> <strong>\u015firket e\u015fle\u015fmeleri STEP&#8217;te<\/strong> ger\u00e7ekle\u015ftirilecek.<\/p>\n<p>Ayr\u0131ca, her sene oldu\u011fu gibi <strong>dijital d\u00f6n\u00fc\u015f\u00fcm<\/strong> alan\u0131nda \u015firketlere y\u00f6nelik \u00f6nemli konu ba\u015fl\u0131klar\u0131 de\u011ferli konu\u015fmac\u0131larla <strong>STEP&#8217;te<\/strong> ele al\u0131nacak. <strong>26 konu\u015fmac\u0131n\u0131n<\/strong> g\u00f6r\u00fc\u015f ve \u00f6nerilerini payla\u015faca\u011f\u0131 <strong>STEP oturumlar\u0131<\/strong>, <strong>9.00-13.30 saatleri<\/strong> aras\u0131nda d\u00fczenlenecek.<\/p>\n<p>Oturum ba\u015fl\u0131klar\u0131 \u015funlar olacak: <strong><em>\u201cDijital D\u00f6n\u00fc\u015f\u00fcmde Hukuki Yakla\u015f\u0131m\u201d, \u201cTeknoloji Kullan\u0131c\u0131s\u0131 ve Tedarik\u00e7isinin Kar\u015f\u0131l\u0131kl\u0131 Beklentisi\u201d, \u201cDijital D\u00f6n\u00fc\u015f\u00fcm Yolculu\u011funda Olgunluk \u00d6l\u00e7\u00fcmlemesi\u201d, \u201cT\u00dcS\u0130AD SD<sup>2<\/sup>&#8216;de Yeni Yakla\u015f\u0131m\u201d, \u201cH\u0131zlanan D\u00f6n\u00fc\u015f\u00fcm ve Yetene\u011fe Eri\u015fim\u201d, \u201cVeri Odakl\u0131 D\u00f6n\u00fc\u015f\u00fcm ile H\u0131zlan\u0131n\u201d, \u201cTeknoloji \u015eirketleri i\u00e7in Globale \u00c7\u0131k\u0131\u015f\u201d, \u201cYapay Zekan\u0131n Kullan\u0131m\u0131 ve Gelece\u011fi\u201d, \u201cSanayi Giri\u015fimcili\u011fine Yat\u0131r\u0131m\u201d. <\/em><\/strong><\/p>\n<p>Etkinli\u011fin a\u00e7\u0131l\u0131\u015f konu\u015fmalar\u0131n\u0131, <strong>T\u00dcS\u0130AD Y\u00f6netim Kurulu Ba\u015fkan\u0131 Orhan Turan, T\u00dcS\u0130AD Y\u00f6netim Kurulu \u00dcyesi ve Dijital T\u00fcrkiye Yuvarlak Masas\u0131 E\u015fba\u015fkan\u0131 Perihan \u0130nci, T\u00dcS\u0130AD Y\u00f6netim Kurulu \u00dcyesi ve Dijital T\u00fcrkiye Yuvarlak Masas\u0131 E\u015fba\u015fkan\u0131 \u00c7a\u011fatay \u00d6zdo\u011fru ve T\u00dcS\u0130AD SD<sup>2 \u00a0<\/sup>G\u00f6rev G\u00fcc\u00fc Ba\u015fkan\u0131 Onur Eren <\/strong>yapacak.<\/p>\n<p><strong><em>\u00d6\u011fleden sonra \u015firketlerin g\u00f6r\u00fc\u015fmelerinin ger\u00e7ekle\u015fmesiyle, saat 19.30&#8217;da, Brisa, \u00c7elmak, Dokay, eBebek, Gdz Elektrik, Maxion, Otoko\u00e7 Otomotiv, Tat G\u0131da, Temsa, Teksan ve T\u00fcrkTrakt\u00f6r&#8217;\u00fcn teknoloji \u015firketleri ile <\/em><\/strong>T\u00dcS\u0130AD SD<sup>2<\/sup> 6. \u00c7a\u011fr\u0131 D\u00f6nemi&#8217;ndeki <strong><em>e\u015fle\u015fme sonu\u00e7lar\u0131 a\u00e7\u0131klanacak. <\/em><\/strong><\/p>\n<p><strong><em>\u00a0<\/em><\/strong>Dijital d\u00f6n\u00fc\u015f\u00fcm ekosisteminin \u00f6nemli etkinliklerinden olan STEP&#8217;te, T\u00dcS\u0130AD SD<sup>2<\/sup>&#8216;nin destek\u00e7ileri <em>HPE ve Intel (Alt\u0131n Sponsor), G\u00fcn+Partners Avukatl\u0131k B\u00fcrosu (Hukuki Destek Payda\u015f\u0131), Schneider Electric (Bronz Sponsor) ile IFS (Panel Sponsoru) de<\/em> yer alacak.<\/p>\n<p><strong>T\u00dcS\u0130AD SD<sup>2<\/sup> STEP\u201d<\/strong><\/p>\n<p><strong>Tarih: 7 Aral\u0131k 2022 <\/strong><br \/>\n<strong>Saat: 08.30 \u2013 19.45<\/strong><br \/>\n<em>Detayl\u0131 program a\u015fa\u011f\u0131da yer almaktad\u0131r.<\/em><\/p>\n<p><strong>LCV: <\/strong>Ceylan Naza \/ <a href=\"mailto:ceylann@marjinal.com.tr\">ceylann@marjinal.com.tr<\/a> \/ 0533 927 23 94<\/p>\n<p style=\"text-align: center;\"><img loading=\"lazy\" class=\"aligncenter size-full wp-image-164504\" src=\"https:\/\/www.enerjigazetesi.ist\/wp-content\/uploads\/2022\/12\/step_program_12_22.jpg\" alt=\"\" width=\"550\" height=\"779\" srcset=\"https:\/\/www.enerjigazetesi.ist\/wp-content\/uploads\/2022\/12\/step_program_12_22.jpg 550w, https:\/\/www.enerjigazetesi.ist\/wp-content\/uploads\/2022\/12\/step_program_12_22-212x300.jpg 212w, https:\/\/www.enerjigazetesi.ist\/wp-content\/uploads\/2022\/12\/step_program_12_22-282x400.jpg 282w, https:\/\/www.enerjigazetesi.ist\/wp-content\/uploads\/2022\/12\/step_program_12_22-35x50.jpg 35w, https:\/\/www.enerjigazetesi.ist\/wp-content\/uploads\/2022\/12\/step_program_12_22-500x708.jpg 500w\" sizes=\"(max-width: 550px) 100vw, 550px\" \/><\/p>\n<p><\/p>","protected":false},"excerpt":{"rendered":"<p>Sorry, this entry is only available in Turkish. For the sake of viewer convenience, the content is shown below in the alternative language. You may click the link to switch the active language. T\u00dcS\u0130AD&#8217;\u0131n T\u00fcrkiye sanayisinin d\u00f6n\u00fc\u015f\u00fcm\u00fcne destek sa\u011flayabilmek amac\u0131yla y\u00fcr\u00fctt\u00fc\u011f\u00fc T\u00dcS\u0130AD Sanayide Dijital D\u00f6n\u00fc\u015f\u00fcm Program\u0131&#8217;n\u0131n (T\u00dcS\u0130AD SD2) STEP (Sanayi-Teknoloji Entegrasyon Program\u0131) etkinli\u011fi 7 Aral\u0131k [&hellip;]<\/p>\n","protected":false},"author":1,"featured_media":164506,"comment_status":"open","ping_status":"open","sticky":false,"template":"","format":"standard","meta":[],"categories":[51,53,157],"tags":[31910,106524,106525,106522,106523],"views":115,"_links":{"self":[{"href":"https:\/\/www.enerjigazetesi.ist\/en\/wp-json\/wp\/v2\/posts\/164502"}],"collection":[{"href":"https:\/\/www.enerjigazetesi.ist\/en\/wp-json\/wp\/v2\/posts"}],"about":[{"href":"https:\/\/www.enerjigazetesi.ist\/en\/wp-json\/wp\/v2\/types\/post"}],"author":[{"embeddable":true,"href":"https:\/\/www.enerjigazetesi.ist\/en\/wp-json\/wp\/v2\/users\/1"}],"replies":[{"embeddable":true,"href":"https:\/\/www.enerjigazetesi.ist\/en\/wp-json\/wp\/v2\/comments?post=164502"}],"version-history":[{"count":0,"href":"https:\/\/www.enerjigazetesi.ist\/en\/wp-json\/wp\/v2\/posts\/164502\/revisions"}],"wp:featuredmedia":[{"embeddable":true,"href":"https:\/\/www.enerjigazetesi.ist\/en\/wp-json\/wp\/v2\/media\/164506"}],"wp:attachment":[{"href":"https:\/\/www.enerjigazetesi.ist\/en\/wp-json\/wp\/v2\/media?parent=164502"}],"wp:term":[{"taxonomy":"category","embeddable":true,"href":"https:\/\/www.enerjigazetesi.ist\/en\/wp-json\/wp\/v2\/categories?post=164502"},{"taxonomy":"post_tag","embeddable":true,"href":"https:\/\/www.enerjigazetesi.ist\/en\/wp-json\/wp\/v2\/tags?post=164502"}],"curies":[{"name":"wp","href":"https:\/\/api.w.org\/{rel}","templated":true}]}}