{"id":16450,"date":"2013-10-12T15:42:48","date_gmt":"2013-10-12T12:42:48","guid":{"rendered":"https:\/\/www.enerjigazetesi.ist\/?p=16450"},"modified":"2013-10-12T15:42:48","modified_gmt":"2013-10-12T12:42:48","slug":"karamana-8-milyar-dolarlik-yatirim-yapilacak","status":"publish","type":"post","link":"https:\/\/www.enerjigazetesi.ist\/en\/karamana-8-milyar-dolarlik-yatirim-yapilacak\/","title":{"rendered":"(Turkish) &#8221;Karaman&#8217;a 8 Milyar Dolarl\u0131k Yat\u0131r\u0131m Yap\u0131lacak&#8221;"},"content":{"rendered":"<p class=\"qtranxs-available-languages-message qtranxs-available-languages-message-en\">Sorry, this entry is only available in <a href=\"https:\/\/www.enerjigazetesi.ist\/tr\/wp-json\/wp\/v2\/posts\/16450\" class=\"qtranxs-available-language-link qtranxs-available-language-link-tr\" title=\"Turkish\">Turkish<\/a>. For the sake of viewer convenience, the content is shown below in the alternative language. You may click the link to switch the active language.<\/p><p><strong>Enerji ve Tabii Kaynaklar Bakan\u0131 Y\u0131ld\u0131z, Karap\u0131nar \u2013Ayranc\u0131 k\u00f6m\u00fcr havzas\u0131yla ilgili yat\u0131r\u0131m\u0131n 8 milyar dolar\u0131 bulaca\u011f\u0131n\u0131 s\u00f6yledi.<\/strong><\/p>\n<p>Bir dizi ziyaretlerde bulunmak \u00fczere Karaman&#8217;a gelen Bakan Y\u0131ld\u0131z, Ayranc\u0131 il\u00e7esindeki incelemeleri ve Saray Bisk\u00fcvi&#8217;nin \u00fcretim b\u00f6l\u00fcm\u00fcn\u00fc ziyaretinin ard\u0131ndan Karaman Valisi Murat Koca&#8217;y\u0131 makam\u0131nda ziyaret etti. Valilikte Karap\u0131nar K\u00f6m\u00fcr Havzas\u0131 yerine Karap\u0131nar-Ayranc\u0131 K\u00f6m\u00fcr Havzas\u0131 isminin kullan\u0131lmas\u0131 teklifini kabul eden Bakan Y\u0131ld\u0131z&#8217;a ziyarette Karaman AK Parti Milletvekilleri L\u00fctfi Elvan ve Mevl\u00fct Akg\u00fcn<a href=\"https:\/\/www.enerjigazetesi.ist\/wp-content\/uploads\/2013\/10\/karamana-8-milyar-dolarlik-yatirim-yapilacak.jpg\"><img loading=\"lazy\" class=\"alignleft size-medium wp-image-16451\" title=\"karamana-8-milyar-dolarlik-yatirim-yapilacak\" src=\"https:\/\/www.enerjigazetesi.ist\/wp-content\/uploads\/2013\/10\/karamana-8-milyar-dolarlik-yatirim-yapilacak-300x181.jpg\" alt=\"\" width=\"300\" height=\"181\" srcset=\"https:\/\/www.enerjigazetesi.ist\/wp-content\/uploads\/2013\/10\/karamana-8-milyar-dolarlik-yatirim-yapilacak-300x181.jpg 300w, https:\/\/www.enerjigazetesi.ist\/wp-content\/uploads\/2013\/10\/karamana-8-milyar-dolarlik-yatirim-yapilacak-80x48.jpg 80w, https:\/\/www.enerjigazetesi.ist\/wp-content\/uploads\/2013\/10\/karamana-8-milyar-dolarlik-yatirim-yapilacak.jpg 480w\" sizes=\"(max-width: 300px) 100vw, 300px\" \/><\/a> e\u015flik etti. Kurmaylar\u0131 ile ziyaretlerine devam eden Bakan Y\u0131ld\u0131z&#8217;\u0131n sonraki dura\u011f\u0131 parti \u0130l Te\u015fkilat\u0131 oldu.<\/p>\n<p>Bakan Y\u0131ld\u0131z burada yapt\u0131\u011f\u0131 a\u00e7\u0131klamada siyasi iktidar olmadan ekonomik iktidar\u0131n s\u00f6z konusu olamayaca\u011f\u0131n\u0131 belirterek son 10 y\u0131lda T\u00fcrkiye&#8217;nin normalle\u015fti\u011fini dile getirdi. Bakan Y\u0131ld\u0131z gezi olaylar\u0131na da de\u011finerek siyasi istikrar nedeniyle daha \u00f6nceki d\u00f6nemlerde olan problemlerin ya\u015fanmad\u0131\u011f\u0131n\u0131 s\u00f6yledi.<\/p>\n<p>Karamano\u011flu Mehmetbey \u00dcniversitesi M\u00fchendislik Fak\u00fcltesi&#8217;nde ger\u00e7ekle\u015ftirilen \u0130l Koordinasyon Kurulu toplant\u0131s\u0131na da kat\u0131lan Bakan Y\u0131ld\u0131z, Karap\u0131nar-Ayranc\u0131 b\u00f6lgesinde bulunan 1,8 milyar tonluk k\u00f6m\u00fcr rezervinin Af\u015fin Elbistan&#8217;dan sonra T\u00fcrkiye&#8217;nin en b\u00fcy\u00fck k\u00f6m\u00fcr rezervi oldu\u011funa dikkati \u00e7ekerek, 30 y\u0131ll\u0131k k\u00f6m\u00fcr\u00fc kullanabilecek yap\u0131y\u0131, \u00e7evreye ra\u011fmen de\u011fil \u00e7evreyle beraber sa\u011flayacak \u015fartlar\u0131 ortaya koymalar\u0131 gerekti\u011fini s\u00f6yledi.<\/p>\n<p>Y\u0131ld\u0131z &#8220;Nereden bakarsan\u0131z bak\u0131n finansman\u0131, fizibilitesi, projelendirilmesi, dizayn\u0131 ve in\u015faat\u0131yla beraber toplam 10 y\u0131l i\u00e7inde biz bunu d\u00fc\u015f\u00fcn\u00fcyoruz. \u0130lk ba\u015fta \u00e7ok uzun gibi g\u00f6r\u00fcnebilir ama 2023 y\u0131l\u0131 hedeflerimiz i\u00e7in biz bunlar\u0131 son derece normal g\u00f6r\u00fcyoruz.&#8221; dedi.<\/p>\n<p>Kaynak: <a href=\"http:\/\/www.energyworld.com.tr\/root.vol?title=-quotkaraman-39a-8-milyar-dolarlik-yatirim-yapilacak-quot&amp;exec=page&amp;nid=580952\" target=\"_blank\">Energy World<\/a><\/p>","protected":false},"excerpt":{"rendered":"<p>Sorry, this entry is only available in Turkish. For the sake of viewer convenience, the content is shown below in the alternative language. You may click the link to switch the active language.Enerji ve Tabii Kaynaklar Bakan\u0131 Y\u0131ld\u0131z, Karap\u0131nar \u2013Ayranc\u0131 k\u00f6m\u00fcr havzas\u0131yla ilgili yat\u0131r\u0131m\u0131n 8 milyar dolar\u0131 bulaca\u011f\u0131n\u0131 s\u00f6yledi. Bir dizi ziyaretlerde bulunmak \u00fczere Karaman&#8217;a [&hellip;]<\/p>\n","protected":false},"author":1,"featured_media":16451,"comment_status":"open","ping_status":"open","sticky":false,"template":"","format":"standard","meta":[],"categories":[53],"tags":[710,63,67,1009,165,117,1679,9554,667,1286],"views":655,"_links":{"self":[{"href":"https:\/\/www.enerjigazetesi.ist\/en\/wp-json\/wp\/v2\/posts\/16450"}],"collection":[{"href":"https:\/\/www.enerjigazetesi.ist\/en\/wp-json\/wp\/v2\/posts"}],"about":[{"href":"https:\/\/www.enerjigazetesi.ist\/en\/wp-json\/wp\/v2\/types\/post"}],"author":[{"embeddable":true,"href":"https:\/\/www.enerjigazetesi.ist\/en\/wp-json\/wp\/v2\/users\/1"}],"replies":[{"embeddable":true,"href":"https:\/\/www.enerjigazetesi.ist\/en\/wp-json\/wp\/v2\/comments?post=16450"}],"version-history":[{"count":1,"href":"https:\/\/www.enerjigazetesi.ist\/en\/wp-json\/wp\/v2\/posts\/16450\/revisions"}],"predecessor-version":[{"id":16452,"href":"https:\/\/www.enerjigazetesi.ist\/en\/wp-json\/wp\/v2\/posts\/16450\/revisions\/16452"}],"wp:featuredmedia":[{"embeddable":true,"href":"https:\/\/www.enerjigazetesi.ist\/en\/wp-json\/wp\/v2\/media\/16451"}],"wp:attachment":[{"href":"https:\/\/www.enerjigazetesi.ist\/en\/wp-json\/wp\/v2\/media?parent=16450"}],"wp:term":[{"taxonomy":"category","embeddable":true,"href":"https:\/\/www.enerjigazetesi.ist\/en\/wp-json\/wp\/v2\/categories?post=16450"},{"taxonomy":"post_tag","embeddable":true,"href":"https:\/\/www.enerjigazetesi.ist\/en\/wp-json\/wp\/v2\/tags?post=16450"}],"curies":[{"name":"wp","href":"https:\/\/api.w.org\/{rel}","templated":true}]}}