{"id":164444,"date":"2022-12-02T19:30:39","date_gmt":"2022-12-02T16:30:39","guid":{"rendered":"https:\/\/www.enerjigazetesi.ist\/?p=164444"},"modified":"2022-12-02T19:36:12","modified_gmt":"2022-12-02T16:36:12","slug":"kasim-ayina-teror-saldirilari-zamlar-ve-deprem-damgasini-vurdu","status":"publish","type":"post","link":"https:\/\/www.enerjigazetesi.ist\/en\/kasim-ayina-teror-saldirilari-zamlar-ve-deprem-damgasini-vurdu\/","title":{"rendered":"(Turkish) Kas\u0131m Ay\u0131na Ter\u00f6r Sald\u0131r\u0131lar\u0131 Zamlar ve Deprem Damgas\u0131n\u0131 Vurdu"},"content":{"rendered":"<p class=\"qtranxs-available-languages-message qtranxs-available-languages-message-en\">Sorry, this entry is only available in <a href=\"https:\/\/www.enerjigazetesi.ist\/tr\/wp-json\/wp\/v2\/posts\/164444\" class=\"qtranxs-available-language-link qtranxs-available-language-link-tr\" title=\"Turkish\">Turkish<\/a>. For the sake of viewer convenience, the content is shown below in the alternative language. You may click the link to switch the active language.<\/p><p><\/p>\n<h2>Medya takip kurumu <strong>Ajans Press<\/strong>, medyada en \u00e7ok konu\u015fulan haber ba\u015fl\u0131klar\u0131n\u0131 \u00e7\u0131kard\u0131. <strong>Ajans Press\u2019in<\/strong> 1-30 Kas\u0131m tarihleri aras\u0131nda 15 bini a\u015fk\u0131n gazete, dergi, TV kanallar\u0131 ve internet haber sitelerinde en \u00e7ok haber olan i\u00e7erikleri \u00e7\u0131kard\u0131\u011f\u0131 ara\u015ft\u0131rmada, ilgili i\u00e7eriklerde medyaya binlerce haber yans\u0131d\u0131. \u0130stiklal Caddesi\u2019ndeki ter\u00f6r sald\u0131r\u0131s\u0131ndan D\u00fczce depremine, sahte doktor vakas\u0131ndan kar\u015f\u0131m\u0131za \u00e7\u0131kacak olas\u0131 zamlara Kas\u0131m ay\u0131n\u0131n en \u00e7ok konu\u015fulanlar\u0131 ise <span style=\"text-decoration: underline;\">\u015funlar oldu;<\/span><\/h2>\n<p>\u0130stanbul \u0130stiklal Caddesi&#8217;nde bombal\u0131 sald\u0131r\u0131 ger\u00e7ekle\u015ftirildi. Sald\u0131r\u0131da<strong> 6 ki\u015fi<\/strong> hayat\u0131n\u0131 kaybetti, <strong>2&#8217;si a\u011f\u0131r<\/strong> <strong>81 ki\u015fi<\/strong> de yaraland\u0131. Sald\u0131r\u0131y\u0131 ger\u00e7ekle\u015ftirdi\u011fi belirlenen ter\u00f6ristin Suriye uyruklu\u00a0Ahlam Albashir oldu\u011fu belirlendi.<\/p>\n<p><img loading=\"lazy\" class=\"alignright wp-image-164446\" src=\"https:\/\/www.enerjigazetesi.ist\/wp-content\/uploads\/2022\/12\/kasim-ayina-teror-saldirilari-zamlar-ve-deprem-damgasini-vurdu.jpg\" alt=\"\" width=\"320\" height=\"256\" srcset=\"https:\/\/www.enerjigazetesi.ist\/wp-content\/uploads\/2022\/12\/kasim-ayina-teror-saldirilari-zamlar-ve-deprem-damgasini-vurdu.jpg 550w, https:\/\/www.enerjigazetesi.ist\/wp-content\/uploads\/2022\/12\/kasim-ayina-teror-saldirilari-zamlar-ve-deprem-damgasini-vurdu-300x240.jpg 300w, https:\/\/www.enerjigazetesi.ist\/wp-content\/uploads\/2022\/12\/kasim-ayina-teror-saldirilari-zamlar-ve-deprem-damgasini-vurdu-500x400.jpg 500w, https:\/\/www.enerjigazetesi.ist\/wp-content\/uploads\/2022\/12\/kasim-ayina-teror-saldirilari-zamlar-ve-deprem-damgasini-vurdu-63x50.jpg 63w\" sizes=\"(max-width: 320px) 100vw, 320px\" \/>B\u00fct\u00fcn yurtta 12 Kas\u0131m g\u00fcn\u00fc 1999 D\u00fczce Depremi&#8217;nin y\u0131l d\u00f6n\u00fcm\u00fc sebebiyle saat 18.57&#8217;de &#8220;\u00c7\u00f6k-Kapan-Tutun&#8221; tatbikat\u0131 yap\u0131ld\u0131. Bunun \u00fczerinden 10 g\u00fcn ge\u00e7ti ve bu sefer ger\u00e7e\u011fi ya\u015fand\u0131. Saat 04.08&#8217;de D\u00fczce&#8217;nin G\u00f6lyaka il\u00e7esinde 5,9 b\u00fcy\u00fckl\u00fc\u011f\u00fcnde deprem meydana geldi. Yerin 10,6 kilometre derinli\u011finde ya\u015fanan sars\u0131nt\u0131; \u0130stanbul, Tekirda\u011f, Ankara, Bursa, Bolu, Sakarya, Zonguldak, Kocaeli, Bart\u0131n hatta \u0130zmir&#8217;de de hissedildi.<\/p>\n<p>Yeniden de\u011ferleme oran\u0131n\u0131n belirlenmesi ile motorlu ta\u015f\u0131t vergisinden (MTV) trafik cezalar\u0131na, pasaport harc\u0131ndan, yurtd\u0131\u015f\u0131ndan getirilen telefonlar\u0131n harc\u0131na kadar bir\u00e7ok kalemde yap\u0131lacak art\u0131\u015flar belli oldu. Cumhurba\u015fkan\u0131n\u0131n har\u00e7larda ve MTV&#8217;de indirim yetkisini kullanmaz ise 1.300 silindir hacminin alt\u0131nda 1-3 ya\u015f aral\u0131\u011f\u0131ndaki bir otomobilin vergisi 1313 liradan 2 bin 927 liraya, 1 y\u0131ll\u0131k pasaport harc\u0131<strong> 452<\/strong> liradan <strong>1008 liraya<\/strong> \u00e7\u0131kacak.<\/p>\n<p>\u00c7in&#8217;de son 24 saatte 31 bin 709&#8217;u <strong>asemptomatik<\/strong> olmak \u00fczere toplam 35 bin 183 yeni<strong> korona vakas\u0131<\/strong> tespit edildi. Son 24 saatte kaydedilen vaka say\u0131s\u0131 ile g\u00fcnl\u00fck vaka say\u0131s\u0131nda \u00fcst \u00fcste \u00fc\u00e7\u00fcnc\u00fc g\u00fcn rekor k\u0131r\u0131ld\u0131. Yeni vakalar\u0131n \u00e7o\u011fu \u00c7in&#8217;in g\u00fcneyindeki <strong>Guangzhou<\/strong> ile <strong>g\u00fcneybat\u0131s\u0131ndaki metropollerden<\/strong> <strong>Chongqing&#8217;de<\/strong> kaydedildi.<\/p>\n<p><strong>Adnan Oktar Organize Su\u00e7 \u00d6rg\u00fct\u00fcne<\/strong> kar\u015f\u0131 y\u00fcr\u00fct\u00fclen davada, mahkeme karar\u0131n\u0131 a\u00e7\u0131klad\u0131. Mahkeme, Oktar\u2019a \u00f6rg\u00fct y\u00f6neticili\u011fi, cinsel istismar, e\u011fitim hakk\u0131n\u0131n engellenmesi, eziyet, ki\u015fiyi h\u00fcrriyetinden yoksun k\u0131lmak ve ki\u015fisel verilerin kaydedilmesi su\u00e7undan 891 y\u0131l hapis cezas\u0131 verdi.<\/p>\n<p>AK Parti Grup Ba\u015fkanvekili Mahir \u00dcnal, g\u00f6revinden istifa etti. \u00dcnal, cumhuriyet hakk\u0131nda kurdu\u011fu c\u00fcmlelerden \u00f6t\u00fcr\u00fc b\u00fcy\u00fck tepki toplam\u0131\u015ft\u0131.<\/p>\n<p>Gaziantep\u2019in Karkam\u0131\u015f il\u00e7esine ter\u00f6r \u00f6rg\u00fct\u00fc <strong>YPG\/PKK<\/strong> taraf\u0131ndan Suriye\u2019nin kuzeybat\u0131s\u0131ndan 4 roket at\u0131ld\u0131. Sald\u0131r\u0131da biri \u00e7ocuk <strong>3 ki\u015fi ya\u015fam\u0131n\u0131 yitirdi.<\/strong><\/p>\n<p><strong>Kripto para piyasalar\u0131n\u0131n<\/strong> i\u015flem hacmi en b\u00fcy\u00fck \u00fc\u00e7\u00fcnc\u00fc borsas\u0131<strong> FTX<\/strong> iflas etti. \u015eirketin CEO\u2019su Sam Bankman-Fried istifa ederek \u015firketten ayr\u0131ld\u0131.<\/p>\n<p>Konya B\u00fcy\u00fck\u015fehir Belediyesi Hayvan Rehabilitasyon Merkezi\u2019ndeki g\u00f6revlinin bir k\u00f6pe\u011fe elindeki k\u00fcrekle vurarak \u00f6ld\u00fcrd\u00fc\u011f\u00fc g\u00f6r\u00fcnt\u00fcler T\u00fcrkiye\u2019yi aya\u011fa kald\u0131rd\u0131.<\/p>\n<p>Alt\u0131l\u0131 masa,<strong> \u201cYar\u0131n\u0131n T\u00fcrkiye\u2019si\u201d<\/strong> ismiyle <strong>yeni anayasa \u00e7al\u0131\u015fmalar\u0131n\u0131<\/strong> a\u00e7\u0131klad\u0131. Ortak metni <strong>\u201c\u015eimdi Demokrasi Zaman\u0131\u201d<\/strong> olarak duyuruldu.<\/p>\n<p>Tekirda\u011f\u2019da \u00c7erkezk\u00f6y Devlet Hastanesi\u2019nde <strong>sahte doktor olay\u0131<\/strong> T\u00fcrkiye g\u00fcndemine bomba gibi d\u00fc\u015ft\u00fc. Ameliyat masas\u0131nda \u00e7ekilen foto\u011fraflar\u0131 ortaya \u00e7\u0131kan <strong>Ay\u015fe \u00d6zkiraz<\/strong>, savc\u0131l\u0131ktaki sorgusunda ya\u015f\u0131 dahil bir\u00e7ok konuda ailesi ve \u00e7evresindekilere yalan s\u00f6yledi\u011fi ortaya \u00e7\u0131kt\u0131.<\/p>","protected":false},"excerpt":{"rendered":"<p>Sorry, this entry is only available in Turkish. For the sake of viewer convenience, the content is shown below in the alternative language. You may click the link to switch the active language. Medya takip kurumu Ajans Press, medyada en \u00e7ok konu\u015fulan haber ba\u015fl\u0131klar\u0131n\u0131 \u00e7\u0131kard\u0131. Ajans Press\u2019in 1-30 Kas\u0131m tarihleri aras\u0131nda 15 bini a\u015fk\u0131n gazete, [&hellip;]<\/p>\n","protected":false},"author":1,"featured_media":164446,"comment_status":"open","ping_status":"open","sticky":false,"template":"","format":"standard","meta":[],"categories":[53],"tags":[29241,106508,361,106342,106506,106509,106507,26252],"views":47,"_links":{"self":[{"href":"https:\/\/www.enerjigazetesi.ist\/en\/wp-json\/wp\/v2\/posts\/164444"}],"collection":[{"href":"https:\/\/www.enerjigazetesi.ist\/en\/wp-json\/wp\/v2\/posts"}],"about":[{"href":"https:\/\/www.enerjigazetesi.ist\/en\/wp-json\/wp\/v2\/types\/post"}],"author":[{"embeddable":true,"href":"https:\/\/www.enerjigazetesi.ist\/en\/wp-json\/wp\/v2\/users\/1"}],"replies":[{"embeddable":true,"href":"https:\/\/www.enerjigazetesi.ist\/en\/wp-json\/wp\/v2\/comments?post=164444"}],"version-history":[{"count":0,"href":"https:\/\/www.enerjigazetesi.ist\/en\/wp-json\/wp\/v2\/posts\/164444\/revisions"}],"wp:featuredmedia":[{"embeddable":true,"href":"https:\/\/www.enerjigazetesi.ist\/en\/wp-json\/wp\/v2\/media\/164446"}],"wp:attachment":[{"href":"https:\/\/www.enerjigazetesi.ist\/en\/wp-json\/wp\/v2\/media?parent=164444"}],"wp:term":[{"taxonomy":"category","embeddable":true,"href":"https:\/\/www.enerjigazetesi.ist\/en\/wp-json\/wp\/v2\/categories?post=164444"},{"taxonomy":"post_tag","embeddable":true,"href":"https:\/\/www.enerjigazetesi.ist\/en\/wp-json\/wp\/v2\/tags?post=164444"}],"curies":[{"name":"wp","href":"https:\/\/api.w.org\/{rel}","templated":true}]}}