{"id":164393,"date":"2022-12-02T14:01:47","date_gmt":"2022-12-02T11:01:47","guid":{"rendered":"https:\/\/www.enerjigazetesi.ist\/?p=164393"},"modified":"2022-12-02T14:02:28","modified_gmt":"2022-12-02T11:02:28","slug":"sedas-duzce-depremi-sonrasinda-tam-kadro-sahada","status":"publish","type":"post","link":"https:\/\/www.enerjigazetesi.ist\/en\/sedas-duzce-depremi-sonrasinda-tam-kadro-sahada\/","title":{"rendered":"(Turkish) &#8217;SEDA\u015e&#8217; D\u00fczce Depremi Sonras\u0131nda Tam Kadro Sahada"},"content":{"rendered":"<p class=\"qtranxs-available-languages-message qtranxs-available-languages-message-en\">Sorry, this entry is only available in <a href=\"https:\/\/www.enerjigazetesi.ist\/tr\/wp-json\/wp\/v2\/posts\/164393\" class=\"qtranxs-available-language-link qtranxs-available-language-link-tr\" title=\"Turkish\">Turkish<\/a>. For the sake of viewer convenience, the content is shown below in the alternative language. You may click the link to switch the active language.<\/p><p><\/p>\n<h2><strong>SEDA\u015e, D\u00fczce depremi sonras\u0131nda saha \u00e7al\u0131\u015fmalar\u0131na tam kadro teknolojik ekipmanlar ve g\u00fc\u00e7l\u00fc ara\u00e7lar ile devam ediyor. \u0130\u00e7i\u015fleri Bakanl\u0131\u011f\u0131, \u00c7evre \u015eehircilik ve \u0130klim De\u011fi\u015fikli\u011fi Bakanl\u0131\u011f\u0131, Mill\u00ee E\u011fitim Bakanl\u0131\u011f\u0131, AFAD Koordinasyon Merkezi, Valilik, Sa\u011fl\u0131k \u0130l M\u00fcd\u00fcrl\u00fc\u011f\u00fc ve resm\u00ee kurumlardan SEDA\u015e\u2019a gelen talepler koordineli bir bi\u00e7imde cevaplan\u0131yor.<\/strong><\/h2>\n<p><img loading=\"lazy\" class=\"alignright wp-image-164396\" src=\"https:\/\/www.enerjigazetesi.ist\/wp-content\/uploads\/2022\/12\/02.jpg\" alt=\"\" width=\"320\" height=\"317\" srcset=\"https:\/\/www.enerjigazetesi.ist\/wp-content\/uploads\/2022\/12\/02.jpg 493w, https:\/\/www.enerjigazetesi.ist\/wp-content\/uploads\/2022\/12\/02-300x297.jpg 300w, https:\/\/www.enerjigazetesi.ist\/wp-content\/uploads\/2022\/12\/02-150x150.jpg 150w, https:\/\/www.enerjigazetesi.ist\/wp-content\/uploads\/2022\/12\/02-404x400.jpg 404w, https:\/\/www.enerjigazetesi.ist\/wp-content\/uploads\/2022\/12\/02-51x50.jpg 51w, https:\/\/www.enerjigazetesi.ist\/wp-content\/uploads\/2022\/12\/02-100x100.jpg 100w\" sizes=\"(max-width: 320px) 100vw, 320px\" \/>Merkez \u00fcss\u00fc G\u00f6lyaka il\u00e7esi olan deprem sonras\u0131 t\u00fcm zor durumlara kar\u015f\u0131 seferber olan <strong>Sakarya Elektrik Da\u011f\u0131t\u0131m A.\u015e (SEDA\u015e)<\/strong> ekipleri, enerji s\u00fcreklili\u011fi i\u00e7in ara vermeden \u00e7al\u0131\u015fmalar\u0131na devam ediyor<strong>.<\/strong> <strong>Bakanl\u0131k yetkilileri, AFAD Koordinasyon Merkezi, Valilik, Sa\u011fl\u0131k \u0130l M\u00fcd\u00fcrl\u00fc\u011f\u00fc ve resm\u00ee kurumlardan<\/strong> gelen taleplere \u00e7ok h\u0131zl\u0131 \u015fekilde d\u00f6n\u00fc\u015f sa\u011flayan SEDA\u015e, bir\u00e7ok hizmet grubuna enerji ba\u011flant\u0131s\u0131 sa\u011flad\u0131.<\/p>\n<h3><strong>32 noktada 2.500 \u00e7ad\u0131r\u0131n \u00e7evre ayd\u0131nlatmalar\u0131 g\u00fc\u00e7lendirildi<\/strong><\/h3>\n<p>D\u00fczce merkezde bulunan Millet Bah\u00e7esi i\u00e7indeki<strong> 198<\/strong> adet \u00e7ad\u0131r\u0131n ve Kiremitoca\u011f\u0131 Mahallesi Eski Otogar Meydan\u0131ndaki 40 adet \u00e7ad\u0131r\u0131n \u00e7evre ayd\u0131nlatmalar\u0131n\u0131 g\u00fc\u00e7lendiren SEDA\u015e her iki b\u00f6lgeye de<strong> telefon \u015farj istasyonu<\/strong> kurdu. Ayr\u0131ca, A\u011fa Mahallesindeki <strong>6<\/strong> farkl\u0131 noktada <strong>345 adet<\/strong> \u00e7ad\u0131r\u0131n \u00e7evre ayd\u0131nlatmalar\u0131n\u0131 da g\u00fc\u00e7lendirerek; <strong>AFAD, Halk Bankas\u0131, \u00c7evre \u015eehircilik Hasar \u00c7ad\u0131r\u0131, Umke Sa\u011fl\u0131k \u00c7ad\u0131r\u0131, K\u0131z\u0131lay \u0130kram arac\u0131 ve \u0130l Emniyet M\u00fcd\u00fcrl\u00fcklerine<\/strong> ait <strong>yemek da\u011f\u0131t\u0131m t\u0131rlar\u0131<\/strong>n\u0131n <strong>enerji ba\u011flant\u0131lar\u0131n\u0131n yap\u0131lmas\u0131n\u0131<\/strong> sa\u011flad\u0131.<\/p>\n<p><img loading=\"lazy\" class=\"alignleft wp-image-164395\" src=\"https:\/\/www.enerjigazetesi.ist\/wp-content\/uploads\/2022\/12\/03.jpg\" alt=\"\" width=\"320\" height=\"239\" srcset=\"https:\/\/www.enerjigazetesi.ist\/wp-content\/uploads\/2022\/12\/03.jpg 550w, https:\/\/www.enerjigazetesi.ist\/wp-content\/uploads\/2022\/12\/03-300x224.jpg 300w, https:\/\/www.enerjigazetesi.ist\/wp-content\/uploads\/2022\/12\/03-500x374.jpg 500w, https:\/\/www.enerjigazetesi.ist\/wp-content\/uploads\/2022\/12\/03-67x50.jpg 67w\" sizes=\"(max-width: 320px) 100vw, 320px\" \/>D\u00fczce merkez mahallelerinden <em>Aziziye, Ko\u00e7yaz\u0131, \u00c7ay, Yahyalar, Dereli T\u00fct\u00fcnc\u00fc ve Cumhuriyet Mahalleleri ile G\u00f6lyaka \u0130l\u00e7esi K\u00fclt\u00fcr ve \u0130mamlar Mahallelerinde, G\u00f6lyaka Kal\u0131c\u0131 Konutlar b\u00f6lgesinde, \u00c7ilimli \u0130l\u00e7esi, Cumayeri \u0130l\u00e7e Merkezi<\/em> ve farkl\u0131 noktalarda kurulan ve devam eden \u00e7ad\u0131r kentlerin \u00e7<strong>evre ayd\u0131nlatmalar\u0131 yenilenerek<\/strong> \u015farj istasyonlar\u0131n\u0131n montaj\u0131 yap\u0131ld\u0131. \u00c7ilimli ve G\u00f6lyaka \u0130l\u00e7elerinde kurulmaya ba\u015flanan \u00a0kon<strong>80 adet<\/strong>teyner kenti i\u00e7in de SEDA\u015e, <strong>trafo, hat, pano ve \u00e7evre ayd\u0131nlatma \u00e7al\u0131\u015fmalar\u0131<\/strong>n\u0131n yap\u0131m\u0131na ba\u015flad\u0131.<\/p>\n<p>AFAD koordinasyonunda aral\u0131ks\u0131z s\u00fcren \u00e7ad\u0131rkent ve konteyner kent kurulumlar\u0131n\u0131n ard\u0131ndan enerji ba\u011flant\u0131lar\u0131 da SEDA\u015e ekiplerince s\u00fcratle yap\u0131l\u0131yor. Yakla\u015f\u0131k ilave <strong>500 \u00e7ad\u0131rkentin<\/strong> daha kurumlar\u0131n\u0131n yap\u0131laca\u011f\u0131 \u00f6n g\u00f6r\u00fclmekte.<\/p>\n<h3><strong>A\u011f\u0131r hasarl\u0131 binalar i\u00e7in AFAD ile koordineli enerji kesimi<\/strong><\/h3>\n<p>A\u011f\u0131r hasarl\u0131 olan <strong>32<\/strong> binan\u0131n y\u0131k\u0131m i\u015flemlerinin yap\u0131labilmesi i\u00e7in <strong>AFAD<\/strong> ile koordineli \u015fekilde yap\u0131lar\u0131n enerji kesim i\u015flemlerini ger\u00e7ekle\u015ftiren SEDA\u015e, ayr\u0131ca <strong>bina y\u0131k\u0131m\u0131na engel te\u015fkil<\/strong> eden <strong>enerji hatlar\u0131n\u0131n h\u0131zl\u0131 \u015fekilde deplasesini<\/strong> ger\u00e7ekle\u015ftiriyor.<\/p>","protected":false},"excerpt":{"rendered":"<p>Sorry, this entry is only available in Turkish. For the sake of viewer convenience, the content is shown below in the alternative language. You may click the link to switch the active language. SEDA\u015e, D\u00fczce depremi sonras\u0131nda saha \u00e7al\u0131\u015fmalar\u0131na tam kadro teknolojik ekipmanlar ve g\u00fc\u00e7l\u00fc ara\u00e7lar ile devam ediyor. \u0130\u00e7i\u015fleri Bakanl\u0131\u011f\u0131, \u00c7evre \u015eehircilik ve \u0130klim [&hellip;]<\/p>\n","protected":false},"author":1,"featured_media":164397,"comment_status":"open","ping_status":"open","sticky":false,"template":"","format":"standard","meta":[],"categories":[51,53],"tags":[1766,9512,106342,26353,64561,106489],"views":93,"_links":{"self":[{"href":"https:\/\/www.enerjigazetesi.ist\/en\/wp-json\/wp\/v2\/posts\/164393"}],"collection":[{"href":"https:\/\/www.enerjigazetesi.ist\/en\/wp-json\/wp\/v2\/posts"}],"about":[{"href":"https:\/\/www.enerjigazetesi.ist\/en\/wp-json\/wp\/v2\/types\/post"}],"author":[{"embeddable":true,"href":"https:\/\/www.enerjigazetesi.ist\/en\/wp-json\/wp\/v2\/users\/1"}],"replies":[{"embeddable":true,"href":"https:\/\/www.enerjigazetesi.ist\/en\/wp-json\/wp\/v2\/comments?post=164393"}],"version-history":[{"count":0,"href":"https:\/\/www.enerjigazetesi.ist\/en\/wp-json\/wp\/v2\/posts\/164393\/revisions"}],"wp:featuredmedia":[{"embeddable":true,"href":"https:\/\/www.enerjigazetesi.ist\/en\/wp-json\/wp\/v2\/media\/164397"}],"wp:attachment":[{"href":"https:\/\/www.enerjigazetesi.ist\/en\/wp-json\/wp\/v2\/media?parent=164393"}],"wp:term":[{"taxonomy":"category","embeddable":true,"href":"https:\/\/www.enerjigazetesi.ist\/en\/wp-json\/wp\/v2\/categories?post=164393"},{"taxonomy":"post_tag","embeddable":true,"href":"https:\/\/www.enerjigazetesi.ist\/en\/wp-json\/wp\/v2\/tags?post=164393"}],"curies":[{"name":"wp","href":"https:\/\/api.w.org\/{rel}","templated":true}]}}