{"id":164365,"date":"2022-12-01T20:42:18","date_gmt":"2022-12-01T17:42:18","guid":{"rendered":"https:\/\/www.enerjigazetesi.ist\/?p=164365"},"modified":"2022-12-01T20:42:44","modified_gmt":"2022-12-01T17:42:44","slug":"enerjisa-enerji-sabanci-cumhuriyet-seferberligi-ile-5-5-ton-atik-topladi","status":"publish","type":"post","link":"https:\/\/www.enerjigazetesi.ist\/en\/enerjisa-enerji-sabanci-cumhuriyet-seferberligi-ile-5-5-ton-atik-topladi\/","title":{"rendered":"(Turkish) Enerjisa Enerji \u2018Sabanc\u0131 Cumhuriyet Seferberli\u011fi\u2019 ile 5.5 Ton At\u0131k Toplad\u0131"},"content":{"rendered":"<p class=\"qtranxs-available-languages-message qtranxs-available-languages-message-en\">Sorry, this entry is only available in <a href=\"https:\/\/www.enerjigazetesi.ist\/tr\/wp-json\/wp\/v2\/posts\/164365\" class=\"qtranxs-available-language-link qtranxs-available-language-link-tr\" title=\"Turkish\">Turkish<\/a>. For the sake of viewer convenience, the content is shown below in the alternative language. You may click the link to switch the active language.<\/p><p><\/p>\n<h2><strong>Enerjisa Enerji, \u2018Sabanc\u0131 Cumhuriyet Seferberli\u011fi\u2019 etkinlikleri kapsam\u0131nda g\u00f6n\u00fcll\u00fc \u00e7al\u0131\u015fanlar\u0131yla sahaya inerek Toplum G\u00f6n\u00fcll\u00fcleri Vakf\u0131 (TOG) ile bir\u00e7ok \u015fehirde d\u00fczenlenen etkinliklerde yakla\u015f\u0131k 5.5 ton at\u0131k toplad\u0131.<\/strong><\/h2>\n<p><strong>Enerjisa Enerji, Sabanc\u0131 Holding<\/strong> taraf\u0131ndan ba\u015flat\u0131lan<strong> \u2018Cumhuriyet Seferberli\u011fi\u2019ne<\/strong> farkl\u0131 illerde ger\u00e7ekle\u015ftirdi\u011fi g\u00f6n\u00fcll\u00fcl\u00fck \u00e7al\u0131\u015fmalar\u0131yla destek oldu. <strong>TOG<\/strong> ile birlikte <strong>Karab\u00fck, K\u0131r\u0131kkale, Osmaniye, Gaziantep ve Kilis\u2019teki<\/strong> etkinliklerde yakla\u015f\u0131k <strong>5.5 ton<\/strong> <em>ka\u011f\u0131t, plastik, cam, metal, organik ve izmarit at\u0131\u011f\u0131 toplayan<\/em> E<strong>nerjisa Da\u011f\u0131t\u0131m \u015eirketleri Ayeda\u015f, Ba\u015fkent EDA\u015e<\/strong> ve <img loading=\"lazy\" class=\"alignright wp-image-164370\" src=\"https:\/\/www.enerjigazetesi.ist\/wp-content\/uploads\/2022\/12\/ebru-tascioglu.jpg\" alt=\"\" width=\"240\" height=\"360\" srcset=\"https:\/\/www.enerjigazetesi.ist\/wp-content\/uploads\/2022\/12\/ebru-tascioglu.jpg 550w, https:\/\/www.enerjigazetesi.ist\/wp-content\/uploads\/2022\/12\/ebru-tascioglu-200x300.jpg 200w, https:\/\/www.enerjigazetesi.ist\/wp-content\/uploads\/2022\/12\/ebru-tascioglu-266x400.jpg 266w, https:\/\/www.enerjigazetesi.ist\/wp-content\/uploads\/2022\/12\/ebru-tascioglu-33x50.jpg 33w, https:\/\/www.enerjigazetesi.ist\/wp-content\/uploads\/2022\/12\/ebru-tascioglu-500x751.jpg 500w\" sizes=\"(max-width: 240px) 100vw, 240px\" \/><strong>Toroslar EDA\u015e<\/strong> \u00e7al\u0131\u015fanlar\u0131ndan olu\u015fan <strong>g\u00f6n\u00fcll\u00fcler; do\u011fan\u0131n korunmas\u0131na<\/strong> ve <strong>orman yang\u0131nlar\u0131n\u0131n \u00f6nlenmesine<\/strong> katk\u0131 sa\u011flad\u0131.<\/p>\n<p>Toplamda <strong>3500 g\u00f6n\u00fcll\u00fcn\u00fcn<\/strong> kat\u0131ld\u0131\u011f\u0131<strong> at\u0131k toplama etkinlikleri<\/strong>nde 295 kilogram ka\u011f\u0131t, 2 bin 34 kilogram plastik, 2 bin 912,5 kilogram cam, 69,5 kilogram organik ve 85,5 kilogram metal at\u0131\u011f\u0131n geri d\u00f6n\u00fc\u015ft\u00fcr\u00fclmesi sa\u011fland\u0131.<\/p>\n<p><strong>Enerjisa Enerji S\u00fcrd\u00fcr\u00fclebilirlik ve Kurumsal Yetkinlikler B\u00f6l\u00fcm Ba\u015fkan\u0131 Ebru Ta\u015fc\u0131o\u011flu<\/strong>, <em>\u201cEnerjisa Enerji olarak t\u00fcm \u00e7al\u0131\u015fmalar\u0131m\u0131z\u0131 etki odakl\u0131 s\u00fcrd\u00fcr\u00fclebilirlik hedeflerimiz kapsam\u0131nda ger\u00e7ekle\u015ftiriyor, herkes i\u00e7in fayda sa\u011flamaya odaklan\u0131yoruz. Ger\u00e7ekle\u015ftirdi\u011fimiz at\u0131k toplama etkinlikleriyle <strong>tonlarca at\u0131\u011f\u0131 geri d\u00f6n\u00fc\u015f\u00fcme kazand\u0131rarak<\/strong> <strong>ekosistemin<\/strong> ve<strong> do\u011fal biyolojik \u00e7e\u015fitlili\u011fin korunmas\u0131na<\/strong> katk\u0131 sa\u011flad\u0131k. Herkese daha iyi bir gelecek sa\u011flamak ad\u0131na tutkuyla \u00e7al\u0131\u015fmaya, s\u00fcrd\u00fcr\u00fclebilirlik etki alanlar\u0131m\u0131z\u0131<strong> geni\u015fletmeye, gezegenimiz<\/strong> ve<strong> toplum i\u00e7in fayda sa\u011flayan i\u015fler<\/strong> yapmaya devam edece\u011fiz\u201d<\/em> dedi.<\/p>\n<p>Etkinliklerde ayr\u0131ca kat\u0131l\u0131mc\u0131lara at\u0131k t\u00fcrleri ve y\u00f6netimine dair e\u011fitimler verildi. S\u00fcrd\u00fcr\u00fclebilir hedefler do\u011frultusunda daha iyi bir gelecek i\u00e7in \u00e7al\u0131\u015fan Enerjisa Enerji, b\u00f6ylece <strong>1.000 kilograma<\/strong> yak\u0131n sera gaz\u0131 sal\u0131m\u0131n\u0131n\u0131n ve <strong>15 milyon 640 litre<\/strong> temiz suyun kirlenmesinin \u00f6n\u00fcne ge\u00e7ilmesine, <strong>%300<\/strong>\u2019den fazla <strong>enerji tasarrufu<\/strong> ger\u00e7ekle\u015ftirilmesine katk\u0131 sa\u011flad\u0131. Verilen e\u011fitimlerle birlikte ise <strong>\u00e7evre bilincinin art\u0131r\u0131lmas\u0131<\/strong> ve bu konuda <strong>fark\u0131ndal\u0131k yarat\u0131lmas\u0131<\/strong> sa\u011fland\u0131.<\/p>","protected":false},"excerpt":{"rendered":"<p>Sorry, this entry is only available in Turkish. For the sake of viewer convenience, the content is shown below in the alternative language. You may click the link to switch the active language. Enerjisa Enerji, \u2018Sabanc\u0131 Cumhuriyet Seferberli\u011fi\u2019 etkinlikleri kapsam\u0131nda g\u00f6n\u00fcll\u00fc \u00e7al\u0131\u015fanlar\u0131yla sahaya inerek Toplum G\u00f6n\u00fcll\u00fcleri Vakf\u0131 (TOG) ile bir\u00e7ok \u015fehirde d\u00fczenlenen etkinliklerde yakla\u015f\u0131k 5.5 [&hellip;]<\/p>\n","protected":false},"author":1,"featured_media":164371,"comment_status":"open","ping_status":"open","sticky":false,"template":"","format":"standard","meta":[],"categories":[51,53],"tags":[58913,106487,37825,2257,105834,106486],"views":39,"_links":{"self":[{"href":"https:\/\/www.enerjigazetesi.ist\/en\/wp-json\/wp\/v2\/posts\/164365"}],"collection":[{"href":"https:\/\/www.enerjigazetesi.ist\/en\/wp-json\/wp\/v2\/posts"}],"about":[{"href":"https:\/\/www.enerjigazetesi.ist\/en\/wp-json\/wp\/v2\/types\/post"}],"author":[{"embeddable":true,"href":"https:\/\/www.enerjigazetesi.ist\/en\/wp-json\/wp\/v2\/users\/1"}],"replies":[{"embeddable":true,"href":"https:\/\/www.enerjigazetesi.ist\/en\/wp-json\/wp\/v2\/comments?post=164365"}],"version-history":[{"count":1,"href":"https:\/\/www.enerjigazetesi.ist\/en\/wp-json\/wp\/v2\/posts\/164365\/revisions"}],"predecessor-version":[{"id":164366,"href":"https:\/\/www.enerjigazetesi.ist\/en\/wp-json\/wp\/v2\/posts\/164365\/revisions\/164366"}],"wp:featuredmedia":[{"embeddable":true,"href":"https:\/\/www.enerjigazetesi.ist\/en\/wp-json\/wp\/v2\/media\/164371"}],"wp:attachment":[{"href":"https:\/\/www.enerjigazetesi.ist\/en\/wp-json\/wp\/v2\/media?parent=164365"}],"wp:term":[{"taxonomy":"category","embeddable":true,"href":"https:\/\/www.enerjigazetesi.ist\/en\/wp-json\/wp\/v2\/categories?post=164365"},{"taxonomy":"post_tag","embeddable":true,"href":"https:\/\/www.enerjigazetesi.ist\/en\/wp-json\/wp\/v2\/tags?post=164365"}],"curies":[{"name":"wp","href":"https:\/\/api.w.org\/{rel}","templated":true}]}}