{"id":164348,"date":"2022-12-01T17:13:36","date_gmt":"2022-12-01T14:13:36","guid":{"rendered":"https:\/\/www.enerjigazetesi.ist\/?p=164348"},"modified":"2022-12-01T17:31:27","modified_gmt":"2022-12-01T14:31:27","slug":"enerjisa-uretim-kurulu-gucunu-3-727-megavata-yukseltti","status":"publish","type":"post","link":"https:\/\/www.enerjigazetesi.ist\/en\/enerjisa-uretim-kurulu-gucunu-3-727-megavata-yukseltti\/","title":{"rendered":"(Turkish) &#8217;Enerjisa \u00dcretim&#8217; Kurulu G\u00fcc\u00fcn\u00fc 3.727 Megavata Y\u00fckseltti"},"content":{"rendered":"<p class=\"qtranxs-available-languages-message qtranxs-available-languages-message-en\">Sorry, this entry is only available in <a href=\"https:\/\/www.enerjigazetesi.ist\/tr\/wp-json\/wp\/v2\/posts\/164348\" class=\"qtranxs-available-language-link qtranxs-available-language-link-tr\" title=\"Turkish\">Turkish<\/a>. For the sake of viewer convenience, the content is shown below in the alternative language. You may click the link to switch the active language.<\/p><p><\/p>\n<h2>Enerjisa \u00dcretim, b\u00fcnyesine katt\u0131\u011f\u0131 yeni santrallerle portf\u00f6y\u00fcn\u00fc geni\u015fletirken son olarak Kayseri Erciyes\u2019te tamamland\u0131\u011f\u0131 zaman 100 MW kurula g\u00fcce sahip olacak olan yeni r\u00fczgar santralini devreye alan Enerjisa \u00dcretim, Manisa Akhisar\u2019da bulunan 55 megavat kurulu g\u00fcce sahip Akhisar R\u00fczgar Enerji Santrali\u2019ni ise portf\u00f6y\u00fcne katarak r\u00fczgar enerjisindeki kurulu g\u00fcc\u00fcn\u00fc 332 megavata, toplam kurulu g\u00fcc\u00fcn\u00fc ise 3.727 megavata y\u00fckseltti. Ayn\u0131 zamanda Akhisar R\u00fczgar Enerji Santrali 2022 y\u0131l\u0131nda 7 megavat kapasite art\u0131\u015f\u0131 alm\u0131\u015f olup k\u0131sa zamanda hayata ge\u00e7irilmesi planlanmaktad\u0131r.<\/h2>\n<p>&nbsp;<\/p>\n<h3><strong>55 megavat kurulu g\u00fcc\u00fc bulunuyor<\/strong><\/h3>\n<p>2011 y\u0131l\u0131ndan bu yana i\u015fletmede olan<strong> 55 megavat<\/strong> kurula g\u00fcce sahip yakla\u015f\u0131k <strong>130 GW<\/strong>\u2019l\u0131k elektrik<img loading=\"lazy\" class=\"alignright wp-image-164354\" src=\"https:\/\/www.enerjigazetesi.ist\/wp-content\/uploads\/2022\/12\/1669894247_Gorsel02.jpg\" alt=\"\" width=\"320\" height=\"214\" srcset=\"https:\/\/www.enerjigazetesi.ist\/wp-content\/uploads\/2022\/12\/1669894247_Gorsel02.jpg 550w, https:\/\/www.enerjigazetesi.ist\/wp-content\/uploads\/2022\/12\/1669894247_Gorsel02-300x200.jpg 300w, https:\/\/www.enerjigazetesi.ist\/wp-content\/uploads\/2022\/12\/1669894247_Gorsel02-500x334.jpg 500w, https:\/\/www.enerjigazetesi.ist\/wp-content\/uploads\/2022\/12\/1669894247_Gorsel02-75x50.jpg 75w, https:\/\/www.enerjigazetesi.ist\/wp-content\/uploads\/2022\/12\/1669894247_Gorsel02-450x300.jpg 450w\" sizes=\"(max-width: 320px) 100vw, 320px\" \/> \u00fcretimi kapasitesine sahip Akhisar R\u00fczgar Enerji Santrali\u2019nde <strong>22<\/strong> adet<strong> Nordex r\u00fczgar<\/strong> t\u00fcrbini bulunuyor. Santral, bir y\u0131lda ger\u00e7ekle\u015ftirdi\u011fi <strong>elektrik \u00fcretimi<\/strong> ile ortalama<strong> 60 bin haneye<\/strong> kar\u015f\u0131l\u0131k gelen elektrik enerjisi ihtiyac\u0131n\u0131 kar\u015f\u0131l\u0131yor.<\/p>\n<p>T\u00fcrkiye\u2019de yenilenebilir enerjide \u00f6nemli bir oyuncu olduklar\u0131na ve gelece\u011fi yenilenebilir enerji \u00fczerine in\u015fa ettiklerine de\u011finen\u00a0<strong>Enerjisa \u00dcretim CEO\u2019su \u0130hsan Erbil Bay\u00e7\u00f6l<\/strong>, <em>\u201cYat\u0131r\u0131mlar\u0131m\u0131za \u00f6ncelikli hedefimiz olan yenilenebilir enerji alan\u0131nda devam ediyoruz. 2022 y\u0131l\u0131 bizim i\u00e7in <strong>Erciyes RES<\/strong>\u2019in devreye al\u0131nmas\u0131, <strong>hibrit solar santraller<\/strong> konusunda att\u0131\u011f\u0131m\u0131z ad\u0131mlar, <strong>YEKA 2 ihalelerinin<\/strong> tamam\u0131n\u0131 kapsayan<strong> 1.000 megavatl\u0131k<\/strong> r\u00fczgar yat\u0131r\u0131m\u0131 anla\u015fmas\u0131 ve son olarak<strong> Akhisar RES<\/strong>\u2019in portf\u00f6y\u00fcm\u00fcze kat\u0131lmas\u0131yla yat\u0131r\u0131mlarla dolu bir y\u0131l oldu. Hem ekonomi hem de temiz enerji konular\u0131nda \u00fclkemizin g\u00fcc\u00fcne ve gelece\u011fine katk\u0131 sa\u011flamaktan dolay\u0131 \u00e7ok gururlu ve mutluyuz. Yenilenebilir enerji ile b\u00fcy\u00fcme hamlemizin \u00f6nemli ad\u0131mlar\u0131ndan biri olarak <strong>Akhisar RES<\/strong> ile toplam kurulu g\u00fcc\u00fcm\u00fcz\u00fc <strong>3.727 megavata<\/strong> \u00e7\u0131kard\u0131k ve<strong> zeytinlikler i\u00e7erisinde yer alan<\/strong>, <strong>do\u011fayla i\u00e7 i\u00e7e bir santrali b\u00fcnyemize katt\u0131k.<\/strong> Santralimiz, <strong>merkezi kontrol odam\u0131z<\/strong> olan<strong> Senkron\u2019dan da<\/strong> i\u015fletilecek. Bu yeni yolculu\u011fun hem \u015firketimiz hem de aram\u0131za yeni kat\u0131lan ekip arkada\u015flar\u0131m\u0131z i\u00e7in hay\u0131rl\u0131 olmas\u0131n\u0131 dileriz.<strong> 5.000 megavat\u0131 a\u015fmas\u0131 planlanan<\/strong> kurulu g\u00fc\u00e7 hedefimize do\u011fru emin ad\u0131mlarla ilerlemeye devam edece\u011fiz\u201d<\/em> ifadelerini kulland\u0131.<\/p>","protected":false},"excerpt":{"rendered":"<p>Sorry, this entry is only available in Turkish. For the sake of viewer convenience, the content is shown below in the alternative language. You may click the link to switch the active language. Enerjisa \u00dcretim, b\u00fcnyesine katt\u0131\u011f\u0131 yeni santrallerle portf\u00f6y\u00fcn\u00fc geni\u015fletirken son olarak Kayseri Erciyes\u2019te tamamland\u0131\u011f\u0131 zaman 100 MW kurula g\u00fcce sahip olacak olan yeni [&hellip;]<\/p>\n","protected":false},"author":1,"featured_media":164356,"comment_status":"open","ping_status":"open","sticky":false,"template":"","format":"standard","meta":[],"categories":[51,53,50],"tags":[106482,106481,35365,474,233],"views":57,"_links":{"self":[{"href":"https:\/\/www.enerjigazetesi.ist\/en\/wp-json\/wp\/v2\/posts\/164348"}],"collection":[{"href":"https:\/\/www.enerjigazetesi.ist\/en\/wp-json\/wp\/v2\/posts"}],"about":[{"href":"https:\/\/www.enerjigazetesi.ist\/en\/wp-json\/wp\/v2\/types\/post"}],"author":[{"embeddable":true,"href":"https:\/\/www.enerjigazetesi.ist\/en\/wp-json\/wp\/v2\/users\/1"}],"replies":[{"embeddable":true,"href":"https:\/\/www.enerjigazetesi.ist\/en\/wp-json\/wp\/v2\/comments?post=164348"}],"version-history":[{"count":0,"href":"https:\/\/www.enerjigazetesi.ist\/en\/wp-json\/wp\/v2\/posts\/164348\/revisions"}],"wp:featuredmedia":[{"embeddable":true,"href":"https:\/\/www.enerjigazetesi.ist\/en\/wp-json\/wp\/v2\/media\/164356"}],"wp:attachment":[{"href":"https:\/\/www.enerjigazetesi.ist\/en\/wp-json\/wp\/v2\/media?parent=164348"}],"wp:term":[{"taxonomy":"category","embeddable":true,"href":"https:\/\/www.enerjigazetesi.ist\/en\/wp-json\/wp\/v2\/categories?post=164348"},{"taxonomy":"post_tag","embeddable":true,"href":"https:\/\/www.enerjigazetesi.ist\/en\/wp-json\/wp\/v2\/tags?post=164348"}],"curies":[{"name":"wp","href":"https:\/\/api.w.org\/{rel}","templated":true}]}}