{"id":16431,"date":"2013-10-11T17:13:21","date_gmt":"2013-10-11T14:13:21","guid":{"rendered":"https:\/\/www.enerjigazetesi.ist\/?p=16431"},"modified":"2013-10-11T17:13:21","modified_gmt":"2013-10-11T14:13:21","slug":"cin-dunyanin-en-buyuk-petrol-ithalatcisi-oldu","status":"publish","type":"post","link":"https:\/\/www.enerjigazetesi.ist\/en\/cin-dunyanin-en-buyuk-petrol-ithalatcisi-oldu\/","title":{"rendered":"(Turkish) \u00c7in D\u00fcnyan\u0131n En B\u00fcy\u00fck Petrol \u0130thalat\u00e7\u0131s\u0131 Oldu!"},"content":{"rendered":"<p class=\"qtranxs-available-languages-message qtranxs-available-languages-message-en\">Sorry, this entry is only available in <a href=\"https:\/\/www.enerjigazetesi.ist\/tr\/wp-json\/wp\/v2\/posts\/16431\" class=\"qtranxs-available-language-link qtranxs-available-language-link-tr\" title=\"Turkish\">Turkish<\/a>. For the sake of viewer convenience, the content is shown below in the alternative language. You may click the link to switch the active language.<\/p><p><strong>\u00c7in\u2019in kendi petrol \u00fcretimi, ekonomisinin kaydetti\u011fi b\u00fcy\u00fck y\u00fckseli\u015fe yeti\u015femiyor. Eyl\u00fcl ay\u0131 rakamlar\u0131na g\u00f6re, \u00c7in\u2019in h\u0131zla b\u00fcy\u00fcyen ekonomisi ve otomobil sat\u0131\u015flar\u0131ndaki art\u0131\u015f, \u00fclkenin d\u00fcnyadaki en b\u00fcy\u00fck petrol ithalat\u00e7\u0131s\u0131 olmas\u0131nda rol oynad\u0131.<a href=\"https:\/\/www.enerjigazetesi.ist\/wp-content\/uploads\/2013\/10\/cin-dunyanin-en-buyuk-petrol-ithalatcisi-oldu.jpg\"><img loading=\"lazy\" class=\"alignright size-medium wp-image-16432\" title=\"cin-dunyanin-en-buyuk-petrol-ithalatcisi-oldu\" src=\"https:\/\/www.enerjigazetesi.ist\/wp-content\/uploads\/2013\/10\/cin-dunyanin-en-buyuk-petrol-ithalatcisi-oldu-300x213.jpg\" alt=\"\" width=\"300\" height=\"213\" srcset=\"https:\/\/www.enerjigazetesi.ist\/wp-content\/uploads\/2013\/10\/cin-dunyanin-en-buyuk-petrol-ithalatcisi-oldu-300x213.jpg 300w, https:\/\/www.enerjigazetesi.ist\/wp-content\/uploads\/2013\/10\/cin-dunyanin-en-buyuk-petrol-ithalatcisi-oldu-70x50.jpg 70w, https:\/\/www.enerjigazetesi.ist\/wp-content\/uploads\/2013\/10\/cin-dunyanin-en-buyuk-petrol-ithalatcisi-oldu.jpg 422w\" sizes=\"(max-width: 300px) 100vw, 300px\" \/><\/a><\/strong><\/p>\n<p>\u00c7in\u2019in g\u00fcnl\u00fck petrol t\u00fcketimi, \u00fcretim miktar\u0131ndan 6,3 milyon varil daha fazla. ABD\u2019de ise bu fark 6,1 milyon varil.<\/p>\n<p>\u0130thalattaki art\u0131\u015f\u0131n en b\u00fcy\u00fck sebebi olarak, \u00c7in\u2019in b\u00fcy\u00fcyen ekonomisi g\u00f6steriliyor. Ayr\u0131ca son birka\u00e7 aydaki sellerde \u00c7in\u2019in petrol \u00fcretim alanlar\u0131 zarar g\u00f6rd\u00fc.<\/p>\n<p>Aradaki a\u00e7\u0131\u011f\u0131 kapatmak i\u00e7in petrol ithal etmek zorunda kalan \u00c7in, BBC T\u00fcrk\u00e7e\u2019nin ABD\u2019li kaynaklara dayand\u0131rd\u0131\u011f\u0131 verilere g\u00f6re, art\u0131k d\u00fcnyan\u0131n en b\u00fcy\u00fck petrol ithalat\u00e7\u0131s\u0131 konumunda yer al\u0131yor. Bu e\u011filimin 2014 y\u0131l\u0131nda da s\u00fcrmesi bekleniyor.<\/p>\n<p>Amerika Birle\u015fik Devletleri, \u00c7in\u2019in n\u00fcfusunun \u00fc\u00e7te birine sahip olmas\u0131na ra\u011fmen, \u00fclkede g\u00fcnde 18,6 milyon varil petrol t\u00fcketiliyor. \u00c7in\u2019deyse g\u00fcnl\u00fck t\u00fcketim miktar\u0131 10,9 milyon varil. Petrol ve do\u011fal gaz \u00e7evreleri, ABD\u2019nin hidrolik k\u0131r\u0131lma ve yatay sondaj faaliyetlerinde h\u0131zla ilerleme kaydetti\u011fine dikkat \u00e7ekerek, \u00fclkenin, 2022 y\u0131l\u0131na dek g\u00fcnde 20-22 milyon varil petrol \u00fcretir hale gelece\u011fini tahmin ediyor.<\/p>\n<p>Kaynak: <a href=\"http:\/\/enerjienstitusu.com\/2013\/10\/11\/cin-dunyanin-en-buyuk-petrol-ithalatcisi-oldu\/\" target=\"_blank\">Enerji Enstit\u00fcs\u00fc<\/a><\/p>","protected":false},"excerpt":{"rendered":"<p>Sorry, this entry is only available in Turkish. For the sake of viewer convenience, the content is shown below in the alternative language. You may click the link to switch the active language.\u00c7in\u2019in kendi petrol \u00fcretimi, ekonomisinin kaydetti\u011fi b\u00fcy\u00fck y\u00fckseli\u015fe yeti\u015femiyor. Eyl\u00fcl ay\u0131 rakamlar\u0131na g\u00f6re, \u00c7in\u2019in h\u0131zla b\u00fcy\u00fcyen ekonomisi ve otomobil sat\u0131\u015flar\u0131ndaki art\u0131\u015f, \u00fclkenin d\u00fcnyadaki [&hellip;]<\/p>\n","protected":false},"author":1,"featured_media":16432,"comment_status":"open","ping_status":"open","sticky":false,"template":"","format":"standard","meta":[],"categories":[53,44],"tags":[886,9545,63,67,1009,165,59,79,2460],"views":589,"_links":{"self":[{"href":"https:\/\/www.enerjigazetesi.ist\/en\/wp-json\/wp\/v2\/posts\/16431"}],"collection":[{"href":"https:\/\/www.enerjigazetesi.ist\/en\/wp-json\/wp\/v2\/posts"}],"about":[{"href":"https:\/\/www.enerjigazetesi.ist\/en\/wp-json\/wp\/v2\/types\/post"}],"author":[{"embeddable":true,"href":"https:\/\/www.enerjigazetesi.ist\/en\/wp-json\/wp\/v2\/users\/1"}],"replies":[{"embeddable":true,"href":"https:\/\/www.enerjigazetesi.ist\/en\/wp-json\/wp\/v2\/comments?post=16431"}],"version-history":[{"count":1,"href":"https:\/\/www.enerjigazetesi.ist\/en\/wp-json\/wp\/v2\/posts\/16431\/revisions"}],"predecessor-version":[{"id":16433,"href":"https:\/\/www.enerjigazetesi.ist\/en\/wp-json\/wp\/v2\/posts\/16431\/revisions\/16433"}],"wp:featuredmedia":[{"embeddable":true,"href":"https:\/\/www.enerjigazetesi.ist\/en\/wp-json\/wp\/v2\/media\/16432"}],"wp:attachment":[{"href":"https:\/\/www.enerjigazetesi.ist\/en\/wp-json\/wp\/v2\/media?parent=16431"}],"wp:term":[{"taxonomy":"category","embeddable":true,"href":"https:\/\/www.enerjigazetesi.ist\/en\/wp-json\/wp\/v2\/categories?post=16431"},{"taxonomy":"post_tag","embeddable":true,"href":"https:\/\/www.enerjigazetesi.ist\/en\/wp-json\/wp\/v2\/tags?post=16431"}],"curies":[{"name":"wp","href":"https:\/\/api.w.org\/{rel}","templated":true}]}}