{"id":164287,"date":"2022-11-30T21:01:25","date_gmt":"2022-11-30T18:01:25","guid":{"rendered":"https:\/\/www.enerjigazetesi.ist\/?p=164287"},"modified":"2022-11-30T21:01:25","modified_gmt":"2022-11-30T18:01:25","slug":"minik-kalpleri-isitan-proje-kardesim-usumesin","status":"publish","type":"post","link":"https:\/\/www.enerjigazetesi.ist\/en\/minik-kalpleri-isitan-proje-kardesim-usumesin\/","title":{"rendered":"(Turkish) Minik Kalpleri Is\u0131tan Proje &#8216;Karde\u015fim \u00dc\u015f\u00fcmesin'"},"content":{"rendered":"<p class=\"qtranxs-available-languages-message qtranxs-available-languages-message-en\">Sorry, this entry is only available in <a href=\"https:\/\/www.enerjigazetesi.ist\/tr\/wp-json\/wp\/v2\/posts\/164287\" class=\"qtranxs-available-language-link qtranxs-available-language-link-tr\" title=\"Turkish\">Turkish<\/a>. For the sake of viewer convenience, the content is shown below in the alternative language. You may click the link to switch the active language.<\/p><p><\/p>\n<h2><strong>2013 y\u0131l\u0131nda bir iyilik hareketi olarak ba\u015flayan ve her y\u0131l daha da b\u00fcy\u00fcyen Karde\u015fim \u00dc\u015f\u00fcmesin projesinin bu y\u0131l ilk dura\u011f\u0131 Bursa&#8217;n\u0131n da\u011f k\u00f6ylerinden Da\u011fak\u00e7a oldu.<\/strong><\/h2>\n<p>So\u011fuk k\u0131\u015f g\u00fcnlerinin gelmesiyle birlikte hem<strong> k\u00f6y okullar\u0131ndaki<\/strong> miniklerin <strong>k\u0131\u015fl\u0131k k\u0131yafet ihtiyac\u0131n\u0131n kar\u015f\u0131lanmas\u0131<\/strong> hem de onlara g\u00fczel bir an\u0131 ya\u015fatmak i\u00e7in <strong>UEDA\u015e<\/strong> taraf\u0131ndan hayata ge\u00e7irilen <strong>Karde\u015fim \u00dc\u015f\u00fcmesin <\/strong><strong>sosyal\u00a0<\/strong><strong>sorumluluk projesi<\/strong>, her y\u0131l hizmet b\u00f6lgesinde yer alan <img loading=\"lazy\" class=\"alignright wp-image-164290\" src=\"https:\/\/www.enerjigazetesi.ist\/wp-content\/uploads\/2022\/11\/minik-kalpleri-isitan-proje-kardesim-usumesin-2.jpg\" alt=\"\" width=\"300\" height=\"400\" srcset=\"https:\/\/www.enerjigazetesi.ist\/wp-content\/uploads\/2022\/11\/minik-kalpleri-isitan-proje-kardesim-usumesin-2.jpg 550w, https:\/\/www.enerjigazetesi.ist\/wp-content\/uploads\/2022\/11\/minik-kalpleri-isitan-proje-kardesim-usumesin-2-225x300.jpg 225w, https:\/\/www.enerjigazetesi.ist\/wp-content\/uploads\/2022\/11\/minik-kalpleri-isitan-proje-kardesim-usumesin-2-300x400.jpg 300w, https:\/\/www.enerjigazetesi.ist\/wp-content\/uploads\/2022\/11\/minik-kalpleri-isitan-proje-kardesim-usumesin-2-38x50.jpg 38w, https:\/\/www.enerjigazetesi.ist\/wp-content\/uploads\/2022\/11\/minik-kalpleri-isitan-proje-kardesim-usumesin-2-500x666.jpg 500w\" sizes=\"(max-width: 300px) 100vw, 300px\" \/><strong>Bursa, Bal\u0131kesir, \u00c7anakkale, Yalova ve Kars\u2019taki<\/strong> ihtiya\u00e7 sahibi okullara ula\u015f\u0131yor.<\/p>\n<p>Bu y\u0131l <strong>Uluda\u011f \u00fcniversitesi Maliye Toplulu\u011fu \u00f6\u011frencileri<\/strong>nin de kat\u0131ld\u0131\u011f\u0131 projede miniklere haz\u0131rlanan etkinlikler<strong> renkli g\u00f6r\u00fcnt\u00fclere sahne<\/strong> oldu. <strong>Y\u00fcz boyama, dans ve s\u00fcper kahramanlar<\/strong> gibi \u00e7e\u015fitli etkinliklerle <strong>miniklerin y\u00fcz\u00fc g\u00fclerken<\/strong> <strong>k\u0131\u015fl\u0131k k\u0131yafet ihtiya\u00e7lar\u0131 da<\/strong> da\u011f\u0131t\u0131ld\u0131. Karde\u015fim \u00dc\u015f\u00fcmesin projesinin \u00f6nemine dikkat \u00e7eken<em> UEDA\u015e Genel M\u00fcd\u00fcr\u00fc<\/em> <strong>G\u00f6kay Fatih<\/strong> Danac\u0131, <em>\u201c2013 y\u0131l\u0131ndan bu yana s\u00fcrd\u00fcrd\u00fc\u011f\u00fcm\u00fcz bu iyilik hareketini <strong>\u0130l Milli E\u011fitim M\u00fcd\u00fcrl\u00fcklerimizin i\u015fbirli\u011fi<\/strong> ile ger\u00e7ekle\u015ftiriyoruz. Okullar\u0131m\u0131zda yavrular\u0131m\u0131z\u0131n e\u011flenceli bir g\u00fcn ge\u00e7irmelerini sa\u011flamak i\u00e7in \u00e7aba g\u00f6steriyoruz. Bu projeyi ger\u00e7ekle\u015ftirirken <strong>lise<\/strong> ve<strong> \u00fcniversitede okuyan \u00f6\u011frencilerle<\/strong> birlikte ilerliyoruz. G\u00fcn boyu s\u00fcren bir etkinli\u011fe imza at\u0131yoruz. Biz bu projeyi sadece hizmet b\u00f6lgemiz olan <strong>G\u00fcney Marmara\u2019da de\u011fil<\/strong> ayn\u0131 zamanda <strong>\u00c7a\u011fr\u0131 Merkezimizin yer ald\u0131\u011f\u0131 Kars\u2019ta da<\/strong> ger\u00e7ekle\u015f<strong>t<\/strong>iriyoruz. <strong>Projemize kat\u0131lan destek olan<\/strong> herkese te\u015fekk\u00fcrlerimizi sunuyorum\u201d<\/em> ifadelerini kulland\u0131.<\/p>\n<p>Projeye g\u00f6n\u00fcll\u00fc olarak kat\u0131lan <strong>Uluda\u011f \u00dcniversitesi Maliye Toplulu\u011fu \u00f6\u011frencileri<\/strong>, <strong>miniklere y\u00fcz boyama, oyun alan\u0131 gibi etkinliklerle ya\u015fatt\u0131\u011f\u0131 keyifli anlar<\/strong>, renkli g\u00f6r\u00fcnt\u00fclere sahne oldu.<\/p>","protected":false},"excerpt":{"rendered":"<p>Sorry, this entry is only available in Turkish. For the sake of viewer convenience, the content is shown below in the alternative language. You may click the link to switch the active language. 2013 y\u0131l\u0131nda bir iyilik hareketi olarak ba\u015flayan ve her y\u0131l daha da b\u00fcy\u00fcyen Karde\u015fim \u00dc\u015f\u00fcmesin projesinin bu y\u0131l ilk dura\u011f\u0131 Bursa&#8217;n\u0131n da\u011f [&hellip;]<\/p>\n","protected":false},"author":1,"featured_media":164291,"comment_status":"open","ping_status":"open","sticky":false,"template":"","format":"standard","meta":[],"categories":[51,53],"tags":[958,106466,42021,106465,1884,76673],"views":45,"_links":{"self":[{"href":"https:\/\/www.enerjigazetesi.ist\/en\/wp-json\/wp\/v2\/posts\/164287"}],"collection":[{"href":"https:\/\/www.enerjigazetesi.ist\/en\/wp-json\/wp\/v2\/posts"}],"about":[{"href":"https:\/\/www.enerjigazetesi.ist\/en\/wp-json\/wp\/v2\/types\/post"}],"author":[{"embeddable":true,"href":"https:\/\/www.enerjigazetesi.ist\/en\/wp-json\/wp\/v2\/users\/1"}],"replies":[{"embeddable":true,"href":"https:\/\/www.enerjigazetesi.ist\/en\/wp-json\/wp\/v2\/comments?post=164287"}],"version-history":[{"count":0,"href":"https:\/\/www.enerjigazetesi.ist\/en\/wp-json\/wp\/v2\/posts\/164287\/revisions"}],"wp:featuredmedia":[{"embeddable":true,"href":"https:\/\/www.enerjigazetesi.ist\/en\/wp-json\/wp\/v2\/media\/164291"}],"wp:attachment":[{"href":"https:\/\/www.enerjigazetesi.ist\/en\/wp-json\/wp\/v2\/media?parent=164287"}],"wp:term":[{"taxonomy":"category","embeddable":true,"href":"https:\/\/www.enerjigazetesi.ist\/en\/wp-json\/wp\/v2\/categories?post=164287"},{"taxonomy":"post_tag","embeddable":true,"href":"https:\/\/www.enerjigazetesi.ist\/en\/wp-json\/wp\/v2\/tags?post=164287"}],"curies":[{"name":"wp","href":"https:\/\/api.w.org\/{rel}","templated":true}]}}