{"id":16427,"date":"2013-10-11T17:03:10","date_gmt":"2013-10-11T14:03:10","guid":{"rendered":"https:\/\/www.enerjigazetesi.ist\/?p=16427"},"modified":"2013-10-11T17:03:10","modified_gmt":"2013-10-11T14:03:10","slug":"her-yil-5-milyar-tl-camlardan-havaya-ucuyor","status":"publish","type":"post","link":"https:\/\/www.enerjigazetesi.ist\/en\/her-yil-5-milyar-tl-camlardan-havaya-ucuyor\/","title":{"rendered":"(Turkish) Her Y\u0131l 5 Milyar TL Camlardan Havaya U\u00e7uyor&#8230;"},"content":{"rendered":"<p class=\"qtranxs-available-languages-message qtranxs-available-languages-message-en\">Sorry, this entry is only available in <a href=\"https:\/\/www.enerjigazetesi.ist\/tr\/wp-json\/wp\/v2\/posts\/16427\" class=\"qtranxs-available-language-link qtranxs-available-language-link-tr\" title=\"Turkish\">Turkish<\/a>. For the sake of viewer convenience, the content is shown below in the alternative language. You may click the link to switch the active language.<\/p><p><\/p>\n<p style=\"text-align: left;\" align=\"center\"><strong>Trakya Cam Pazarlama ve Sat\u0131\u015f Ba\u015fkan Yard\u0131mc\u0131s\u0131 Haluk Sar\u0131alt\u0131n, T\u00fcrkiye\u2019de kullan\u0131lan toplam enerjinin \u00fc\u00e7te birinin binalarda t\u00fcketildi\u011fini belirterek, \u201cBinalardaki \u0131s\u0131 kay\u0131plar\u0131n\u0131n y\u00fczde30\u2019u ise pencerelerden kaynaklan\u0131yor. Enerji tasarrufu sa\u011flamayan camlar nedeniyle meydana gelen enerji kayb\u0131yla her y\u0131l 900 okul, 300 hastane, 550 yurt veya 75 bin konut yapt\u0131rabilece\u011fimiz 5 milyar TL havaya u\u00e7uyor\u201d diye konu\u015ftu. Binalarda cam ile yal\u0131t\u0131m ve enerji tasarrufu sa\u011flanmas\u0131 konusunda toplumsal bilinci art\u0131rmay\u0131 ama\u00e7lad\u0131klar\u0131n\u0131 vurgulayan Sar\u0131alt\u0131n, \u201cIs\u0131 kay\u0131plar\u0131n\u0131 standart \u00e7ift cama g\u00f6re y\u00fczde 50 oran\u0131nda azaltan Is\u0131cam Konfor ba\u015fta olmak \u00fczere sundu\u011fumuz son teknoloji \u00fcr\u00fcnlerle bireysel tasarrufun toplumsal kazanca d\u00f6n\u00fc\u015fmesini hedefliyoruz\u201d dedi.<\/strong><\/p>\n<p>Avrupa\u2019n\u0131n 4\u2019\u00fcnc\u00fc, d\u00fcnyan\u0131n ise 6\u2019nc\u0131 b\u00fcy\u00fck d\u00fczcam \u00fcreticisi olan Trakya Cam, enerjide yurtd\u0131\u015f\u0131na ba\u011f\u0131ml\u0131 olan \u00fclkemizde bireysel tasarrufu toplumsal kazanca d\u00f6n\u00fc\u015ft\u00fcrmeyi ama\u00e7l\u0131yor. Trakya Cam Pazarlama ve Sat\u0131\u015f Ba\u015fkan Yard\u0131mc\u0131s\u0131 Haluk Sar\u0131alt\u0131n, \u00e7evrenin korunmas\u0131 ve tem<a href=\"https:\/\/www.enerjigazetesi.ist\/wp-content\/uploads\/2013\/10\/her-yil-5-milyar-tl-camlardan-havaya-ucuyor.jpg\"><img loading=\"lazy\" class=\"alignleft size-medium wp-image-16428\" title=\"Tuketici 21.5x30 gazete\" src=\"https:\/\/www.enerjigazetesi.ist\/wp-content\/uploads\/2013\/10\/her-yil-5-milyar-tl-camlardan-havaya-ucuyor-300x217.jpg\" alt=\"\" width=\"300\" height=\"217\" srcset=\"https:\/\/www.enerjigazetesi.ist\/wp-content\/uploads\/2013\/10\/her-yil-5-milyar-tl-camlardan-havaya-ucuyor-300x217.jpg 300w, https:\/\/www.enerjigazetesi.ist\/wp-content\/uploads\/2013\/10\/her-yil-5-milyar-tl-camlardan-havaya-ucuyor-500x363.jpg 500w, https:\/\/www.enerjigazetesi.ist\/wp-content\/uploads\/2013\/10\/her-yil-5-milyar-tl-camlardan-havaya-ucuyor-68x50.jpg 68w, https:\/\/www.enerjigazetesi.ist\/wp-content\/uploads\/2013\/10\/her-yil-5-milyar-tl-camlardan-havaya-ucuyor.jpg 650w\" sizes=\"(max-width: 300px) 100vw, 300px\" \/><\/a>iz bir d\u00fcnya i\u00e7in mevcut enerjinin verimli kullan\u0131lmas\u0131n\u0131n \u00f6nemine i\u015faret ederek, \u201c\u0130htiyac\u0131 olan enerjinin y\u00fczde 74\u2019\u00fcn\u00fc ithal eden T\u00fcrkiye\u2019de kullan\u0131lan toplam enerjinin \u00fc\u00e7te biri binalarda t\u00fcketiliyor. Binalardaki \u0131s\u0131 kay\u0131plar\u0131n\u0131n y\u00fczde 30\u2019u ise pencerelerden kaynaklan\u0131yor.\u00a0Bu durum enerji tasarrufu a\u00e7\u0131s\u0131ndan cam\u0131n \u00f6nemini bir kez daha ortaya koyuyor\u201d diye konu\u015ftu.\u00a0 <!--?xml:namespace prefix = \"o\" ns = \"urn:schemas-microsoft-com:office:office\" \/--><\/p>\n<p>Binalarda cam ile yal\u0131t\u0131m ve enerji tasarrufu sa\u011flanmas\u0131 konusunda toplumsal bilinci art\u0131rmay\u0131 ama\u00e7lad\u0131klar\u0131n\u0131 belirten Sar\u0131alt\u0131n, \u201cEnerji tasarrufu sa\u011flamayan camlar nedeniyle meydana gelen enerji kayb\u0131yla her y\u0131l 900 okul, 300 hastane, 550 yurt veya 75 bin konut yapt\u0131rabilece\u011fimiz 5 milyar TL havaya u\u00e7uyor\u201d dedi.<\/p>\n<p><strong><span style=\"text-decoration: underline;\">\u201cToplumda tasarruf bilincinin art\u0131r\u0131lmas\u0131n\u0131 hedefliyoruz\u201d <\/span><\/strong><\/p>\n<p>Yeni bina konut ve ticari bina projelerinde enerji tasarrufu sa\u011flayan \u00fcr\u00fcnlerin kullan\u0131m\u0131n\u0131n artmas\u0131na y\u00f6nelik sekt\u00f6r ilgililerine e\u011fitim ve bilgilendirme \u00a0\u00e7al\u0131\u015fmalar\u0131na h\u0131zla devam ettiklerini belirten Sar\u0131alt\u0131n, \u015f\u00f6yle devam etti: \u201cSekt\u00f6r profesyonellerine ek olarak nihai t\u00fcketicilerde de fark\u0131ndal\u0131k yaratmak amac\u0131yla yaz\u0131l\u0131 ve g\u00f6rsel mecralar\u0131 i\u00e7ine alan kapsaml\u0131 bir tan\u0131t\u0131m kampanyas\u0131 ba\u015flatt\u0131k. Bu kapsamda enerji tasarrufu sa\u011flayan \u2018Is\u0131cam Konfor\u2019 markal\u0131 \u00fcr\u00fcnlerimizi daha geni\u015f kitlelere tan\u0131tarak, toplumda tasarruf bilincinin art\u0131r\u0131lmas\u0131n\u0131 da ama\u00e7l\u0131yoruz. Kampanyada nihai t\u00fcketicilere Is\u0131cam Konfor\u2019un sa\u011flad\u0131\u011f\u0131 tasarrufu \u2018Is\u0131cam Konfor\u2019un etkisi faturan\u0131za an\u0131nda yans\u0131r\u2019 mesaj\u0131yla anlat\u0131yoruz.\u201d<\/p>\n<p>Yay\u0131nc\u0131: <a href=\"https:\/\/www.enerjigazetesi.ist\" target=\"_blank\">Enerji Gazetesi<\/a><\/p>","protected":false},"excerpt":{"rendered":"<p>Sorry, this entry is only available in Turkish. For the sake of viewer convenience, the content is shown below in the alternative language. You may click the link to switch the active language. Trakya Cam Pazarlama ve Sat\u0131\u015f Ba\u015fkan Yard\u0131mc\u0131s\u0131 Haluk Sar\u0131alt\u0131n, T\u00fcrkiye\u2019de kullan\u0131lan toplam enerjinin \u00fc\u00e7te birinin binalarda t\u00fcketildi\u011fini belirterek, \u201cBinalardaki \u0131s\u0131 kay\u0131plar\u0131n\u0131n y\u00fczde30\u2019u [&hellip;]<\/p>\n","protected":false},"author":1,"featured_media":16428,"comment_status":"open","ping_status":"open","sticky":false,"template":"","format":"standard","meta":[],"categories":[53,52],"tags":[9538,9540,63,67,9536,3079,165,103,12,9543,9541,9539,9544,9542,9537],"views":844,"_links":{"self":[{"href":"https:\/\/www.enerjigazetesi.ist\/en\/wp-json\/wp\/v2\/posts\/16427"}],"collection":[{"href":"https:\/\/www.enerjigazetesi.ist\/en\/wp-json\/wp\/v2\/posts"}],"about":[{"href":"https:\/\/www.enerjigazetesi.ist\/en\/wp-json\/wp\/v2\/types\/post"}],"author":[{"embeddable":true,"href":"https:\/\/www.enerjigazetesi.ist\/en\/wp-json\/wp\/v2\/users\/1"}],"replies":[{"embeddable":true,"href":"https:\/\/www.enerjigazetesi.ist\/en\/wp-json\/wp\/v2\/comments?post=16427"}],"version-history":[{"count":2,"href":"https:\/\/www.enerjigazetesi.ist\/en\/wp-json\/wp\/v2\/posts\/16427\/revisions"}],"predecessor-version":[{"id":16430,"href":"https:\/\/www.enerjigazetesi.ist\/en\/wp-json\/wp\/v2\/posts\/16427\/revisions\/16430"}],"wp:featuredmedia":[{"embeddable":true,"href":"https:\/\/www.enerjigazetesi.ist\/en\/wp-json\/wp\/v2\/media\/16428"}],"wp:attachment":[{"href":"https:\/\/www.enerjigazetesi.ist\/en\/wp-json\/wp\/v2\/media?parent=16427"}],"wp:term":[{"taxonomy":"category","embeddable":true,"href":"https:\/\/www.enerjigazetesi.ist\/en\/wp-json\/wp\/v2\/categories?post=16427"},{"taxonomy":"post_tag","embeddable":true,"href":"https:\/\/www.enerjigazetesi.ist\/en\/wp-json\/wp\/v2\/tags?post=16427"}],"curies":[{"name":"wp","href":"https:\/\/api.w.org\/{rel}","templated":true}]}}