{"id":164266,"date":"2022-11-30T15:18:18","date_gmt":"2022-11-30T12:18:18","guid":{"rendered":"https:\/\/www.enerjigazetesi.ist\/?p=164266"},"modified":"2022-11-30T15:21:32","modified_gmt":"2022-11-30T12:21:32","slug":"5incisi-enerji-forumu-enerji-krizi-ve-ingiltere-konuk-doc-dr-emel-akcali","status":"publish","type":"post","link":"https:\/\/www.enerjigazetesi.ist\/en\/5incisi-enerji-forumu-enerji-krizi-ve-ingiltere-konuk-doc-dr-emel-akcali\/","title":{"rendered":"(Turkish) 5&#8217;inci Enerji Forumu &#8211; Enerji Krizi ve \u0130ngiltere &#8211; Konuk: Do\u00e7. Dr. Emel Ak\u00e7al\u0131"},"content":{"rendered":"<p class=\"qtranxs-available-languages-message qtranxs-available-languages-message-en\">Sorry, this entry is only available in <a href=\"https:\/\/www.enerjigazetesi.ist\/tr\/wp-json\/wp\/v2\/posts\/164266\" class=\"qtranxs-available-language-link qtranxs-available-language-link-tr\" title=\"Turkish\">Turkish<\/a>. For the sake of viewer convenience, the content is shown below in the alternative language. You may click the link to switch the active language.<\/p><p><\/p>\n<h2><img loading=\"lazy\" class=\"alignright wp-image-164268\" src=\"https:\/\/www.enerjigazetesi.ist\/wp-content\/uploads\/2022\/11\/2022-11-30_151204.jpg\" alt=\"\" width=\"320\" height=\"281\" srcset=\"https:\/\/www.enerjigazetesi.ist\/wp-content\/uploads\/2022\/11\/2022-11-30_151204.jpg 531w, https:\/\/www.enerjigazetesi.ist\/wp-content\/uploads\/2022\/11\/2022-11-30_151204-300x263.jpg 300w, https:\/\/www.enerjigazetesi.ist\/wp-content\/uploads\/2022\/11\/2022-11-30_151204-456x400.jpg 456w, https:\/\/www.enerjigazetesi.ist\/wp-content\/uploads\/2022\/11\/2022-11-30_151204-57x50.jpg 57w, https:\/\/www.enerjigazetesi.ist\/wp-content\/uploads\/2022\/11\/2022-11-30_151204-500x439.jpg 500w\" sizes=\"(max-width: 320px) 100vw, 320px\" \/>Kadir Has \u00dcniversitesi\u00a0Enerji ve S\u00fcrd\u00fcr\u00fclebilir Kalk\u0131nma Merkezi (CESD)\u00a0ile\u00a0Enerji ve \u0130klim De\u011fi\u015fikli\u011fi Vakf\u0131 (EN\u0130VA)\u00a0taraf\u0131ndan d\u00fczenlenen\u00a0<strong>\u201cEnerji Forumu\u201d\u00a0<\/strong>etkinli\u011finin 5&#8217;incisi, 0<strong>6 Aral\u0131k 2022 Sal\u0131 g\u00fcn\u00fc saat 19.30<\/strong>&#8216;da\u00a0<strong>online<\/strong> olarak ger\u00e7ekle\u015ftirilecektir.<\/h2>\n<p>Kat\u0131l\u0131mc\u0131lar\u0131n s\u00f6z alarak g\u00f6r\u00fc\u015flerini ifade edebilece\u011fi etkinlikte, <em>KHAS CESD M\u00fcd\u00fcr\u00fc ve EN\u0130VA YK Ba\u015fkan\u0131<\/em>\u00a0<strong>Prof. Dr. Volkan \u015e. Ediger<\/strong>\u00a0moderat\u00f6rl\u00fc\u011f\u00fcnde,\u00a0konu\u011fum<em>uz Kadir Has \u00dcniversitesi Uluslararas\u0131 \u0130li\u015fkiler \u00d6\u011fretim \u00dcyesi\u00a0<\/em><strong>Do\u00e7. Dr. Emel Ak\u00e7al\u0131<\/strong>\u00a0ile\u00a0birlikte\u00a0<strong>\u201c<\/strong><strong>Enerji Krizi ve \u0130ngiltere\u201d<\/strong>\u00a0konusu tart\u0131\u015f\u0131lacakt\u0131r.<\/p>\n<p>Etkinli\u011fe kat\u0131l\u0131m i\u00e7in <a href=\"http:\/\/bit.ly\/3VaTzKu\" target=\"_blank\" rel=\"noopener\" data-auth=\"NotApplicable\">http:\/\/bit.ly\/3VaTzKu<\/a> linkinden\u00a0kay\u0131t yap\u0131lmas\u0131 gerekmektedir.<\/p>","protected":false},"excerpt":{"rendered":"<p>Sorry, this entry is only available in Turkish. For the sake of viewer convenience, the content is shown below in the alternative language. You may click the link to switch the active language. Kadir Has \u00dcniversitesi\u00a0Enerji ve S\u00fcrd\u00fcr\u00fclebilir Kalk\u0131nma Merkezi (CESD)\u00a0ile\u00a0Enerji ve \u0130klim De\u011fi\u015fikli\u011fi Vakf\u0131 (EN\u0130VA)\u00a0taraf\u0131ndan d\u00fczenlenen\u00a0\u201cEnerji Forumu\u201d\u00a0etkinli\u011finin 5&#8217;incisi, 06 Aral\u0131k 2022 Sal\u0131 g\u00fcn\u00fc saat [&hellip;]<\/p>\n","protected":false},"author":1,"featured_media":164268,"comment_status":"open","ping_status":"open","sticky":false,"template":"","format":"standard","meta":[],"categories":[51,53,52],"tags":[3756,106463],"views":37,"_links":{"self":[{"href":"https:\/\/www.enerjigazetesi.ist\/en\/wp-json\/wp\/v2\/posts\/164266"}],"collection":[{"href":"https:\/\/www.enerjigazetesi.ist\/en\/wp-json\/wp\/v2\/posts"}],"about":[{"href":"https:\/\/www.enerjigazetesi.ist\/en\/wp-json\/wp\/v2\/types\/post"}],"author":[{"embeddable":true,"href":"https:\/\/www.enerjigazetesi.ist\/en\/wp-json\/wp\/v2\/users\/1"}],"replies":[{"embeddable":true,"href":"https:\/\/www.enerjigazetesi.ist\/en\/wp-json\/wp\/v2\/comments?post=164266"}],"version-history":[{"count":0,"href":"https:\/\/www.enerjigazetesi.ist\/en\/wp-json\/wp\/v2\/posts\/164266\/revisions"}],"wp:featuredmedia":[{"embeddable":true,"href":"https:\/\/www.enerjigazetesi.ist\/en\/wp-json\/wp\/v2\/media\/164268"}],"wp:attachment":[{"href":"https:\/\/www.enerjigazetesi.ist\/en\/wp-json\/wp\/v2\/media?parent=164266"}],"wp:term":[{"taxonomy":"category","embeddable":true,"href":"https:\/\/www.enerjigazetesi.ist\/en\/wp-json\/wp\/v2\/categories?post=164266"},{"taxonomy":"post_tag","embeddable":true,"href":"https:\/\/www.enerjigazetesi.ist\/en\/wp-json\/wp\/v2\/tags?post=164266"}],"curies":[{"name":"wp","href":"https:\/\/api.w.org\/{rel}","templated":true}]}}