{"id":16424,"date":"2013-10-28T16:52:03","date_gmt":"2013-10-28T13:52:03","guid":{"rendered":"https:\/\/www.enerjigazetesi.ist\/?p=16424"},"modified":"2013-10-30T13:16:28","modified_gmt":"2013-10-30T10:16:28","slug":"elektrik-ticareti-egitimine-kayitlar-basladi","status":"publish","type":"post","link":"https:\/\/www.enerjigazetesi.ist\/en\/elektrik-ticareti-egitimine-kayitlar-basladi\/","title":{"rendered":"(Turkish) Elektrik Ticareti E\u011fitimi&#8217;ne Kay\u0131tlar Ba\u015flad\u0131!"},"content":{"rendered":"<p class=\"qtranxs-available-languages-message qtranxs-available-languages-message-en\">Sorry, this entry is only available in <a href=\"https:\/\/www.enerjigazetesi.ist\/tr\/wp-json\/wp\/v2\/posts\/16424\" class=\"qtranxs-available-language-link qtranxs-available-language-link-tr\" title=\"Turkish\">Turkish<\/a>. For the sake of viewer convenience, the content is shown below in the alternative language. You may click the link to switch the active language.<\/p><p><strong>Elektrik ticareti alan\u0131nda \u00e7al\u0131\u015fmaya yeni ba\u015flayan profesyoneller, elektrik toptan sat\u0131\u015f \u015firketi kurmak isteyen giri\u015fimciler, piyasa bilgilerini tazelemek isteyen profesyoneller ve elektrik ticareti alan\u0131nda \u00e7al\u0131\u015fmak isteyen adaylar i\u00e7in haz\u0131rlanm\u0131\u015f olan Elektrik Ticareti E\u011fitimi 1-2 Kas\u0131m tarihlerinde \u0130stanbul&#8217;da ger\u00e7ekle\u015fecektir.<\/strong><\/p>\n<p>2010 y\u0131l\u0131nda Enerji Sekt\u00f6r\u00fc&#8217;nde ihtiya\u00e7 duyulan nitelikli istihdam\u0131 ve istihdam kalitesini art\u0131rmak ve T\u00fcrkiye enerji sekt\u00f6r\u00fcn\u00fcn d\u00fcnyadaki rekabet avantaj\u0131n\u0131 y\u00fckseltmek amac\u0131yla kurulan Enerj\u0130K, kuruldu\u011fu g\u00fcnden bu yana enerji sekt\u00f6r\u00fcne insan kaynaklar\u0131 ve e\u011fitim dan\u0131\u015fmanl\u0131\u011f\u0131 hizmetleri sunmaktad\u0131r.<\/p>\n<p>Enerji sekt\u00f6r\u00fcn\u00fcn e\u011fitim alan\u0131nda ihtiya\u00e7lar\u0131n\u0131 kar\u015f\u0131lamak amac\u0131yla ger\u00e7ekle\u015ftirdi\u011fi e\u011fitimlerle fark yaratan Enerj\u0130K, 1-2 Kas\u0131m tarihlerinde &#8220;Elektrik Ticareti E\u011fitimi&#8221;ni ilgililere sunacak.<\/p>\n<p>Alan\u0131nda uzman e\u011fitmenler taraf\u0131ndan verilecek derslerle kat\u0131l\u0131mc\u0131lar\u0131n \u201cElektrik Ticareti E\u011fitimi\u201dnde uzmanla\u015fmas\u0131 ve sekt\u00f6r\u00fcn bu ihtiyac\u0131na cevaplar \u00fcretmeleri sa\u011flanacakt\u0131r. E\u011fitime elektrik ticareti yapan \u015firketlerin \u00e7al\u0131\u015fanlar\u0131n\u0131n yan\u0131 s\u0131ra bu konuyla \u00f6zel olarak ilgilenen herkes kat\u0131labilir.<\/p>\n<p><strong>Elektrik Ticareti E\u011fitimi,<\/strong> <strong>1- 2 Kas\u0131m<\/strong> tarihlerinde <strong>09:30 &#8211; 17:30<\/strong> saatleri aras\u0131nda<strong> \u0130stanbul Point Barbaros Hotel\u2019de<\/strong> ger\u00e7ekle\u015fecektir.<\/p>\n<p>Erken kay\u0131t ve grup kat\u0131l\u0131m avantajlar\u0131ndan faydalanmak i\u00e7in l\u00fctfen organizasyon yetkililerimizle ileti\u015fime ge\u00e7iniz.<\/p>\n<p><strong>&#8220;ELEKTR\u0130K T\u0130CARET E\u011e\u0130T\u0130M\u0130&#8221; PROGRAM \u0130\u00c7ER\u0130\u011e\u0130<\/strong><\/p>\n<p><strong>1-2 KASIM 2013<\/strong><\/p>\n<p><strong><a href=\"https:\/\/www.enerjigazetesi.ist\/wp-content\/uploads\/2013\/10\/elektrik-ticareti-egitimine-kayitlar-basladi.jpg\"><img loading=\"lazy\" class=\"alignright size-medium wp-image-16425\" title=\"elektrik-ticareti-egitimine-kayitlar-basladi\" src=\"https:\/\/www.enerjigazetesi.ist\/wp-content\/uploads\/2013\/10\/elektrik-ticareti-egitimine-kayitlar-basladi-300x214.jpg\" alt=\"\" width=\"300\" height=\"214\" srcset=\"https:\/\/www.enerjigazetesi.ist\/wp-content\/uploads\/2013\/10\/elektrik-ticareti-egitimine-kayitlar-basladi-300x214.jpg 300w, https:\/\/www.enerjigazetesi.ist\/wp-content\/uploads\/2013\/10\/elektrik-ticareti-egitimine-kayitlar-basladi-500x356.jpg 500w, https:\/\/www.enerjigazetesi.ist\/wp-content\/uploads\/2013\/10\/elektrik-ticareti-egitimine-kayitlar-basladi-70x50.jpg 70w, https:\/\/www.enerjigazetesi.ist\/wp-content\/uploads\/2013\/10\/elektrik-ticareti-egitimine-kayitlar-basladi.jpg 650w\" sizes=\"(max-width: 300px) 100vw, 300px\" \/><\/a>1.\u00a0\u00a0\u00a0 T\u00fcrkiye Elektrik Piyasas\u0131 ve Mevzuat<\/strong><\/p>\n<p>a.\u00a0\u00a0\u00a0 Elektrik Piyasas\u0131n\u0131n D\u00fcn\u00fc, Bug\u00fcn\u00fc ve Yar\u0131n\u0131<\/p>\n<p>b.\u00a0\u00a0\u00a0 Temel Kavramlar<\/p>\n<p>c.\u00a0\u00a0\u00a0 Piyasa Kavram\u0131 ve Elektrik Piyasas\u0131n\u0131n \u00d6zellikleri\/Di\u011fer Piyasalardan Farklar\u0131<\/p>\n<p>d.\u00a0\u00a0\u00a0 Elektrik Piyasas\u0131nda G\u00f6revi ve Sorumlulu\u011fu Bulunan Kurumlar (Reg\u00fclat\u00f6r, Sistem Operat\u00f6r\u00fc, Piyasa Operat\u00f6r\u00fc)<\/p>\n<p>e.\u00a0\u00a0\u00a0 Elektrik Piyasas\u0131 Mevzuat\u0131<\/p>\n<p><strong>2.\u00a0\u00a0\u00a0 Dengeleme ve Uzla\u015ft\u0131rma Y\u00f6netmeli\u011fi ve G\u00fcncel D\u00fczenlemeler<\/strong><\/p>\n<p><strong>3.\u00a0\u00a0\u00a0 Serbest T\u00fcketicilik ve \u0130kili Anla\u015fmalar<\/strong><\/p>\n<p>a.\u00a0\u00a0\u00a0 Serbest T\u00fcketicilik ve \u015eartlar\u0131<\/p>\n<p>b.\u00a0\u00a0\u00a0 S\u00fcre\u00e7ler<\/p>\n<p>c.\u00a0\u00a0\u00a0 Y\u00fck Profilleme ve Maliyet Hesaplama (T\u00fcketim Tahmini ve M\u00fc\u015fteri Se\u00e7imi)<\/p>\n<p>d.\u00a0\u00a0\u00a0 Teklif Haz\u0131rlama, Pazarl\u0131k ve Anla\u015fma<\/p>\n<p>e.\u00a0\u00a0\u00a0 Uzla\u015ft\u0131rma Raporlar\u0131, Faturalama ve Tahsil\u00e2t S\u00fcre\u00e7leri<\/p>\n<p>f.\u00a0\u00a0\u00a0 Dikkat Edilmesi Gereken Hususlar, Kar\u015f\u0131la\u015f\u0131labilecek Sorunlar, \u00c7\u00f6z\u00fcmler<\/p>\n<p><strong>4.\u00a0\u00a0\u00a0 Takasbank<\/strong><\/p>\n<p>a.\u00a0\u00a0\u00a0 Sistem \u0130\u015fleyi\u015fi ve S\u00fcre\u00e7ler<\/p>\n<p>b.\u00a0\u00a0\u00a0 Teminat, \u00d6deme ve Tahsil\u00e2t \u0130\u015flemleri<\/p>\n<p>c.\u00a0\u00a0\u00a0 Raporlama \u0130\u015flemleri<\/p>\n<p><strong>5.\u00a0\u00a0\u00a0 Dengeleme G\u00fc\u00e7 Piyasas\u0131 Y\u00f6netim Sistemi (DGPYS)<\/strong><\/p>\n<p>a.\u00a0\u00a0\u00a0 Dengeleme G\u00fc\u00e7 Piyasas\u0131 Y\u00f6netim Sistemi\u2019ne Genel Bak\u0131\u015f<\/p>\n<p>b.\u00a0\u00a0\u00a0 Serbest T\u00fcketici \u0130lk Kay\u0131t \u0130\u015flemleri<\/p>\n<p>c.\u00a0\u00a0\u00a0 Tedarik\u00e7iler Aras\u0131 Transferler<\/p>\n<p>d.\u00a0\u00a0\u00a0 Portf\u00f6yden \u00c7\u0131karma, Onay\/Red \u0130\u015flemleri<\/p>\n<p>e.\u00a0\u00a0\u00a0 \u00c7eki\u015f Verilerinin Sorgulanmas\u0131 ve Faturalama<\/p>\n<p><strong>6.\u00a0\u00a0\u00a0 G\u00fcn \u00d6ncesi Piyasas\u0131<\/strong><\/p>\n<p>a.\u00a0\u00a0\u00a0 Teklifler<\/p>\n<p>b.\u00a0\u00a0\u00a0 Piyasa Takas Fiyat\u0131\u2019n\u0131n Belirlenmesi<\/p>\n<p>c.\u00a0\u00a0\u00a0 Dengeleme G\u00fc\u00e7 Piyasas\u0131 ve SMF<\/p>\n<p>d.\u00a0\u00a0\u00a0 Teklif Olu\u015fturma Senaryolar\u0131<\/p>\n<p>e.\u00a0\u00a0\u00a0 S\u00fcre\u00e7ler<\/p>\n<p><strong>7.\u00a0\u00a0\u00a0 S\u00f6zle\u015fme M\u00fczakereleri ve S\u00f6zle\u015fme Y\u00f6netimi<\/strong><\/p>\n<p>a.\u00a0\u00a0\u00a0 S\u00f6zle\u015fmenin \u00d6nemi ve Esasl\u0131 Unsurlar\u0131<\/p>\n<p>b.\u00a0\u00a0\u00a0 S\u00f6zle\u015fmede Temel Noktalar ve Esneklik Sa\u011flanabilecek Hususlar<\/p>\n<p>c.\u00a0\u00a0\u00a0 S\u00f6zle\u015fmede Belirlenen Ko\u015fullar\u0131n M\u00fc\u015fteriye Aktar\u0131lmas\u0131<\/p>\n<p>d.\u00a0\u00a0\u00a0 Serbest T\u00fcketici S\u00f6zle\u015fmeleri<\/p>\n<p>e.\u00a0\u00a0\u00a0 Lisansl\u0131 Kat\u0131l\u0131mc\u0131lar Aras\u0131ndaki S\u00f6zle\u015fmeler<\/p>\n<p><strong>8.\u00a0\u00a0\u00a0 Elektrik Sat\u0131\u015f\u0131nda Farkl\u0131la\u015fma ve Fark\u0131ndal\u0131k<\/strong><\/p>\n<p>a.\u00a0\u00a0\u00a0 Elektri\u011fin bir meta olarak sat\u0131ld\u0131\u011f\u0131 pazar\u0131n \u00f6zellikleri<\/p>\n<p>b.\u00a0\u00a0\u00a0 Bir hizmet pazarlamas\u0131 olarak elektri\u011fin analizi<\/p>\n<p>c.\u00a0\u00a0\u00a0 Artan t\u00fcketici potansiyeli ile birlikte piyasada \u00e7\u0131kan i\u015f modelleri<\/p>\n<p>d.\u00a0\u00a0\u00a0 \u0130ndirimli elektrik ticaretinin mevcut foto\u011fraf\u0131 (Taraflar\u0131, farkl\u0131 sat\u0131\u015f kanallar\u0131, bak\u0131\u015f a\u00e7\u0131s\u0131, do\u011fru ve yanl\u0131\u015f uygulamalar\u0131 gibi ilgili t\u00fcm detaylar)<\/p>\n<p>e.\u00a0\u00a0\u00a0 Tedarik\u00e7i cephesindeki \u0131srarl\u0131 strateji: Fiyat K\u0131rma Yar\u0131\u015f\u0131 (Ne kadar do\u011fru? Kar m\u0131 yoksa zarar m\u0131 getiriyor?)<\/p>\n<p>f.\u00a0\u00a0\u00a0\u00a0 Uzun vadede fayda getirecek t\u00fcketici tavlama sanat\u0131 i\u00e7in bilinmesi gerekenler: T\u00fcketici Asl\u0131nda Ne ister?<\/p>\n<p>g.\u00a0\u00a0\u00a0 Fiyat-Farkl\u0131la\u015fma Bumerang\u0131 (Tedarik\u00e7i i\u00e7in farkl\u0131la\u015fma mantalitesinin \u00f6nemi, farkl\u0131la\u015fma potansiyelleri ve bunu t\u00fcketiciye anlatabilmesi)<\/p>\n<p>h.\u00a0\u00a0\u00a0 Fiyat-Fark\u0131ndal\u0131k Bumerang\u0131 (T\u00fcketici i\u00e7in fark\u0131ndal\u0131\u011f\u0131n \u00f6nemi ve fark\u0131nda olan t\u00fcketici ile i\u015fbirli\u011finin daha uzun s\u00fcrd\u00fc\u011f\u00fc ger\u00e7e\u011fi)<\/p>\n<p>i.\u00a0\u00a0\u00a0\u00a0 T\u00fcketici ile Tedarik\u00e7i kar\u015f\u0131 kar\u015f\u0131ya geliyor (Sat\u0131\u015f g\u00f6r\u00fc\u015fmeleri ve s\u00f6zle\u015fme sonras\u0131 tedarik s\u00fcrecinde, rekabet a\u00e7\u0131s\u0131ndan dikkat edilmesi gereken noktalar)<\/p>\n<p><strong>Ayr\u0131nt\u0131l\u0131 bilgi ve kay\u0131t i\u00e7in;<\/strong><\/p>\n<p><strong>Simay Engin<\/strong><\/p>\n<p><strong>Tel: 0536 074 36 46 &#8211; 0312 495 94 82 &#8211; E-mail:<\/strong><strong> <a href=\"mailto:sengin@enerjik.com.tr\">sengin@enerjik.com.tr<\/a><\/strong><\/p>\n<p>Yay\u0131nc\u0131: <a href=\"https:\/\/www.enerjigazetesi.ist\" target=\"_blank\">Enerji Gazetesi<\/a><\/p>","protected":false},"excerpt":{"rendered":"<p>Sorry, this entry is only available in Turkish. For the sake of viewer convenience, the content is shown below in the alternative language. You may click the link to switch the active language.Elektrik ticareti alan\u0131nda \u00e7al\u0131\u015fmaya yeni ba\u015flayan profesyoneller, elektrik toptan sat\u0131\u015f \u015firketi kurmak isteyen giri\u015fimciler, piyasa bilgilerini tazelemek isteyen profesyoneller ve elektrik ticareti alan\u0131nda [&hellip;]<\/p>\n","protected":false},"author":1,"featured_media":16425,"comment_status":"open","ping_status":"open","sticky":false,"template":"","format":"standard","meta":[],"categories":[51,53,4],"tags":[9534,8699,9532,9533,63,67,1009,165,9535,3226,1967],"views":1698,"_links":{"self":[{"href":"https:\/\/www.enerjigazetesi.ist\/en\/wp-json\/wp\/v2\/posts\/16424"}],"collection":[{"href":"https:\/\/www.enerjigazetesi.ist\/en\/wp-json\/wp\/v2\/posts"}],"about":[{"href":"https:\/\/www.enerjigazetesi.ist\/en\/wp-json\/wp\/v2\/types\/post"}],"author":[{"embeddable":true,"href":"https:\/\/www.enerjigazetesi.ist\/en\/wp-json\/wp\/v2\/users\/1"}],"replies":[{"embeddable":true,"href":"https:\/\/www.enerjigazetesi.ist\/en\/wp-json\/wp\/v2\/comments?post=16424"}],"version-history":[{"count":2,"href":"https:\/\/www.enerjigazetesi.ist\/en\/wp-json\/wp\/v2\/posts\/16424\/revisions"}],"predecessor-version":[{"id":16977,"href":"https:\/\/www.enerjigazetesi.ist\/en\/wp-json\/wp\/v2\/posts\/16424\/revisions\/16977"}],"wp:featuredmedia":[{"embeddable":true,"href":"https:\/\/www.enerjigazetesi.ist\/en\/wp-json\/wp\/v2\/media\/16425"}],"wp:attachment":[{"href":"https:\/\/www.enerjigazetesi.ist\/en\/wp-json\/wp\/v2\/media?parent=16424"}],"wp:term":[{"taxonomy":"category","embeddable":true,"href":"https:\/\/www.enerjigazetesi.ist\/en\/wp-json\/wp\/v2\/categories?post=16424"},{"taxonomy":"post_tag","embeddable":true,"href":"https:\/\/www.enerjigazetesi.ist\/en\/wp-json\/wp\/v2\/tags?post=16424"}],"curies":[{"name":"wp","href":"https:\/\/api.w.org\/{rel}","templated":true}]}}