{"id":164168,"date":"2022-11-29T15:14:41","date_gmt":"2022-11-29T12:14:41","guid":{"rendered":"https:\/\/www.enerjigazetesi.ist\/?p=164168"},"modified":"2022-11-29T15:49:00","modified_gmt":"2022-11-29T12:49:00","slug":"tupras-2030-yilina-kadar-emisyonlarini-yuzde-27-oraninda-azaltacak","status":"publish","type":"post","link":"https:\/\/www.enerjigazetesi.ist\/en\/tupras-2030-yilina-kadar-emisyonlarini-yuzde-27-oraninda-azaltacak\/","title":{"rendered":"(Turkish) T\u00fcpra\u015f 2030 Y\u0131l\u0131na Kadar Emisyonlar\u0131n\u0131 % 27 Oran\u0131nda Azaltacak"},"content":{"rendered":"<p class=\"qtranxs-available-languages-message qtranxs-available-languages-message-en\">Sorry, this entry is only available in <a href=\"https:\/\/www.enerjigazetesi.ist\/tr\/wp-json\/wp\/v2\/posts\/164168\" class=\"qtranxs-available-language-link qtranxs-available-language-link-tr\" title=\"Turkish\">Turkish<\/a>. For the sake of viewer convenience, the content is shown below in the alternative language. You may click the link to switch the active language.<\/p><p><\/p>\n<h2>\u201cEnerjimiz Gelece\u011fe\u201d mottosuyla, s\u00fcrd\u00fcr\u00fclebilir bir T\u00fcrkiye i\u00e7in gelece\u011fin enerjisini \u00fcretmek hedefiyle 2021 y\u0131l\u0131nda Stratejik D\u00f6n\u00fc\u015f\u00fcm Plan\u0131n\u0131 a\u00e7\u0131klayan T\u00fcpra\u015f, d\u00f6n\u00fc\u015f\u00fcm yolculu\u011fundaki ilk y\u0131l\u0131n\u0131 tamamlad\u0131. Plan kapsam\u0131nda 2030 y\u0131l\u0131na kadar emisyonlar\u0131n\u0131 y\u00fczde 27 azaltaca\u011f\u0131n\u0131, 2050 y\u0131l\u0131nda karbon n\u00f6tr enerji \u015firketine d\u00f6n\u00fc\u015f\u00fcm hedefini a\u00e7\u0131klayan T\u00fcpra\u015f, yakla\u015f\u0131k yar\u0131s\u0131 s\u00fcrd\u00fcr\u00fclebilirlik hedeflerine y\u00f6nelik olmak \u00fczere, 2022 y\u0131l\u0131 sonunda 200 milyon dolar yat\u0131r\u0131m yapmay\u0131 hedefliyor.<\/h2>\n<p>T\u00fcrkiye\u2019nin<strong> ulusal akaryak\u0131t ihtiyac\u0131n\u0131 kesintisiz \u015fekilde kar\u015f\u0131lamaya<\/strong> devam ettiklerini belirten <strong>T\u00fcpra\u015f Genel M\u00fcd\u00fcr\u00fc \u0130brahim Yelmeno\u011flu<\/strong>, bir y\u0131l \u00f6nce a\u00e7\u0131klad\u0131klar\u0131 Stratejik D\u00f6n\u00fc\u015f\u00fcm Plan\u0131yla, T\u00fcrkiye\u2019nin de<strong> karbon taahh\u00fctlerine<\/strong> \u00f6nemli katk\u0131da bulunacak yat\u0131r\u0131mlar\u0131 h\u0131zla hayata ge\u00e7irmeye devam ettiklerini s\u00f6yledi. Ge\u00e7ti\u011fimiz g\u00fcnlerde M\u0131s\u0131r\u2019\u0131n \u015earm El \u015eeyh kentinde ger\u00e7ekle\u015ftirilen Birle\u015fmi\u015f Milletler \u0130klim De\u011fi\u015fikli\u011fi Konferans\u0131\u2019nda; pandeminin etkilerini hen\u00fcz atlatmam\u0131\u015f olan, jeopolitik gerilimlerle m\u00fccadele eden d\u00fcnya a\u00e7\u0131s\u0131ndan son derece \u00f6nemli oldu\u011funa dikkat \u00e7eken <strong>Yelmeno\u011flu<\/strong>, <em>\u201cBizim de kat\u0131l\u0131m sa\u011flad\u0131\u011f\u0131m\u0131z 27. Taraflar Konferans\u0131\u2019n\u0131n (COP27) temel g\u00fcndem maddesi olan iklim de\u011fi\u015fikli\u011fiyle m\u00fccadele her ge\u00e7en g\u00fcn daha da \u00f6nemli hale geliyor. Biz de T\u00fcpra\u015f olarak, \u00fczerimize<img loading=\"lazy\" class=\"alignright wp-image-164170\" src=\"https:\/\/www.enerjigazetesi.ist\/wp-content\/uploads\/2022\/11\/1669713671_brahim_Yelmeno__lu.jpg\" alt=\"T\u00fcpra\u015f Genel M\u00fcd\u00fcr\u00fc \u0130brahim Yelmeno\u011flu\" width=\"270\" height=\"405\" srcset=\"https:\/\/www.enerjigazetesi.ist\/wp-content\/uploads\/2022\/11\/1669713671_brahim_Yelmeno__lu.jpg 550w, https:\/\/www.enerjigazetesi.ist\/wp-content\/uploads\/2022\/11\/1669713671_brahim_Yelmeno__lu-200x300.jpg 200w, https:\/\/www.enerjigazetesi.ist\/wp-content\/uploads\/2022\/11\/1669713671_brahim_Yelmeno__lu-267x400.jpg 267w, https:\/\/www.enerjigazetesi.ist\/wp-content\/uploads\/2022\/11\/1669713671_brahim_Yelmeno__lu-33x50.jpg 33w, https:\/\/www.enerjigazetesi.ist\/wp-content\/uploads\/2022\/11\/1669713671_brahim_Yelmeno__lu-500x749.jpg 500w\" sizes=\"(max-width: 270px) 100vw, 270px\" \/> d\u00fc\u015feni t\u00fcm enerjimizle yerine getirmek i\u00e7in Stratejik D\u00f6n\u00fc\u015f\u00fcm Plan\u0131m\u0131z kapsam\u0131nda, ulusal ve uluslararas\u0131 i\u015f birliklerinin de g\u00fcc\u00fcyle emin ad\u0131mlarla ilerlemeye devam ediyoruz. <strong>2050 y\u0131l\u0131nda<\/strong> <strong>karbon n\u00f6tr<\/strong> bir enerji \u015firketi olma hedefimiz kapsam\u0131nda, rafinaj alan\u0131nda <strong>enerji verimlili\u011fimizi art\u0131rmaya<\/strong> ve <strong>karbonsuzla\u015ft\u0131rma projelerine<\/strong> odaklan\u0131yoruz. Ayn\u0131 zamanda, sekt\u00f6rdeki tecr\u00fcbemizle odakland\u0131\u011f\u0131m\u0131z yeni i\u015f alanlar\u0131 olan <strong>ye\u015fil hidrojen, s\u0131f\u0131r karbonlu elektrik<\/strong> ve <strong>biyoyak\u0131t \u00fcretimine yat\u0131r\u0131m<\/strong> yap\u0131yor ve halihaz\u0131rdaki lider pozisyonumuzu gelece\u011fin <strong>d\u00fc\u015f\u00fck karbonlu enerji piyasalar\u0131<\/strong>nda da devam ettirmeyi planl\u0131yoruz\u201d<\/em> ifadelerini kulland\u0131.<\/p>\n<p><strong>Stratejik D\u00f6n\u00fc\u015f\u00fcm Plan\u0131<\/strong> hedeflerine do\u011fru ilerlerken, 2022 y\u0131l\u0131nda yakla\u015f\u0131k yar\u0131s\u0131 s\u00fcrd\u00fcr\u00fclebilirlik yat\u0131r\u0131mlar\u0131na olmak \u00fczere toplamda 200 milyon dolar yat\u0131r\u0131m ger\u00e7ekle\u015ftirmeyi hedeflediklerini \u00a0kaydeden <strong>Yelmeno\u011flu<\/strong>, <em>\u201c<strong>S\u0131f\u0131r karbonlu elektrik \u00fcretimi<\/strong> konusunda \u00f6nemli bir ad\u0131m olan Entek hisselerinin devral\u0131nmas\u0131 ba\u015fta olmak \u00fczere \u00e7e\u015fitli yat\u0131r\u0131mlar ger\u00e7ekle\u015ftirdik. S\u00fcrd\u00fcr\u00fclebilir havac\u0131l\u0131k yak\u0131t\u0131 \u00fcretimine y\u00f6nelik olarak <strong>Honeywell UOP<\/strong> ile lisans anla\u015fmas\u0131 imzalanmas\u0131, Avrupa hidrojen pazar\u0131n\u0131n lider payda\u015f kurulu\u015fu <strong>Hydrogen Europe \u00fcyeli\u011fi<\/strong>,<strong> \u0130klimle Ba\u011flant\u0131l\u0131 Finansal Beyanlar G\u00f6rev G\u00fcc\u00fc (TCFD) kat\u0131l\u0131m\u0131 ve T\u00fcpra\u015f Enerji Giri\u015fimleri A.\u015e.<\/strong>\u2019nin kurulumu bunlardan birka\u00e7\u0131\u201d<\/em> dedi.<\/p>\n<h3><strong>T\u00fcpra\u015f\u2019\u0131n Stratejik D\u00f6n\u00fc\u015f\u00fcm\u00fcnde bir y\u0131l\u0131n sat\u0131r ba\u015flar\u0131<\/strong><\/h3>\n<p>Ba\u015far\u0131l\u0131 geli\u015fmelerin bir sonucu olarak Bloomberg\u2019in 2022\u2019de <strong>\u201c\u0130zlenmesi Gereken 50 \u015eirket\u201d<\/strong> listesinde yer alan tek T\u00fcrk \u015firketi olduklar\u0131n\u0131 da hat\u0131rlatan <strong>T\u00fcpra\u015f Genel M\u00fcd\u00fcr\u00fc \u0130brahim Yelmeno\u011flu<\/strong>, <em>\u201cT\u00fcrkiye\u2019nin en b\u00fcy\u00fck sanayi \u015firketi konumunu g\u00fc\u00e7lendirmeye devam ederken, \u00fclkemizin\u00a0<\/em><strong><em>emiz enerji d\u00f6n\u00fc\u015f\u00fcm\u00fcne de\u00a0<\/em><\/strong><em>t\u00f6nc\u00fcl\u00fck etmenin gururunu ya\u015f\u0131yoruz\u201d<\/em> diyerek bir y\u0131ll\u0131k s\u00fcre\u00e7te ger\u00e7ekle\u015ftirdikleri yat\u0131r\u0131m ve \u00e7al\u0131\u015fmalar hakk\u0131nda <span style=\"text-decoration: underline;\">\u015fu bilgileri aktard\u0131:<\/span><\/p>\n<p>\u201c<strong>S\u00fcrd\u00fcr\u00fclebilir havac\u0131l\u0131k yak\u0131t\u0131<\/strong> \u00fcretiminde<strong> Ecofining\u2122<\/strong> teknolojisinin kullan\u0131m\u0131 i\u00e7in d\u00fcnyan\u0131n \u00f6nde gelen teknoloji \u015firketlerinden Honeywell UOP ile imzalad\u0131\u011f\u0131m\u0131z lisans anla\u015fmas\u0131 kapsam\u0131nda kurmay\u0131 planlad\u0131\u011f\u0131m\u0131z tesisimizde, stratejik d\u00f6n\u00fc\u015f\u00fcm plan\u0131m\u0131z\u0131n bir par\u00e7as\u0131 olan <strong>biyoyak\u0131t<\/strong> i\u015f alan\u0131na y\u00f6nelik ad\u0131mlar\u0131m\u0131z\u0131 s\u00fcrd\u00fcrece\u011fiz. <strong>\u0130zmir rafinerimizde<\/strong> \u00e7al\u0131\u015fmalara ba\u015flad\u0131k. \u0130htiyac\u0131m\u0131z olan <strong>bio bazl\u0131 at\u0131k hammaddeyi temin edebilmek<\/strong> i\u00e7in i\u015f birli\u011fi g\u00f6r\u00fc\u015fmelerimiz de s\u00fcr\u00fcyor.<\/p>\n<p>Yine d\u00f6n\u00fc\u015f\u00fcm plan\u0131m\u0131zda yer alan ve \u015firketimizin gelecekte odaklanaca\u011f\u0131 d\u00f6rt stratejik i\u015f kolundan biri olan <strong>\u2018S\u0131f\u0131r Karbonlu Elektrik\u2019<\/strong> alan\u0131nda \u00f6nemli bir yat\u0131r\u0131m ger\u00e7ekle\u015ftirdik. Ko\u00e7 Holding ve Aygaz\u2019\u0131n i\u015ftiraki, <strong>sekiz hidroelektrik, bir r\u00fczg\u00e2r ve bir do\u011fal gaz \u00e7evrim santrali<\/strong> bulunan, toplamda<strong> 442 MW<\/strong> kapasiteli <strong>Entek\u2019in hisselerinin T\u00fcpra\u015f taraf\u0131ndan devral\u0131nmas\u0131yla<\/strong> \u00f6nemli bir hamle yapt\u0131k. Bu birliktelik \u015firketimizin stratejik d\u00f6n\u00fc\u015f\u00fcm yolculu\u011fundaki \u00fcretim portf\u00f6y\u00fcne g\u00fc\u00e7l\u00fc bir katk\u0131 sunarken, \u00fclkemizin temiz enerji gelece\u011fine de ivme kazand\u0131rmay\u0131 hedefliyor. Entek\u2019in T\u00fcpra\u015f b\u00fcnyesine kat\u0131lmas\u0131 ile 2030\u2019da <strong>1 GW<\/strong> ve 2035\u2019te <strong>2,5 GW s\u0131f\u0131r karbonlu kurulu g\u00fc\u00e7<\/strong> hedefimize ula\u015fma anlam\u0131nda \u00f6nemli bir a\u015fama kaydederek ilerlemeye devam ediyoruz. Entek\u2019in, yenilenebilir enerji alan\u0131ndaki birikimi ve uzmanl\u0131\u011f\u0131 ile son derece yetkin insan kayna\u011f\u0131n\u0131n da T\u00fcpra\u015f ailesine kat\u0131lmas\u0131, sadece s\u0131f\u0131r karbonlu elektrik \u00fcretimimizde de\u011fil stratejik d\u00f6n\u00fc\u015f\u00fcm plan\u0131m\u0131z\u0131n hayata ge\u00e7irilme s\u00fcre\u00e7lerinde b\u00fcy\u00fck bir sinerji olu\u015fturmaya ba\u015flad\u0131. Entek ge\u00e7ti\u011fimiz hafta yay\u0131mlanan <strong>Elektrik Piyasas\u0131nda Depolama Faaliyetleri Y\u00f6netmeli\u011fi<\/strong> kapsam\u0131nda, EPDK\u2019ya <strong>depolama tesisi kurmak taahh\u00fcd\u00fc<\/strong> ile mevcut kapasitesine ilave olarak <strong>150 MW GES<\/strong> ve <strong>854,5 MW RES<\/strong> olmak \u00fczere toplamda <strong>15 proje<\/strong> ile <strong>1.004,5 MW<\/strong> ilave kapasite i\u00e7in <strong>\u00f6n lisans ba\u015fvurusu<\/strong> yapt\u0131. Ba\u015fvurular\u0131n olumlu de\u011ferlendirilmesi durumunda \u00f6n lisans almaya hak kazanaca\u011f\u0131z. \u015eirketimiz yenilenebilir alandaki g\u00fc\u00e7l\u00fc b\u00fcy\u00fcme hedeflerine depolama tesislerini de ilave ederek gelece\u011fin enerji d\u00fcnyas\u0131nda \u00f6nemli bir oyuncu olma hedefinde g\u00fc\u00e7l\u00fc bir \u015fekilde ilerliyor. Bununla birlikte rafineri sahalar\u0131m\u0131zda da s\u0131f\u0131r karbonlu elektrik \u00fcretimine y\u00f6nelik yat\u0131r\u0131mlar\u0131m\u0131z devam ediyor. Bu kapsamda, <strong>K\u0131r\u0131kkale Rafinerisi<\/strong>\u2019nde<strong> Haziran 2023\u2019te<\/strong> devreye al\u0131nmas\u0131 planlanan <strong>12,6 MW<\/strong> kapasiteli <strong>G\u00fcne\u015f Enerjisi Santrali yap\u0131m s\u00f6zle\u015fmesi<\/strong>ni Eyl\u00fcl ay\u0131nda imzalad\u0131k ve ilave <strong>54,4 MW<\/strong> kapasite i\u00e7in de ba\u015fvurumuzu tamamlad\u0131k.<\/p>\n<p>Di\u011fer yandan, <strong>bio bazl\u0131 \u00fcr\u00fcnler, ye\u015fil hidrojen, s\u0131f\u0131r karbon elektrik, karbon y\u00f6netimi<\/strong> gibi \u00f6ncelikli konular ve bu konularla ilgili yan sekt\u00f6rler ba\u015fta olmak \u00fczere, <strong>ak\u0131ll\u0131 bili\u015fim teknolojileri, ye\u015fil enerji, enerji verimlili\u011fi, \u00e7evre ve geri d\u00f6n\u00fc\u015f\u00fcm, at\u0131k y\u00f6netimi, robotik \u00e7\u00f6z\u00fcm teknolojileri<\/strong> alanlar\u0131ndaki yurt i\u00e7i ve yurt d\u0131\u015f\u0131 teknoloji giri\u015fimlere yat\u0131r\u0131m amac\u0131yla <strong>Eyl\u00fcl 2022<\/strong>\u2019de <strong>T\u00fcpra\u015f Enerji Giri\u015fimleri A.\u015e. \u201cT\u00fcpra\u015f Ventures\u2019\u0131\u201d<\/strong> 100% T\u00fcpra\u015f i\u015ftiraki olarak kurduk.<\/p>\n<p><strong>Ye\u015fil hidrojen<\/strong> alan\u0131nda da ilk hedefimiz olan 2025 y\u0131l\u0131na kadar bir<strong> demo tesisi kurma<\/strong> \u00fczerinde \u00e7al\u0131\u015fmalar\u0131m\u0131z aral\u0131ks\u0131z s\u00fcr\u00fcyor. Hem <strong>enerji verimlili\u011fi<\/strong> hem de<strong> katma de\u011feri y\u00fcksek yeni \u00fcr\u00fcnlerin<\/strong> \u00fcretimi i\u00e7in yat\u0131r\u0131mlar da t\u00fcm h\u0131z\u0131yla ilerliyor. Bu aksiyonlar\u0131 g\u00f6z \u00f6n\u00fcne ald\u0131\u011f\u0131m\u0131zda k\u0131sa s\u00fcrede elle tutulur, ciddi i\u015f hamleleri ger\u00e7ekle\u015ftirdik\u201d.<\/p>\n<h3><strong>\u201cS\u00fcrd\u00fcr\u00fclebilir bir d\u00fcnya i\u00e7in de\u011fi\u015fiyoruz\u201d<\/strong><\/h3>\n<p><strong>Yelmeno\u011flu,<\/strong>\u00a0\u201cS\u00fcrd\u00fcr\u00fclebilirlik konusunda bir\u00e7ok yeni veriyi kamu ile payla\u015fmaya ba\u015flad\u0131k. \u015eeffafl\u0131\u011fa ve a\u00e7\u0131k bilgi payla\u015f\u0131m\u0131na \u00e7ok \u00f6nem veriyor ve bunu daha da artt\u0131rmay\u0131 hedefliyoruz. 2021 y\u0131l\u0131nda s\u00fcrd\u00fcr\u00fclebilirli\u011fe y\u00f6nelik \u00e7al\u0131\u015fmalar\u0131m\u0131z sonucunda, FTSE4Good, MSCI ESG Rating, B\u0130ST SE (Refinitiv), Sustainalytics ve Vigeo Eiris, Bloomberg GEI gibi endekslerde de\u011ferlendirme skorlar\u0131m\u0131zda ortalama %22 geli\u015fme kaydettik. Di\u011fer yandan, 2022 y\u0131l\u0131nda \u0130klimle Ba\u011flant\u0131l\u0131 Finansal Beyanlar G\u00f6rev G\u00fcc\u00fcne (TCFD) destek veren k\u00fcresel \u015firketler aras\u0131nda yerimizi alarak, iklim risklerinin daha etkin ve bilin\u00e7li y\u00f6netilmesi ile ilgili kapsaml\u0131 tavsiyeleri \u015feffaf bir \u015fekilde aktarma f\u0131rsat\u0131na sahibiz. 60 y\u0131l\u0131 a\u015fk\u0131n k\u00f6kl\u00fc birikimimizden ald\u0131\u011f\u0131m\u0131z g\u00fc\u00e7le <strong>\u2018Enerjimiz Gelece\u011fe\u2019<\/strong> diyerek ba\u015flatt\u0131\u011f\u0131m\u0131z yolculu\u011fumuzda, gelece\u011fin enerjisini \u00fcretmek i\u00e7in d\u00f6n\u00fc\u015f\u00fcyor, s\u00fcrd\u00fcr\u00fclebilir bir d\u00fcnya i\u00e7in de\u011fi\u015fiyoruz\u201d ifadesini kulland\u0131.\u00a0\u00a02050 Karbon N\u00f6tr yolculu\u011funda \u00f6nemli bir ba\u015fl\u0131k olan \u201cS\u00fcrd\u00fcr\u00fclebilir Rafinaj\u201d alan\u0131nda g\u00fc\u00e7l\u00fc ad\u0131mlar atmay\u0131 s\u00fcrd\u00fcreceklerini belirten <strong>Yelmeno\u011flu<\/strong>, \u201cPortf\u00f6y\u00fcm\u00fcz\u00fc \u00e7e\u015fitlendirmek \u00fczere elimizden gelen t\u00fcm gayreti g\u00f6steriyoruz\u201d dedi.<\/p>\n<h3><strong>\u201c\u0130nsan Kaynaklar\u0131 projemiz Future Fit ile 2030 vizyonuna haz\u0131rlan\u0131yoruz\u201d<\/strong><\/h3>\n<p>\u0130nsan Kaynaklar\u0131 projemiz \u201cFuture Fit projesi ile organizasyonumuza daha b\u00fct\u00fcnsel bakarak, gelecekte ihtiyac\u0131m\u0131z olacak yeni rol ve yetkinlikleri tan\u0131mlayarak, \u00e7al\u0131\u015fma arkada\u015flar\u0131m\u0131z\u0131 bu rollere haz\u0131rlayacak yeni beceri kazand\u0131rma programlar\u0131n\u0131 devreye al\u0131yoruz\u201d diyen <strong>Yelmeno\u011flu,<\/strong> <em>\u201cFuture Fit projemizin, Stratejik D\u00f6n\u00fc\u015f\u00fcm Plan\u0131m\u0131zda yer alan 2030 y\u0131l\u0131nda \u2018S\u00fcrd\u00fcr\u00fclebilir, Rekabet\u00e7i ve Gelece\u011fe Haz\u0131r bir T\u00fcpra\u015f\u2019 hedefimizi destekleyen k\u00fclt\u00fcr d\u00f6n\u00fc\u015f\u00fcm\u00fc i\u00e7in de \u00e7ok \u00f6nemli bir ba\u015flang\u0131\u00e7 oldu\u011funu s\u00f6yleyebiliriz. Ayr\u0131ca, Projemizi s\u00fcrekli iyile\u015ftirme \u00e7al\u0131\u015fmalar\u0131 ve onu besleyen platform yap\u0131lanmalar\u0131 ile bizi gelece\u011fe ta\u015f\u0131yan dinamik bir i\u015f listesi olarak g\u00f6r\u00fcyoruz. Giri\u015fimcilik, inovasyon, a\u00e7\u0131k inovasyon ve start-up entegrasyon ile bug\u00fcn\u00fcn ve yar\u0131n\u0131n i\u015flerine y\u00f6nelik \u00e7al\u0131\u015fmalar\u0131 da y\u00fcr\u00fct\u00fcyoruz. Ayn\u0131 zamanda yerli ve yabanc\u0131 giri\u015fimlerin yenilik\u00e7i teknolojilerini rafinerilerimizde deneyimleyerek i\u015f birli\u011fi geli\u015ftirmeye devam ediyoruz\u201d<\/em> dedi.<\/p>\n<h3><strong>\u201c2022 y\u0131l\u0131ndan itibaren her yeni i\u015fe al\u0131mda, iki ki\u015fiden birinin kad\u0131n olmas\u0131n\u0131 hedefliyoruz\u201d<\/strong><\/h3>\n<p>S\u00fcrd\u00fcr\u00fclebilir bir d\u00fcnya ve gelece\u011fin enerjisi i\u00e7in d\u00f6n\u00fc\u015f\u00fcm\u00fc ger\u00e7ekle\u015ftirirken, sadece ekonomik b\u00fcy\u00fcmeye de\u011fil, toplumsal etki alan\u0131nda fayda yaratmaya odakland\u0131klar\u0131na dikkat \u00e7eken <strong>Yelmeno\u011flu<\/strong>, <strong>\u201cE\u015fitlik i\u00e7in Enerjimiz Bitmez\u2019<\/strong> diyerek bir yola \u00e7\u0131kt\u0131k ve bu do\u011frultuda; kapsay\u0131c\u0131, adil, insan haklar\u0131na sayg\u0131l\u0131 ve emniyetli bir \u00e7al\u0131\u015fma ortam\u0131n\u0131 t\u00fcm s\u00fcre\u00e7lerimizin merkezinde tutuyoruz, dedi.<\/p>\n<p>Mesleklerin cinsiyeti olmad\u0131\u011f\u0131na inanan bir \u015firket olarak; sekt\u00f6r\u00fcm\u00fczde \u00f6nc\u00fc bir uygulamayla, sahada kad\u0131n teknisyenler ve operat\u00f6rler istihdam ediyoruz. 3 y\u0131l \u00f6nce, ilk kez Batman\u2019da olmak \u00fczere, \u0130zmit, K\u0131r\u0131kkale ve \u0130zmir rafineri sahalar\u0131m\u0131zda kad\u0131n operat\u00f6r ve teknisyenlerimiz aram\u0131za kat\u0131ld\u0131lar. Rafineride kad\u0131n m\u00fchendislerimiz hep vard\u0131 ancak sahada vardiyal\u0131 kad\u0131n \u00e7al\u0131\u015fma arkada\u015flar\u0131m\u0131z\u0131n da i\u015fe ba\u015flamas\u0131, hem sekt\u00f6r\u00fcm\u00fcz hem de \u015firketimiz ad\u0131na \u00f6nc\u00fc ve \u00f6rnek bir uygulama oldu. Erkek egemen oldu\u011fu d\u00fc\u015f\u00fcn\u00fclen bir i\u015f kolu i\u00e7in bu cesur ad\u0131m\u0131 atmaktan b\u00fcy\u00fck mutluluk ve gurur duyuyoruz. 2022 y\u0131l\u0131ndan itibaren her yeni i\u015fe al\u0131mda, iki ki\u015fiden birinin kad\u0131n olmas\u0131n\u0131 hedefliyoruz. Di\u011fer yandan, yetenek havuzumuzun ise y\u00fczde 53\u2019\u00fcn\u00fc kad\u0131n \u00e7al\u0131\u015fma arkada\u015flar\u0131m\u0131z olu\u015fturuyor. Bug\u00fcn, M\u00fchendislik, Ar-Ge, \u0130novasyon, Hizmet Tasar\u0131m\u0131 ve Bili\u015fim Teknolojileri alanlar\u0131nda y\u00fczde 24 olan \u00e7al\u0131\u015fan kad\u0131n oran\u0131m\u0131z\u0131, 5 y\u0131l i\u00e7inde y\u00fczde 40\u2019a \u00e7\u0131karmay\u0131, ama\u00e7l\u0131yoruz. Yine \u00f6nc\u00fc bir uygulamayla, \u015firketimizde ge\u00e7en y\u0131l \u00c7e\u015fitlilik, E\u015fitlik, Kapsay\u0131c\u0131l\u0131k (\u00c7EK) Komitesini kurduk ve \u00c7EK Politikam\u0131z\u0131 yay\u0131mlad\u0131k. Komitemiz bu alandaki faaliyetlerimizi yayg\u0131nla\u015ft\u0131rarak g\u00fc\u00e7lendirmek \u00fczere \u00e7al\u0131\u015fmalar\u0131n\u0131 s\u00fcrd\u00fcr\u00fcyor. T\u00fcm bu \u00e7abalar\u0131m\u0131zla Bloomberg\u2019in Toplumsal Cinsiyet E\u015fitli\u011fi Endeksi\u2019nde yer ald\u0131\u011f\u0131m\u0131z\u0131 da mutlulukla belirtmek isterim\u201d dedi.<\/p>\n<h3><strong>T\u00fcpra\u015f, 2022 y\u0131l\u0131nda Birle\u015fmi\u015f Milletler Kad\u0131n Birimi Nesiller Boyu E\u015fitlik Forumu\u2019nda \u00a0\u201cTeknoloji ve \u0130novasyonda Kad\u0131n Program\u0131\u201d ile 5 y\u0131lda, 100 bin k\u0131z \u00f6\u011frenciye eri\u015fim taahh\u00fctlerini payla\u015ft\u0131.<\/strong><\/h3>\n<p>Ko\u00e7 Holding\u2019in Birle\u015fmi\u015f Milletler Kad\u0131n Birimi Nesiller Boyu E\u015fitlik Forumu\u2019ndaki k\u00fcresel liderli\u011fi kapsam\u0131ndaki taahh\u00fctlerine katk\u0131 sa\u011flamak \u00fczere, Teknoloji ve \u0130novasyonda Kad\u0131n Program\u0131\u2019n\u0131 geli\u015ftirdiklerini belirten <strong>Yelmeno\u011flu<\/strong>; y\u00fcr\u00fctece\u011fimiz farkl\u0131 e\u011fitim projeleriyle <strong>5 y\u0131lda,<\/strong> 90 bini ortaokul, 10 bini \u00fcniversite olmak \u00fczere <strong>toplam 100 bin k\u0131z \u00f6\u011frenciye ula\u015fmay\u0131<\/strong> taahh\u00fct ettiklerini ifade etti.<\/p>\n<p>T\u00fcpra\u015f Teknoloji ve \u0130novasyonda Kad\u0131n Program\u0131 ile k\u0131z \u00e7ocuklar\u0131n\u0131n STEM (Fen, Teknoloji, M\u00fchendislik, Matematik) alanlar\u0131nda \u00e7al\u0131\u015fma potansiyellerini ortaya \u00e7\u0131kartmay\u0131 ve teknoloji ve inovasyon ekosistemine eri\u015fimlerini kolayla\u015ft\u0131rmay\u0131 ama\u00e7l\u0131yor. \u015eirket, program\u0131n ilk ad\u0131m\u0131n\u0131 Batman \u00dcniversitesi i\u015f birli\u011fiyle, \u201cGen\u00e7 Beyinlerde \u0130novasyon ve Kad\u0131n Giri\u015fimcilik E\u011fitimleri\u201d ile ba\u015flatt\u0131. E\u011fitim Program\u0131 \u00fcniversitelerde giri\u015fimcilik k\u00fclt\u00fcr\u00fcn\u00fc yayg\u0131nla\u015ft\u0131rmay\u0131, \u00f6ncelikle k\u0131z \u00f6\u011frenciler ba\u015fta olmak \u00fczere gen\u00e7lerin teknoloji ve inovasyon ekosistemine eri\u015fimlerini kolayla\u015ft\u0131rmay\u0131 ama\u00e7l\u0131yor. T\u00fcpra\u015f, takip eden y\u0131llarda faaliyet g\u00f6sterdi\u011fi iller olan Kocaeli, K\u0131r\u0131kkale, \u0130stanbul ve \u0130zmir\u2019deki \u00fcniversitelerle de i\u015f birlikleriyle program\u0131 yayg\u0131nla\u015ft\u0131rmay\u0131 hedefliyor.<\/p>","protected":false},"excerpt":{"rendered":"<p>Sorry, this entry is only available in Turkish. For the sake of viewer convenience, the content is shown below in the alternative language. You may click the link to switch the active language. \u201cEnerjimiz Gelece\u011fe\u201d mottosuyla, s\u00fcrd\u00fcr\u00fclebilir bir T\u00fcrkiye i\u00e7in gelece\u011fin enerjisini \u00fcretmek hedefiyle 2021 y\u0131l\u0131nda Stratejik D\u00f6n\u00fc\u015f\u00fcm Plan\u0131n\u0131 a\u00e7\u0131klayan T\u00fcpra\u015f, d\u00f6n\u00fc\u015f\u00fcm yolculu\u011fundaki ilk y\u0131l\u0131n\u0131 [&hellip;]<\/p>\n","protected":false},"author":1,"featured_media":164172,"comment_status":"open","ping_status":"open","sticky":false,"template":"","format":"standard","meta":[],"categories":[53,44],"tags":[890,12502,1247,106432,80470,101040,1000,53137],"views":98,"_links":{"self":[{"href":"https:\/\/www.enerjigazetesi.ist\/en\/wp-json\/wp\/v2\/posts\/164168"}],"collection":[{"href":"https:\/\/www.enerjigazetesi.ist\/en\/wp-json\/wp\/v2\/posts"}],"about":[{"href":"https:\/\/www.enerjigazetesi.ist\/en\/wp-json\/wp\/v2\/types\/post"}],"author":[{"embeddable":true,"href":"https:\/\/www.enerjigazetesi.ist\/en\/wp-json\/wp\/v2\/users\/1"}],"replies":[{"embeddable":true,"href":"https:\/\/www.enerjigazetesi.ist\/en\/wp-json\/wp\/v2\/comments?post=164168"}],"version-history":[{"count":0,"href":"https:\/\/www.enerjigazetesi.ist\/en\/wp-json\/wp\/v2\/posts\/164168\/revisions"}],"wp:featuredmedia":[{"embeddable":true,"href":"https:\/\/www.enerjigazetesi.ist\/en\/wp-json\/wp\/v2\/media\/164172"}],"wp:attachment":[{"href":"https:\/\/www.enerjigazetesi.ist\/en\/wp-json\/wp\/v2\/media?parent=164168"}],"wp:term":[{"taxonomy":"category","embeddable":true,"href":"https:\/\/www.enerjigazetesi.ist\/en\/wp-json\/wp\/v2\/categories?post=164168"},{"taxonomy":"post_tag","embeddable":true,"href":"https:\/\/www.enerjigazetesi.ist\/en\/wp-json\/wp\/v2\/tags?post=164168"}],"curies":[{"name":"wp","href":"https:\/\/api.w.org\/{rel}","templated":true}]}}