{"id":164122,"date":"2022-11-28T13:50:34","date_gmt":"2022-11-28T10:50:34","guid":{"rendered":"https:\/\/www.enerjigazetesi.ist\/?p=164122"},"modified":"2022-11-28T13:53:53","modified_gmt":"2022-11-28T10:53:53","slug":"kayip-ve-zarar-fonu-karari-iklim-adaletinin-saglanmasinda-onemli-bir-adim","status":"publish","type":"post","link":"https:\/\/www.enerjigazetesi.ist\/en\/kayip-ve-zarar-fonu-karari-iklim-adaletinin-saglanmasinda-onemli-bir-adim\/","title":{"rendered":"(Turkish) Kay\u0131p ve Zarar Fonu Karar\u0131 \u0130klim Adaletinin Sa\u011flanmas\u0131 A\u00e7\u0131s\u0131ndan \u00d6nemli"},"content":{"rendered":"<p class=\"qtranxs-available-languages-message qtranxs-available-languages-message-en\">Sorry, this entry is only available in <a href=\"https:\/\/www.enerjigazetesi.ist\/tr\/wp-json\/wp\/v2\/posts\/164122\" class=\"qtranxs-available-language-link qtranxs-available-language-link-tr\" title=\"Turkish\">Turkish<\/a>. For the sake of viewer convenience, the content is shown below in the alternative language. You may click the link to switch the active language.<\/p><p><\/p>\n<h2><strong>27. Taraflar Konferans\u0131 (COP27)<\/strong> <strong>geli\u015fmekte olan \u00fclkelere finansman deste\u011fi sa\u011flanmas\u0131 i\u00e7in \u201cKay\u0131p ve Zarar Fonu\u201d kurulmas\u0131 karar\u0131 ile sona erdi. <\/strong><strong>SKD T\u00fcrkiye Y\u00f6netim Kurulu Ba\u015fkan\u0131 Ebru Dildar Edin, COP27\u2019ye y\u00f6nelik de\u011ferlendirmesinde <em>\u201cCOP27\u2019de bir ilk ger\u00e7ekle\u015ftirilerek iklim krizi kaynakl\u0131 do\u011fal afetlerden zarar g\u00f6ren \u00fclkelere \u00f6deme sa\u011flanmas\u0131 i\u00e7in al\u0131nan Kay\u0131p ve Zarar Fonu kurulmas\u0131 karar\u0131 iklim adaletinin sa\u011flanmas\u0131 ad\u0131na bug\u00fcne dek at\u0131lan en \u00f6nemli ad\u0131mlardan biridir\u201d<\/em> dedi.<\/strong><\/h2>\n<p><strong>27. Taraflar Konferans\u0131 (COP27),<\/strong> bu y\u0131l <strong>06-18 Kas\u0131m 2022<\/strong> tarihleri aras\u0131nda M\u0131s\u0131r\u2019\u0131n \u015earm El \u015eeyh kentinde yap\u0131ld\u0131. COP27 d\u00fcnyadaki sava\u015f ortam\u0131 ve ekonomik krizler sonras\u0131 iklim krizinin gittik\u00e7e derinle\u015fen etkileri nedeniyle, COP26\u2019da belirlenen <strong>hedef<\/strong> ve<strong> kararlar\u0131n<\/strong> nas\u0131l ilerleyece\u011finin merakla beklendi\u011fi bir zirveydi.<\/p>\n<p><img loading=\"lazy\" class=\"alignright wp-image-164126\" src=\"https:\/\/www.enerjigazetesi.ist\/wp-content\/uploads\/2022\/11\/kayip-ve-zarar-fonu-karari-iklim-adaletinin-saglanmasinda-onemli-bir-adim-2.jpg\" alt=\"\" width=\"270\" height=\"405\" srcset=\"https:\/\/www.enerjigazetesi.ist\/wp-content\/uploads\/2022\/11\/kayip-ve-zarar-fonu-karari-iklim-adaletinin-saglanmasinda-onemli-bir-adim-2.jpg 550w, https:\/\/www.enerjigazetesi.ist\/wp-content\/uploads\/2022\/11\/kayip-ve-zarar-fonu-karari-iklim-adaletinin-saglanmasinda-onemli-bir-adim-2-200x300.jpg 200w, https:\/\/www.enerjigazetesi.ist\/wp-content\/uploads\/2022\/11\/kayip-ve-zarar-fonu-karari-iklim-adaletinin-saglanmasinda-onemli-bir-adim-2-267x400.jpg 267w, https:\/\/www.enerjigazetesi.ist\/wp-content\/uploads\/2022\/11\/kayip-ve-zarar-fonu-karari-iklim-adaletinin-saglanmasinda-onemli-bir-adim-2-33x50.jpg 33w, https:\/\/www.enerjigazetesi.ist\/wp-content\/uploads\/2022\/11\/kayip-ve-zarar-fonu-karari-iklim-adaletinin-saglanmasinda-onemli-bir-adim-2-500x750.jpg 500w\" sizes=\"(max-width: 270px) 100vw, 270px\" \/>\u0130klim krizinin derin etkilerini en fazla ya\u015fayan <strong>geli\u015fmekte olan \u00fclkelere finansman deste\u011fi<\/strong> sa\u011flanmas\u0131 \u00f6n plana \u00e7\u0131kan konular aras\u0131nda yer al\u0131rken; \u00fclkelerin fosil yak\u0131tlar\u0131n kullan\u0131m\u0131n\u0131 azaltma ve iklime zarar veren emisyonlar\u0131 dizginlemedeki hedefleri yetersiz olarak de\u011ferlendirildi. COP26 \u00fclkelerin daha iddial\u0131 hedefler ortaya koymas\u0131na ra\u011fmen baz\u0131 noktalarda yetersiz bulunurken, COP27\u2019de daha g\u00fc\u00e7l\u00fc hedeflerin ortaya konamamas\u0131 iklim krizi hedeflerine ula\u015fma konusundaki endi\u015feleri art\u0131rd\u0131.<\/p>\n<p>S\u00fcrd\u00fcr\u00fclebilir finansman\u0131n d\u00fcnyan\u0131n en \u00f6nemli kaynak meselesi oldu\u011funu belirten SKD T\u00fcrkiye Y\u00f6netim Kurulu Ba\u015fkan\u0131 <strong>Ebru Dildar Edin<\/strong> COP27\u2019yi <span style=\"text-decoration: underline;\">de\u011ferlendirdi:<\/span><\/p>\n<p>\u201cSKD T\u00fcrkiye olarak iklim krizinin sars\u0131c\u0131 etkilerinin en \u00e7ok dezavantajl\u0131 gruplar ve \u00fclkeler \u00fczerinde hissedildi\u011fini her zaman dile getiriyoruz. COP27\u2019de bir ilk ger\u00e7ekle\u015ftirilerek iklim krizi kaynakl\u0131 do\u011fal afetlerden zarar g\u00f6ren \u00fclkelere \u00f6deme sa\u011flanmas\u0131 i\u00e7in bir Kay\u0131p ve Zarar Fonu kurulmas\u0131 karar\u0131 al\u0131nd\u0131. Bu karar iklim adaletinin sa\u011flanmas\u0131 ad\u0131na bug\u00fcne dek at\u0131lan en \u00f6nemli ad\u0131mlardan biridir.<\/p>\n<p>Ukrayna-Rusya sava\u015f\u0131n\u0131n neden oldu\u011fu b\u00fcy\u00fck enerji krizleri nedeniyle Avrupa \u00fclkelerinin fosil yak\u0131t kullan\u0131m\u0131n\u0131 g\u00fcndeme almas\u0131 COP27 \u00f6ncesi toplumda en \u00e7ok kritik edilen konular aras\u0131ndayd\u0131. Beklendi\u011fi \u00fczere nihai COP27 anla\u015fmas\u0131nda hem daha iddial\u0131 ulusal hedefler belirlemede hem de fosil yak\u0131tlar\u0131n kullan\u0131m\u0131n\u0131 azaltarak iklime zarar veren emisyonlar\u0131 dizginlemede yetersiz kald\u0131.<\/p>\n<p>COP27\u2019de finans d\u00fcnyas\u0131 maalesef, \u00fclkelerin karbon emisyonlar\u0131n\u0131 azaltmalar\u0131na ve ekonomilerini k\u00fcresel \u0131s\u0131nman\u0131n yol a\u00e7t\u0131\u011f\u0131 de\u011fi\u015fikliklere uyarlamalar\u0131na yard\u0131mc\u0131 olacak yeterli finansman\u0131 sa\u011flayamad\u0131. Bu finansman\u0131n nas\u0131l sa\u011flanaca\u011f\u0131 konusu hala bir soru i\u015fareti. Ancak 2024&#8217;te, geli\u015fmekte olan \u00fclkelerin ihtiya\u00e7lar\u0131 dikkate al\u0131narak, \u2018iklim finansman\u0131 konusunda yeni bir say\u0131sal hedef\u2019 belirlenmesi y\u00f6n\u00fcnde m\u00fczakereler ger\u00e7ekle\u015ftirilmesi bu alanda bir de\u011fi\u015fim olaca\u011f\u0131n\u0131 i\u015faret ediyor. D\u00fcnya Bankas\u0131 gibi \u00f6nde gelen kurumlar\u0131n daha fazla risk alabilmeleri ve daha fazla bor\u00e7 verebilmeleri i\u00e7in reform yapma planlar\u0131 da zirvede \u00f6ne \u00e7\u0131kan konular aras\u0131nda yer ald\u0131. Dolay\u0131s\u0131yla daha fazla nakdin serbest b\u0131rak\u0131lmas\u0131 gelecek olas\u0131 aksiyonlar aras\u0131nda yer al\u0131yor diyebiliriz.\u201d<\/p>\n<h3><strong>Sivil Toplum, \u0130\u015f D\u00fcnyas\u0131 ve Kamu \u0130\u015f Birli\u011fi T\u00fcrkiye\u2019nin Hedeflerine Ula\u015fmas\u0131na H\u0131z Kazand\u0131r\u0131r<\/strong><\/h3>\n<p>\u0130\u015f d\u00fcnyas\u0131n\u0131n s\u00fcrd\u00fcr\u00fclebilirlik alan\u0131nda \u00f6nc\u00fc STK\u2019s\u0131 olarak COP27\u2019yi yerinde takip eden SKD T\u00fcrkiye iklim de\u011fi\u015fikli\u011fi ile m\u00fccadelede T\u00fcrkiye\u2019nin yol haritas\u0131n\u0131n ana unsurlar\u0131ndan olan d\u00f6ng\u00fcsel ekonomi alan\u0131nda yapt\u0131\u011f\u0131 \u00e7al\u0131\u015fmalar i\u00e7in COP27\u2019de iki panel ger\u00e7ekle\u015ftirdi. <strong>Ebru Dildar Edin<\/strong> COP27\u2019de a\u00e7\u0131klanan g\u00fcncellenmi\u015f Ulusal Katk\u0131 Beyan\u0131\u2019n\u0131 \u015fu \u015fekilde de\u011ferlendirdi:<\/p>\n<p>\u201cT\u00fcrkiye&#8217;nin g\u00fcncellenmi\u015f Ulusal Katk\u0131 Beyan\u0131na g\u00f6re emisyon azalt\u0131m hedefi 2030&#8217;a kadar %21&#8217;den %41&#8217;e \u00e7\u0131kar\u0131ld\u0131 ve emisyon pik tarihi 2038 y\u0131l\u0131 olarak belirlendi. Y\u00fczde 41 art\u0131\u015ftan azalt\u0131m, 2020 seviyesine g\u00f6re y\u00fczde 33 art\u0131\u015f anlam\u0131na geliyor. Bu revize, T\u00fcrkiye\u2019nin 2053 net s\u0131f\u0131r emisyon hedefine ula\u015fmas\u0131n\u0131n maliyetini de art\u0131racak.<\/p>\n<p>Ye\u015fil d\u00f6n\u00fc\u015f\u00fcm\u00fcn ekonomik anlamda \u00fclkemiz ve \u015firketlerimiz i\u00e7in \u00e7ok \u00f6nemli f\u0131rsatlar bar\u0131nd\u0131rd\u0131\u011f\u0131n\u0131 biliyoruz. Bununla birlikte gelinen noktada ye\u015fil d\u00f6n\u00fc\u015f\u00fcm\u00fcn\u00fcn h\u0131z\u0131n\u0131n daha da art\u0131r\u0131lmas\u0131 gerekiyor. \u00d6zellikle ye\u015fil d\u00f6n\u00fc\u015f\u00fcm\u00fcn geli\u015fen teknoloji ve inovasyonla yakalanabilece\u011fini COP27\u2019de \u00fclkeler taraf\u0131ndan yap\u0131lan payla\u015f\u0131mlarda g\u00f6rd\u00fck. T\u00fcrkiye\u2019nin de \u00f6n\u00fcm\u00fczdeki y\u0131l COP28\u2019de ye\u015fil d\u00f6n\u00fc\u015f\u00fcmde yapt\u0131\u011f\u0131 inovatif uygulamalar\u0131n\u0131 daha \u00e7ok dinlemekten mutlu olaca\u011f\u0131z.<\/p>\n<p>S\u00fcrd\u00fcr\u00fclebilir kalk\u0131nmada stratejik \u00f6nem ta\u015f\u0131yan konularda mevcutla yetinmeyerek yarat\u0131c\u0131 ve yap\u0131sal \u00e7\u00f6z\u00fcmleri ortaya koymak gerekti\u011fi ortada. STK, i\u015f d\u00fcnyas\u0131 ve kamunun i\u015f birli\u011fi i\u00e7erisinde \u00e7al\u0131\u015fmas\u0131n\u0131n \u00f6nemi \u015fimdi daha da artt\u0131. SKD T\u00fcrkiye olarak, T\u00fcrkiye\u2019nin ye\u015fil d\u00f6n\u00fc\u015f\u00fcm yolculu\u011funda d\u00f6ng\u00fcsel ekonomide ger\u00e7ek potansiyeline ula\u015fmas\u0131 ve \u015firketlerin net s\u0131f\u0131r emisyon ve do\u011fa-pozitif hedeflerini yakalamalar\u0131 i\u00e7in, i\u015f d\u00fcnyas\u0131n\u0131 kolektif \u015fekilde aksiyona ge\u00e7irmeye devam edece\u011fiz.\u201d<\/p>","protected":false},"excerpt":{"rendered":"<p>Sorry, this entry is only available in Turkish. For the sake of viewer convenience, the content is shown below in the alternative language. You may click the link to switch the active language. 27. Taraflar Konferans\u0131 (COP27) geli\u015fmekte olan \u00fclkelere finansman deste\u011fi sa\u011flanmas\u0131 i\u00e7in \u201cKay\u0131p ve Zarar Fonu\u201d kurulmas\u0131 karar\u0131 ile sona erdi. SKD T\u00fcrkiye [&hellip;]<\/p>\n","protected":false},"author":1,"featured_media":164127,"comment_status":"open","ping_status":"open","sticky":false,"template":"","format":"standard","meta":[],"categories":[53,52],"tags":[105701,43836,106419,1296],"views":47,"_links":{"self":[{"href":"https:\/\/www.enerjigazetesi.ist\/en\/wp-json\/wp\/v2\/posts\/164122"}],"collection":[{"href":"https:\/\/www.enerjigazetesi.ist\/en\/wp-json\/wp\/v2\/posts"}],"about":[{"href":"https:\/\/www.enerjigazetesi.ist\/en\/wp-json\/wp\/v2\/types\/post"}],"author":[{"embeddable":true,"href":"https:\/\/www.enerjigazetesi.ist\/en\/wp-json\/wp\/v2\/users\/1"}],"replies":[{"embeddable":true,"href":"https:\/\/www.enerjigazetesi.ist\/en\/wp-json\/wp\/v2\/comments?post=164122"}],"version-history":[{"count":0,"href":"https:\/\/www.enerjigazetesi.ist\/en\/wp-json\/wp\/v2\/posts\/164122\/revisions"}],"wp:featuredmedia":[{"embeddable":true,"href":"https:\/\/www.enerjigazetesi.ist\/en\/wp-json\/wp\/v2\/media\/164127"}],"wp:attachment":[{"href":"https:\/\/www.enerjigazetesi.ist\/en\/wp-json\/wp\/v2\/media?parent=164122"}],"wp:term":[{"taxonomy":"category","embeddable":true,"href":"https:\/\/www.enerjigazetesi.ist\/en\/wp-json\/wp\/v2\/categories?post=164122"},{"taxonomy":"post_tag","embeddable":true,"href":"https:\/\/www.enerjigazetesi.ist\/en\/wp-json\/wp\/v2\/tags?post=164122"}],"curies":[{"name":"wp","href":"https:\/\/api.w.org\/{rel}","templated":true}]}}