{"id":16412,"date":"2013-10-11T09:59:56","date_gmt":"2013-10-11T06:59:56","guid":{"rendered":"https:\/\/www.enerjigazetesi.ist\/?p=16412"},"modified":"2013-10-11T09:59:56","modified_gmt":"2013-10-11T06:59:56","slug":"ap-kaya-gazi-aramak-ve-cikarmak-icin-ced-raporu-gerekir","status":"publish","type":"post","link":"https:\/\/www.enerjigazetesi.ist\/en\/ap-kaya-gazi-aramak-ve-cikarmak-icin-ced-raporu-gerekir\/","title":{"rendered":"(Turkish) AP: Kaya Gaz\u0131 Aramak Ve \u00c7\u0131karmak \u0130\u00e7in \u00c7ED Raporu Gerekir&#8230;"},"content":{"rendered":"<p class=\"qtranxs-available-languages-message qtranxs-available-languages-message-en\">Sorry, this entry is only available in <a href=\"https:\/\/www.enerjigazetesi.ist\/tr\/wp-json\/wp\/v2\/posts\/16412\" class=\"qtranxs-available-language-link qtranxs-available-language-link-tr\" title=\"Turkish\">Turkish<\/a>. For the sake of viewer convenience, the content is shown below in the alternative language. You may click the link to switch the active language.<\/p><p><strong>Avrupa Parlamentosu, kaya gaz\u0131 \u00e7\u0131karmada kullan\u0131lan tart\u0131\u015fmal\u0131 \u2018hidrolik k\u0131rma\u2019 y\u00f6nteminin \u00e7evre etki de\u011ferlendirme (\u00c7ED) raporu gerektirdi\u011fi y\u00f6n\u00fcnde karar verdi. Ye\u015filler grubundan Frans\u0131z milletvekili Sandrine Belier, \u2018Petrol ve do\u011falgaz lobisi ve baz\u0131 \u00fcye \u00fclkelerin bask\u0131lar\u0131na ra\u011fmen kaya gaz\u0131 kaynaklar\u0131n\u0131n aranmas\u0131 ve \u00e7\u0131kar\u0131lmas\u0131, [\u00c7ED] raporu gerektirecek. Bu ger\u00e7ekten bir ilerleme\u2019 dedi.<a href=\"https:\/\/www.enerjigazetesi.ist\/wp-content\/uploads\/2013\/09\/hukumetin-enerjideki-yeni-hedefi-kaya-gazi.jpg\"><img loading=\"lazy\" class=\"alignright size-medium wp-image-15619\" title=\"kaya-gazi-uretimi\" src=\"https:\/\/www.enerjigazetesi.ist\/wp-content\/uploads\/2013\/09\/hukumetin-enerjideki-yeni-hedefi-kaya-gazi-300x209.jpg\" alt=\"\" width=\"300\" height=\"209\" srcset=\"https:\/\/www.enerjigazetesi.ist\/wp-content\/uploads\/2013\/09\/hukumetin-enerjideki-yeni-hedefi-kaya-gazi-300x209.jpg 300w, https:\/\/www.enerjigazetesi.ist\/wp-content\/uploads\/2013\/09\/hukumetin-enerjideki-yeni-hedefi-kaya-gazi-71x50.jpg 71w, https:\/\/www.enerjigazetesi.ist\/wp-content\/uploads\/2013\/09\/hukumetin-enerjideki-yeni-hedefi-kaya-gazi.jpg 470w\" sizes=\"(max-width: 300px) 100vw, 300px\" \/><\/a><\/strong><\/p>\n<p>\u0130lgili mevzuat\u0131 AB \u00fcyesi \u00fclkelerle m\u00fczakere edecek olan \u0130talyan milletvekili Andrea Zanoni, \u2018Hidrolik k\u0131rma endi\u015felere yol a\u00e7\u0131yor\u2019 dedi.<\/p>\n<p>Kaya gaz\u0131 \u00e7\u0131kar\u0131rken yer alt\u0131 tabakalar\u0131n\u0131 k\u0131rmak i\u00e7in y\u00fcksek bas\u0131n\u00e7l\u0131 su, kum ve kimyasallar uygulan\u0131yor.<\/p>\n<p>\u00c7evreciler, bu y\u00f6ntemin yeralt\u0131 sular\u0131nda kirlilikten tektonik hareketlere kadar pek \u00e7ok sak\u0131ncas\u0131 bulundu\u011funu savunuyor.<\/p>\n<p>Avrupa Parlamentosu, b\u00fcy\u00fck yol ve k\u00f6pr\u00fc in\u015faat projelerinden at\u0131k y\u00f6netimine dek pek \u00e7ok alan\u0131 kapsayan 20 y\u0131ll\u0131k mevzuat\u0131n\u0131 g\u00fcncelliyor.<\/p>\n<p>Kaya gaz\u0131 \u00e7\u0131karman\u0131n nispeten yeni bir teknoloji olmas\u0131 sebebiyle hidrolik k\u0131rma, mevcut yasalar\u0131n d\u0131\u015f\u0131nda kal\u0131yor ve \u00c7ED raporu gerektirmiyordu.<\/p>\n<p>AP\u2019deki en b\u00fcy\u00fck grup olan merkez sa\u011f Avrupa Halk Partisi ise bu d\u00fczenlemelerin, ekonomik kriz d\u00f6neminde \u015firketlere ek y\u00fckler getirmekten ba\u015fka bir \u015feye yaramayaca\u011f\u0131n\u0131 savundu.<\/p>\n<p>Kaynak: <a href=\"http:\/\/enerjienstitusu.com\/2013\/10\/10\/ap-kaya-gazi-aramak-ve-cikarmak-icin-ced-raporu-gerekir\/\" target=\"_blank\">Enerji Enstit\u00fcs\u00fc<\/a><\/p>","protected":false},"excerpt":{"rendered":"<p>Sorry, this entry is only available in Turkish. For the sake of viewer convenience, the content is shown below in the alternative language. You may click the link to switch the active language.Avrupa Parlamentosu, kaya gaz\u0131 \u00e7\u0131karmada kullan\u0131lan tart\u0131\u015fmal\u0131 \u2018hidrolik k\u0131rma\u2019 y\u00f6nteminin \u00e7evre etki de\u011ferlendirme (\u00c7ED) raporu gerektirdi\u011fi y\u00f6n\u00fcnde karar verdi. Ye\u015filler grubundan Frans\u0131z milletvekili [&hellip;]<\/p>\n","protected":false},"author":1,"featured_media":15619,"comment_status":"open","ping_status":"open","sticky":false,"template":"","format":"standard","meta":[],"categories":[46,53],"tags":[9520,4594,2878,9522,63,67,1009,165,9521,9523,9058],"views":783,"_links":{"self":[{"href":"https:\/\/www.enerjigazetesi.ist\/en\/wp-json\/wp\/v2\/posts\/16412"}],"collection":[{"href":"https:\/\/www.enerjigazetesi.ist\/en\/wp-json\/wp\/v2\/posts"}],"about":[{"href":"https:\/\/www.enerjigazetesi.ist\/en\/wp-json\/wp\/v2\/types\/post"}],"author":[{"embeddable":true,"href":"https:\/\/www.enerjigazetesi.ist\/en\/wp-json\/wp\/v2\/users\/1"}],"replies":[{"embeddable":true,"href":"https:\/\/www.enerjigazetesi.ist\/en\/wp-json\/wp\/v2\/comments?post=16412"}],"version-history":[{"count":2,"href":"https:\/\/www.enerjigazetesi.ist\/en\/wp-json\/wp\/v2\/posts\/16412\/revisions"}],"predecessor-version":[{"id":16414,"href":"https:\/\/www.enerjigazetesi.ist\/en\/wp-json\/wp\/v2\/posts\/16412\/revisions\/16414"}],"wp:featuredmedia":[{"embeddable":true,"href":"https:\/\/www.enerjigazetesi.ist\/en\/wp-json\/wp\/v2\/media\/15619"}],"wp:attachment":[{"href":"https:\/\/www.enerjigazetesi.ist\/en\/wp-json\/wp\/v2\/media?parent=16412"}],"wp:term":[{"taxonomy":"category","embeddable":true,"href":"https:\/\/www.enerjigazetesi.ist\/en\/wp-json\/wp\/v2\/categories?post=16412"},{"taxonomy":"post_tag","embeddable":true,"href":"https:\/\/www.enerjigazetesi.ist\/en\/wp-json\/wp\/v2\/tags?post=16412"}],"curies":[{"name":"wp","href":"https:\/\/api.w.org\/{rel}","templated":true}]}}